{"id":100122,"date":"2022-12-16T07:48:31","date_gmt":"2022-12-16T13:48:31","guid":{"rendered":"https:\/\/lospoliticosveracruz.com.mx\/?p=100122"},"modified":"2022-12-16T07:48:40","modified_gmt":"2022-12-16T13:48:40","slug":"exclusiva-las-candidaturas-en-veracruz","status":"publish","type":"post","link":"https:\/\/lospoliticosveracruz.com.mx\/?p=100122","title":{"rendered":"EXCLUSIVA, LAS CANDIDATURAS EN VERACRUZ"},"content":{"rendered":"\n<p><strong>Ricardo Ch\u00faa<\/strong><\/p>\n\n\n\n<p><em>Sale y Vale<\/em><\/p>\n\n\n\n<p>El m\u00e1s famoso \u00abGarganta Profunda\u00bb de Veracruz, nos ha comentado de como los podr\u00eda quedar en la recta final entre todos los partidos pol\u00edticos en el poder y de oposici\u00f3n, las candidaturas para la elecci\u00f3n local y federal en 2024, que se van a desarrollar en la entidad.. Y sobre todo, quienes son los que est\u00e1n cerrando fuerte para ser los aspirantes oficiales de la alianzas: MORENA-PVEM-PT&#8230; PAN-PRI-PRD y Movimiento Ciudadano, si es que este va solo&#8230;\u00a0<\/p>\n\n\n\n<figure class=\"wp-block-image size-full\"><a href=\"https:\/\/lospoliticosveracruz.com.mx\/wp-content\/uploads\/2022\/05\/Seguro-Julio-Cerecedo.jpg\"><img decoding=\"async\" src=\"https:\/\/lospoliticosveracruz.com.mx\/wp-content\/uploads\/2022\/05\/Seguro-Julio-Cerecedo.jpg\" alt=\"\" class=\"wp-image-90414\"\/><\/a><\/figure>\n\n\n\n<p>Nos cuenta \u00abGarganta Profunda\u00bb que hasta el momento, se dice que hay tendencia dentro de la alianza MORENA-PVEM-PT para que los posibles candidatos a gobernador sean: Sergio Guti\u00e9rrez Luna, diputado federal; Roc\u00edo Nahle, secretaria de Energ\u00eda del gobierno federal y Zenyazen Escobar Garc\u00eda, secretario de Educaci\u00f3n de Veracruz&#8230; Son los que por una u otra causa son tomados en cuenta en esta coalici\u00f3n \u0301.. Pero si algo grave llegar\u00e1 ocurrir por MORENA, uno de los \u00abemergentes\u00bb ser\u00eda Javier Herrera Borunda, del PVEM&#8230; NO HAY M\u00c1S&#8230;&nbsp;<\/p>\n\n\n\n<p>Mientras que por la oposici\u00f3n del PAN-PRI-PRD&#8230; Se tiene considerado a 4 personajes para la gubernatura: Julen Rementeria, senador panista; Patricia Lobeira Rodr\u00edguez, alcaldesa de Veracruz puerto, Juan Manuel D\u00edez Franco, alcalde de Orizaba o Jos\u00e9 Francisco Yunes Zorrilla, diputado federal priista&#8230; Y posiblemente una m\u00e1s que ser\u00eda Anil\u00fa Ingram, diputada local del PRI&#8230; Pero esto ser\u00eda si las condiciones o el tema de equidad y g\u00e9nero lo hacen necesario&#8230;.<\/p>\n\n\n\n<p>Sobre el tema de Movimiento Ciudadano.. Se dice que tienen en la mente al priista, H\u00e9ctor Yunes Landa, que est\u00e1 siendo tentado por MC&#8230; Y la diputada local, Ivonne Trujillo, la cual se rumora que tiene mucha cercan\u00eda con MORENA, pero por el tema de equidad no queda de otra&#8230; Sin embargo, \u00abGarganta Profunda\u00bb se\u00f1ala que eso solo son distractores para \u00abocultar\u00bb al verdadero candidato de MC desde hace 40 a\u00f1os: Dante Delgado&#8230; Ah\u00ed en ese partido, es como Andr\u00e9s Manuel L\u00f3pez Obrador, es \u00e9l y s\u00f3lo \u00e9l&#8230; \u00bfHay dudas al respecto?&#8230;<\/p>\n\n\n\n<p>Pero lo que si nos deduce \u00abGarganta Profunda\u00bb que estos personajes son los que van en primer lugar de estas coaliciones partidistas para ser tomados en cuenta como aspirantes&#8230; S\u00f3lo hace falta que lo hagan oficial&#8230; Ya que en el caso de H\u00e9ctor Yunes, se puede decir que est\u00e1 muy cercano&#8230; Ya que ha tenido varias reuniones con Dante Delgado y MC&#8230; Y que por lo menos al Senado, ha dicho que si.. Pero que para que todo lo anterior se de, s\u00f3lo est\u00e1n a la espera de los resultados en el Estado de M\u00e9xico y Coahuila que ser\u00e1n en este 2023&#8230;&nbsp;<\/p>\n\n\n\n<p>El fuerte rumor dentro del PAN&#8230; Es que se buscar\u00e1 tener un candidato de unidad&#8230; Ya que es probablemente el partido que encabece con su aspirante oficial a la alianza opositora en Veracruz&#8230;&nbsp;&nbsp;Pero todav\u00eda a\u00fan no se sabe a ciencia cierta, si alg\u00fan miembro del clan de \u00abLos Yunes Azules\u00bb participar\u00e1 en este proceso interno para el 2024&#8230; Pero la que s\u00ed se ve muy posicionada en su labor y como panista, es la alcaldesa del puerto de Veracruz, qui\u00e9n podr\u00eda entrar como aspirante por lo menos al Senado de la Rep\u00fablica en su primera f\u00f3rmula&#8230;<\/p>\n\n\n\n<p>Mientras que Fernando Yunes M\u00e1rquez, el ex alcalde de Veracruz, podr\u00eda ocupar una posici\u00f3n de la lista plurinominal a la c\u00e1mara de diputados federales.. Una posici\u00f3n que les pertenece y que tienen la fuerza necesaria en el comit\u00e9 nacional para lograr quedarse con ese esca\u00f1o, ahora en poder de Carlos Valenzuela&#8230; Hasta se puede decir, que su hermano, Miguel \u00c1ngel Yunes M\u00e1rquez, podr\u00eda ir por el distrito de Boca del R\u00edo a buscar este mismo cargo de elecci\u00f3n popular o la diputaci\u00f3n local para darle m\u00e1s votos a la alianza opositora..<\/p>\n\n\n\n<p>Una m\u00e1s de la oposici\u00f3n puede ser&#8230; Que al Senado vayan juntas por la alianza&#8230; Anil\u00fa Ingram y Patricia Lobeira.. Llevando de suplente a Belem Fern\u00e1ndez del Puerto y Marijose Gamboa&#8230; Otra puede ser Marl\u00f3n Ram\u00edrez-Fernando Kuri con Patricia Lobeira-Marijose Gamboa&#8230; Una m\u00e1s puede ser Patricia Lobeira con Juan Manuel D\u00edez Francos al Senado por la alianza&#8230; Llevando de suplente a Marijose Gamboa y Anil\u00fa Ingram&#8230; Todo es cuesti\u00f3n de esperar y ver como se acomodan&#8230;&nbsp;<\/p>\n\n\n\n<p>Pero en las diputaciones federales o locales en Veracruz&#8230; Es ah\u00ed donde estar\u00e1 bueno para la oposici\u00f3n y para MORENA porque en estos espacios podr\u00edan caber todos aquellos personajes que necesitan de aliados para que estas coaliciones puedan caminar, sin ning\u00fan problema en la entidad&#8230; C\u00f3mo hay mucho por donde repartir&#8230; Nadie se podr\u00eda sentir \u00ababandonado\u00bb por tal o cual partido&#8230; Insistimos, s\u00f3lo es cuesti\u00f3n, que se sienten y se pongan de acuerdo&#8230;&nbsp;<\/p>\n\n\n\n<p>OJO&#8230; Lo que \u00abGarganta Profunda\u00bb nos confirm\u00f3 es que de acuerdo a los datos en su poder&#8230; Al menos, en la elecci\u00f3n local en Veracruz, los partidos pol\u00edticos de oposici\u00f3n se podr\u00edan repartir de la siguiente manera los 30 distritos electorales para encabezar la alianza: 16 para el PAN, 10 para el PRI y 4 para el PRD&#8230; Mientras que los partidos en el poder, podr\u00edan quedar as\u00ed: 24 para MORENA, 3 para el PT y 3 para el PVEM&#8230; NO HAY DE OTRA&#8230;&nbsp;&nbsp;<\/p>\n\n\n\n<p>En cuanto a la elecci\u00f3n federal en Veracruz para el 2024 y que se llevar\u00e1 a cabo en 18 distritos federales electorales&#8230; Para la oposici\u00f3n quedar\u00edan repartidos de la siguiente forma: 14 para el PAN, 4 para el PRI y 1 para el PRD&#8230; As\u00ed la jugar\u00eda esa coalici\u00f3n.. Mientras que la de partidos en el poder, podr\u00eda estar as\u00ed: 15 ser\u00edan para Morena; 2 para el PVEM y 2 para el PT.. As\u00ed se enfrentar\u00edan estos escenarios locales y federales en el proceso electoral que se llevar\u00e1 a cabo en esta entidad&#8230; \u00bfHACEN SUS APUESTAS?&#8230;&nbsp;<\/p>\n\n\n\n<p>PD&#8230; Obvio este escenario presentado por \u00abGarganta Profunda\u00bb es el ideal para la oposici\u00f3n y partidos en el gobierno&#8230; No tendr\u00edan problemas en la repartici\u00f3n de candidaturas y se preparan para enfrentar este proceso en Veracruz, sin conflicto alguno.. Pero como todo en la vida hay un \u00abpero\u00bb&#8230; Hay que esperar cuales contratiempos pudieran existir de aqu\u00ed al 2024 y saber finalmente, si Movimiento Ciudadano hace alianza en la elecci\u00f3n local en Veracruz o la \u00abjuega\u00bb solo como dice ir\u00e1 en la elecci\u00f3n federal.. TAN.. TAN..<\/p>\n","protected":false},"excerpt":{"rendered":"<p>Ricardo Ch\u00faa Sale y Vale El m\u00e1s famoso \u00abGarganta Profunda\u00bb de Veracruz, nos ha comentado de como los podr\u00eda quedar en la recta final entre todos los partidos pol\u00edticos en el poder y de oposici\u00f3n, las candidaturas para la elecci\u00f3n local y federal en 2024, que se van a desarrollar en la entidad.. Y sobre [&hellip;]<\/p>\n","protected":false},"author":2,"featured_media":0,"comment_status":"closed","ping_status":"closed","sticky":false,"template":"","format":"standard","meta":{"_jetpack_newsletter_access":"","_jetpack_dont_email_post_to_subs":false,"_jetpack_newsletter_tier_id":0,"_jetpack_memberships_contains_paywalled_content":false,"_jetpack_memberships_contains_paid_content":false,"footnotes":""},"categories":[70],"tags":[13134,1124,1846,36356,30297,1026,26116,2327,266,28179,251,13604,3578,16147,12372],"class_list":["post-100122","post","type-post","status-publish","format-standard","hentry","category-de-opinion","tag-ivonne-trujillo","tag-javier-herrera-borunda","tag-jose-francisco-yunes-zorrilla","tag-juan-manuel-diez-franco-2","tag-julen-rementeria-2","tag-morena","tag-morena-pvem-pt","tag-movimiento-ciudadano","tag-pan","tag-patricia-lobeira-rodriguez","tag-pri","tag-ricardo-chua","tag-rocio-nahle","tag-sergio-gutierrez-luna","tag-zenyazen-escobar-garcia"],"jetpack_featured_media_url":"","jetpack_sharing_enabled":true,"jetpack_shortlink":"https:\/\/wp.me\/p4Qcd3-q2S","_links":{"self":[{"href":"https:\/\/lospoliticosveracruz.com.mx\/index.php?rest_route=\/wp\/v2\/posts\/100122","targetHints":{"allow":["GET"]}}],"collection":[{"href":"https:\/\/lospoliticosveracruz.com.mx\/index.php?rest_route=\/wp\/v2\/posts"}],"about":[{"href":"https:\/\/lospoliticosveracruz.com.mx\/index.php?rest_route=\/wp\/v2\/types\/post"}],"author":[{"embeddable":true,"href":"https:\/\/lospoliticosveracruz.com.mx\/index.php?rest_route=\/wp\/v2\/users\/2"}],"replies":[{"embeddable":true,"href":"https:\/\/lospoliticosveracruz.com.mx\/index.php?rest_route=%2Fwp%2Fv2%2Fcomments&post=100122"}],"version-history":[{"count":1,"href":"https:\/\/lospoliticosveracruz.com.mx\/index.php?rest_route=\/wp\/v2\/posts\/100122\/revisions"}],"predecessor-version":[{"id":100124,"href":"https:\/\/lospoliticosveracruz.com.mx\/index.php?rest_route=\/wp\/v2\/posts\/100122\/revisions\/100124"}],"wp:attachment":[{"href":"https:\/\/lospoliticosveracruz.com.mx\/index.php?rest_route=%2Fwp%2Fv2%2Fmedia&parent=100122"}],"wp:term":[{"taxonomy":"category","embeddable":true,"href":"https:\/\/lospoliticosveracruz.com.mx\/index.php?rest_route=%2Fwp%2Fv2%2Fcategories&post=100122"},{"taxonomy":"post_tag","embeddable":true,"href":"https:\/\/lospoliticosveracruz.com.mx\/index.php?rest_route=%2Fwp%2Fv2%2Ftags&post=100122"}],"curies":[{"name":"wp","href":"https:\/\/api.w.org\/{rel}","templated":true}]}}