{"id":100179,"date":"2022-12-17T08:47:55","date_gmt":"2022-12-17T14:47:55","guid":{"rendered":"https:\/\/lospoliticosveracruz.com.mx\/?p=100179"},"modified":"2022-12-17T08:48:02","modified_gmt":"2022-12-17T14:48:02","slug":"monreal-y-cuitlahuac-de-nuevo","status":"publish","type":"post","link":"https:\/\/lospoliticosveracruz.com.mx\/?p=100179","title":{"rendered":"MONREAL Y CUITL\u00c1HUAC, \u00bfDE NUEVO?"},"content":{"rendered":"\n<p><strong>Ricardo Ch\u00faa<\/strong><\/p>\n\n\n\n<p><em>Sale y Vale<\/em><\/p>\n\n\n\n<p>Despu\u00e9s que se dice que Ricardo Monreal, senador y coordinador de la bancada de MORENA en la c\u00e1mara alta del Congreso de la Uni\u00f3n, ser\u00eda el PLAN B del Presidente, Andr\u00e9s Manuel L\u00f3pez Obrador, para \u00abnegociar\u00bb como hizo en su momento, Enrique Pe\u00f1a Nieto, entregar \u00abpactada\u00bb la Presidencia de M\u00e9xico a un pol\u00edtico de la oposici\u00f3n y que no proceda penalmente en su contra en 2024 cuando deje el gobierno federal&#8230; M\u00e1s si ve que MORENA puede perder la elecci\u00f3n presidencial.. Monreal ser\u00eda el indicado<\/p>\n\n\n\n<figure class=\"wp-block-image size-full\"><a href=\"https:\/\/lospoliticosveracruz.com.mx\/wp-content\/uploads\/2022\/05\/Seguro-Julio-Cerecedo.jpg\"><img decoding=\"async\" src=\"https:\/\/lospoliticosveracruz.com.mx\/wp-content\/uploads\/2022\/05\/Seguro-Julio-Cerecedo.jpg\" alt=\"\" class=\"wp-image-90414\"\/><\/a><\/figure>\n\n\n\n<p>Ya que el zacatecano con eso podr\u00eda convertirse en el candidato de la oposici\u00f3n a la Presidencia de M\u00e9xico.. Y que de ganar la elecci\u00f3n federal en 2024 y tomar protesta en Octubre como se tiene pensado de ese a\u00f1o&#8230; Al entregar la banda presidencial, L\u00f3pez Obrador podr\u00e1 irse tranquilamente a Chiapas, retirado de la vida pol\u00edtica y p\u00fablica del pa\u00eds, tal cual como lo hizo Enrique Pe\u00f1a Nieto en 2018 cuando se divorci\u00f3 de Angelica Rivera y se fue a vivir a Espa\u00f1a&#8230; Lugar donde reside, sin ser molestado para nada.. Como pasa con Felipe Calder\u00f3n&#8230;<\/p>\n\n\n\n<p>Pero de darse ese escenario&#8230; Qu\u00e9 pasar\u00eda con los pol\u00edticos que mantuvieron conflictos por muchos a\u00f1os con Monreal \u00c1vila&#8230; Pese a que los grupos radicales de MORENA pueden minimizar el tema y gobernadores como Cuitl\u00e1huac Garc\u00eda en Veracruz, no le den importancia por sentir que con Claudia Sheinbaum, van en \u00abcaballo de hacienda\u00bb a la Presidencia del 2024&#8230; Si L\u00f3pez Obrador cambia de idea como sucedi\u00f3 hace d\u00edas en Coahuila, muchos de estos personajes tendr\u00e1n problemas pol\u00edticos a partir del 2024&#8230;<\/p>\n\n\n\n<p>Lo de Monreal \u00c1vila hace evidente que MORENA se est\u00e1 empezando a \u00abFRACTURAR\u00bb y que el Presidente se est\u00e1 dando cuenta, que le puede ocurrir una situaci\u00f3n similar a la que ocurri\u00f3 con Pe\u00f1a Nieto y Jos\u00e9 Antonio Meade en 2018, que al ver los n\u00fameros que no le daban para ganar, por lo que quiso pactar con el PAN y Ricardo Anaya, pero este al decir que lo meter\u00eda a la c\u00e1rcel cuando llegara a la Presidencia&#8230; EPN busc\u00f3 a AMLO y al final, sucedi\u00f3 lo que todos sabemos.. Lo mismo podr\u00eda pasar con Monreal y la oposici\u00f3n&#8230; L\u00f3pez se las deja y pacta&#8230;<\/p>\n\n\n\n<p>Si bien es cierto, en este momento, los n\u00fameros de MORENA en M\u00e9xico le dan para ganar la Presidencia y tambi\u00e9n en Veracruz, para retener la gubernatura.. Qu\u00e9 pasar\u00e1 si \u00abfracturados\u00bb y con Monreal al frente, la oposici\u00f3n les gana la Presidencia de este pa\u00eds.. El problema para estos pr\u00f3ximos gobernantes estatales de MORENA ser\u00e1 que podr\u00e1n tener los poderes ejecutivos,&nbsp;&nbsp;pero los congresos federales y estatales, la Presidencia de M\u00e9xico junto con los ayuntamientos NO&#8230;&nbsp;<\/p>\n\n\n\n<p>As\u00ed que el hecho que Ricardo Monreal desde el Senado haya dicho en su momento que el gobernador de Veracruz, Cuitl\u00e1huac Garc\u00eda Jim\u00e9nez, es un \u00abmandatario arbitrario, desconocedor de la ley e incongruente\u00bb.. Ese ataque significa una \u00abllamada de atenci\u00f3n\u00bb a Andr\u00e9s Manuel L\u00f3pez Obrador y al propio gobernador veracruzano&#8230; De que las cosas pueden cambiar en el espectro pol\u00edtico de M\u00e9xico en 2022 y las cosas no le ser\u00e1n f\u00e1ciles para Cuitl\u00e1huac y su sucesi\u00f3n estatal en Veracruz&#8230;&nbsp;<\/p>\n\n\n\n<p>Hay que recordar, que siempre cuando Monreal quiere&nbsp;&nbsp;\u00absometer\u00bb a L\u00f3pez Obrador desde el Senado, como ocurri\u00f3 en 2020 y 2021&#8230;.El zacatecano \u00abnegocia\u00bb con el Presidente&#8230; Lo cual hace que se quede con candidaturas y en una de esas le NEGOCIA&nbsp;&nbsp;la de Veracruz&#8230; Para no provocar un \u00abcisma\u00bb pol\u00edtico y legislativo desde el Senado&#8230; Veracruz a cambio&#8230; Cosa que no es nada despreciable, mientras \u00e9l se vuelve candidato Presidencial de la oposici\u00f3n a MORENA&#8230; Sergio Guti\u00e9rrez y Ricardo Ahued, lo saben&#8230;&nbsp;<\/p>\n\n\n\n<p>Al final, Monreal \u00abnegociando\u00bb Veracruz para el 2024, lo m\u00e1s probable que se las ceda a cualquiera de MORENA o PVEM (Javier Herrera Borunda)&#8230; Menos a Cuitl\u00e1huac Garc\u00eda o a su grupo pol\u00edtico&#8230; Todo esto, que est\u00e1 sucediendo hoy al interior de MORENA&#8230; Se qued\u00f3 con Coahuila para su amigo y aliado: Armando Guadiana&#8230; Y se puede quedar con algo de ese \u00abpastel\u00bb de MORENA en el sureste mexicano para \u00e9l&#8230; A poco creen que no se va a \u00abvengar\u00bb si logra el poder Presidencial..<\/p>\n\n\n\n<p>Tambi\u00e9n hay que darse cuenta, que Cuitl\u00e1huac Garc\u00eda&#8230; No anda en el \u00e1nimo Presidencial&#8230;&nbsp;&nbsp;Sobre todo porque van a tener que protegerlo pol\u00edticamente y lo har\u00e1n Senador&#8230; Por ello, Monreal sabe que con estas situaciones, tiene la \u00absart\u00e9n en sus manos\u00bb&#8230; L\u00f3pez Obrador le tiene que ceder espacios porque sus gobernadores y operadores pol\u00edticos, no le funcionan.. Y si le \u00abCEDEN\u00bb Veracruz&#8230; El zacatecano vetar\u00eda y dar\u00eda el \u00abvisto bueno\u00bb a Sergio Guti\u00e9rrez&nbsp;&nbsp;o Ricardo Ahued&#8230; De ellos dos saldr\u00eda el 2024&#8230;<\/p>\n\n\n\n<p>Sin embargo, esto pasar\u00eda porque Cuitl\u00e1huac cada d\u00eda acumula negativos y muy probablemente no termine su gesti\u00f3n estatal&#8230; AMLO lo llevar\u00eda al Senado si la situaci\u00f3n lo amerita lo hacen plurinominal.. El gobernador ya lo anunci\u00f3, que estar\u00eda dispuesto a irse.. S\u00f3lo habr\u00e1 que saber quienes ser\u00e1n los \u00abfinalistas\u00bb de las candidaturas de partidos.. EN RESUMEN.. Monreal mueve piezas y aun as\u00ed Cuitl\u00e1huac sigue \u00abjugandola\u00bb con Claudia Sheinbaum&#8230; Le falt\u00f3 aprender \u00abpragmatismo\u00bb pol\u00edtico&#8230; AMEN<\/p>\n","protected":false},"excerpt":{"rendered":"<p>Ricardo Ch\u00faa Sale y Vale Despu\u00e9s que se dice que Ricardo Monreal, senador y coordinador de la bancada de MORENA en la c\u00e1mara alta del Congreso de la Uni\u00f3n, ser\u00eda el PLAN B del Presidente, Andr\u00e9s Manuel L\u00f3pez Obrador, para \u00abnegociar\u00bb como hizo en su momento, Enrique Pe\u00f1a Nieto, entregar \u00abpactada\u00bb la Presidencia de M\u00e9xico [&hellip;]<\/p>\n","protected":false},"author":2,"featured_media":0,"comment_status":"closed","ping_status":"closed","sticky":false,"template":"","format":"standard","meta":{"_jetpack_newsletter_access":"","_jetpack_dont_email_post_to_subs":false,"_jetpack_newsletter_tier_id":0,"_jetpack_memberships_contains_paywalled_content":false,"_jetpack_memberships_contains_paid_content":false,"footnotes":""},"categories":[70],"tags":[618,1563,1026,2812,13604,10353,16147],"class_list":["post-100179","post","type-post","status-publish","format-standard","hentry","category-de-opinion","tag-andres-manuel-lopez-obrador","tag-cuitlahuac-garcia-jimenez","tag-morena","tag-ricardo-ahued-bardahuil","tag-ricardo-chua","tag-ricardo-monreal","tag-sergio-gutierrez-luna"],"jetpack_featured_media_url":"","jetpack_sharing_enabled":true,"jetpack_shortlink":"https:\/\/wp.me\/p4Qcd3-q3N","_links":{"self":[{"href":"https:\/\/lospoliticosveracruz.com.mx\/index.php?rest_route=\/wp\/v2\/posts\/100179","targetHints":{"allow":["GET"]}}],"collection":[{"href":"https:\/\/lospoliticosveracruz.com.mx\/index.php?rest_route=\/wp\/v2\/posts"}],"about":[{"href":"https:\/\/lospoliticosveracruz.com.mx\/index.php?rest_route=\/wp\/v2\/types\/post"}],"author":[{"embeddable":true,"href":"https:\/\/lospoliticosveracruz.com.mx\/index.php?rest_route=\/wp\/v2\/users\/2"}],"replies":[{"embeddable":true,"href":"https:\/\/lospoliticosveracruz.com.mx\/index.php?rest_route=%2Fwp%2Fv2%2Fcomments&post=100179"}],"version-history":[{"count":1,"href":"https:\/\/lospoliticosveracruz.com.mx\/index.php?rest_route=\/wp\/v2\/posts\/100179\/revisions"}],"predecessor-version":[{"id":100181,"href":"https:\/\/lospoliticosveracruz.com.mx\/index.php?rest_route=\/wp\/v2\/posts\/100179\/revisions\/100181"}],"wp:attachment":[{"href":"https:\/\/lospoliticosveracruz.com.mx\/index.php?rest_route=%2Fwp%2Fv2%2Fmedia&parent=100179"}],"wp:term":[{"taxonomy":"category","embeddable":true,"href":"https:\/\/lospoliticosveracruz.com.mx\/index.php?rest_route=%2Fwp%2Fv2%2Fcategories&post=100179"},{"taxonomy":"post_tag","embeddable":true,"href":"https:\/\/lospoliticosveracruz.com.mx\/index.php?rest_route=%2Fwp%2Fv2%2Ftags&post=100179"}],"curies":[{"name":"wp","href":"https:\/\/api.w.org\/{rel}","templated":true}]}}