{"id":100466,"date":"2022-12-27T10:20:07","date_gmt":"2022-12-27T16:20:07","guid":{"rendered":"https:\/\/lospoliticosveracruz.com.mx\/?p=100466"},"modified":"2022-12-27T10:20:12","modified_gmt":"2022-12-27T16:20:12","slug":"entre-el-dique-y-xallitic-a-quien-le-vas","status":"publish","type":"post","link":"https:\/\/lospoliticosveracruz.com.mx\/?p=100466","title":{"rendered":"ENTRE EL DIQUE Y XALLITIC, A QUI\u00c9N LE VAS?"},"content":{"rendered":"\n<p><strong>Karla M\u00e9ndez<\/strong><\/p>\n\n\n\n<p>Xalapa, Ver.- El Barrio de Xallitic y el Barrio de El Dique en Xalapa, podr\u00edan ser uno de los lugares seleccionados para representar al estado de Veracruz en el nuevo proyecto de la Secretar\u00eda de Cultura Federal de \u00abBarrios M\u00e1gicos\u00bb, el cual se definir\u00e1 a principios del 2023.&nbsp;<\/p>\n\n\n\n<p>Al respecto, el titular de la Secretar\u00eda de Turismo y Cultura(SECTUR) Iv\u00e1n Mart\u00ednez Olvera, mencion\u00f3 que ya hay varios barrios que se apuntaron para firmar parte de esta lista de 31 barrios magicos por a\u00f1o, entre los que se encuentra Xalapa, Puerto de Veracruz, Papantla y Tuxpan.<\/p>\n\n\n\n<p>\u00abSer\u00e1 un barrio m\u00e1gico por estado, es similar a pueblos m\u00e1gicos se definir\u00e1 a principios de este a\u00f1o&#8230; Se han apuntado barrios de Xalapa, de Veracruz, de Papantla, de Tuxpan&#8230; Este 2023 un barrio m\u00e1gico por estado.\u00bb<\/p>\n\n\n\n<p>En ese sentido, Mart\u00ednez Olvera, explic\u00f3 que en esta ocasi\u00f3n los pueblos m\u00e1gicos pueden participar pero es m\u00e1s complicado, por los requisitos que se solicitan y la finalidad es dar oportunidad tambi\u00e9n a otros municipios.<\/p>\n\n\n\n<p>Entre los requisitos se encuentra la infraestructura adecuadas, conectividad cu\u00e1l, conectividad de internet, varias v\u00edas de comunicaci\u00f3n y electricidad, por lo que en el caso de Xalapa los ciudadanos propusieron el Barrio de Xallitic y el Barrio de El Dique.<\/p>\n\n\n\n<p>Aunque los ganadores se seleccionar\u00e1n a nivel nacional, el Barrio elegido no recibir\u00e1 apoyo monetario, sino habr\u00e1 promoci\u00f3n en todo el pa\u00eds para atraer m\u00e1s turistas, sobretodo cuando se hagan diversas festividades en ese lugar.<\/p>\n","protected":false},"excerpt":{"rendered":"<p>Karla M\u00e9ndez Xalapa, Ver.- El Barrio de Xallitic y el Barrio de El Dique en Xalapa, podr\u00edan ser uno de los lugares seleccionados para representar al estado de Veracruz en el nuevo proyecto de la Secretar\u00eda de Cultura Federal de \u00abBarrios M\u00e1gicos\u00bb, el cual se definir\u00e1 a principios del 2023.&nbsp; Al respecto, el titular de [&hellip;]<\/p>\n","protected":false},"author":2,"featured_media":0,"comment_status":"closed","ping_status":"closed","sticky":false,"template":"","format":"standard","meta":{"_jetpack_newsletter_access":"","_jetpack_dont_email_post_to_subs":false,"_jetpack_newsletter_tier_id":0,"_jetpack_memberships_contains_paywalled_content":false,"_jetpack_memberships_contains_paid_content":false,"footnotes":""},"categories":[6446],"tags":[14789,2156],"class_list":["post-100466","post","type-post","status-publish","format-standard","hentry","category-la-nota","tag-ivan-martinez-olvera","tag-sectur"],"jetpack_featured_media_url":"","jetpack_sharing_enabled":true,"jetpack_shortlink":"https:\/\/wp.me\/p4Qcd3-q8q","_links":{"self":[{"href":"https:\/\/lospoliticosveracruz.com.mx\/index.php?rest_route=\/wp\/v2\/posts\/100466","targetHints":{"allow":["GET"]}}],"collection":[{"href":"https:\/\/lospoliticosveracruz.com.mx\/index.php?rest_route=\/wp\/v2\/posts"}],"about":[{"href":"https:\/\/lospoliticosveracruz.com.mx\/index.php?rest_route=\/wp\/v2\/types\/post"}],"author":[{"embeddable":true,"href":"https:\/\/lospoliticosveracruz.com.mx\/index.php?rest_route=\/wp\/v2\/users\/2"}],"replies":[{"embeddable":true,"href":"https:\/\/lospoliticosveracruz.com.mx\/index.php?rest_route=%2Fwp%2Fv2%2Fcomments&post=100466"}],"version-history":[{"count":1,"href":"https:\/\/lospoliticosveracruz.com.mx\/index.php?rest_route=\/wp\/v2\/posts\/100466\/revisions"}],"predecessor-version":[{"id":100468,"href":"https:\/\/lospoliticosveracruz.com.mx\/index.php?rest_route=\/wp\/v2\/posts\/100466\/revisions\/100468"}],"wp:attachment":[{"href":"https:\/\/lospoliticosveracruz.com.mx\/index.php?rest_route=%2Fwp%2Fv2%2Fmedia&parent=100466"}],"wp:term":[{"taxonomy":"category","embeddable":true,"href":"https:\/\/lospoliticosveracruz.com.mx\/index.php?rest_route=%2Fwp%2Fv2%2Fcategories&post=100466"},{"taxonomy":"post_tag","embeddable":true,"href":"https:\/\/lospoliticosveracruz.com.mx\/index.php?rest_route=%2Fwp%2Fv2%2Ftags&post=100466"}],"curies":[{"name":"wp","href":"https:\/\/api.w.org\/{rel}","templated":true}]}}