{"id":100476,"date":"2022-12-27T12:14:04","date_gmt":"2022-12-27T18:14:04","guid":{"rendered":"https:\/\/lospoliticosveracruz.com.mx\/?p=100476"},"modified":"2022-12-27T12:14:08","modified_gmt":"2022-12-27T18:14:08","slug":"vienen-dos-gigantes-a-xalapa","status":"publish","type":"post","link":"https:\/\/lospoliticosveracruz.com.mx\/?p=100476","title":{"rendered":"VIENEN DOS GIGANTES A XALAPA!"},"content":{"rendered":"\n<p><strong>Karla M\u00e9ndez<\/strong><\/p>\n\n\n\n<p>Xalapa, Ver.- Para el pr\u00f3ximo a\u00f1o se espera la inversi\u00f3n en Xalapa de entre 200 y 300 millones de d\u00f3lares por parte dos empresas transnacionales, las cuales ayudar\u00e1n a crear m\u00e1s empleos informales y formales, as\u00ed lo adelant\u00f3 el titular de la Secretar\u00eda de Desarrollo Econ\u00f3mico y Portuario(Sedecop) Enrique Nach\u00f3n Garc\u00eda.<\/p>\n\n\n\n<p>El funcionario estatal explic\u00f3 que aunque por el momento no puede dar mayores detalles de las empresas interesadas en invertir en la capital del estado, lo importante son los empleos que se generar\u00e1n y la derrama econ\u00f3mica.<\/p>\n\n\n\n<p>\u00abTenemos dos inversiones que estamos negociando con empresas transnacionales para Xalapa con inversi\u00f3n de 200-300 millones de d\u00f3lares que pidiera llegar a la regi\u00f3n&#8230; Los empleos que se generen son muy variables, pero la importancia es los empleos que generen.\u00bb<\/p>\n\n\n\n<p>Respecto a la recuperaci\u00f3n econ\u00f3mica en el estado, Enrique Nach\u00f3n, se\u00f1al\u00f3 que apuntan a qu\u00e9 todas las empresas inviertan en Veracruz, pero se aplican filtros para aquellas que convengan a la vocaci\u00f3n natural que se tiene.<\/p>\n\n\n\n<p>Finalmente, dijo que la idea es que este a\u00f1o sea el a\u00f1o de la transformaci\u00f3n, lo cual seguir\u00e1n impulsando con la generaci\u00f3n de mejores empleos bien remunerados.<\/p>\n","protected":false},"excerpt":{"rendered":"<p>Karla M\u00e9ndez Xalapa, Ver.- Para el pr\u00f3ximo a\u00f1o se espera la inversi\u00f3n en Xalapa de entre 200 y 300 millones de d\u00f3lares por parte dos empresas transnacionales, las cuales ayudar\u00e1n a crear m\u00e1s empleos informales y formales, as\u00ed lo adelant\u00f3 el titular de la Secretar\u00eda de Desarrollo Econ\u00f3mico y Portuario(Sedecop) Enrique Nach\u00f3n Garc\u00eda. El funcionario [&hellip;]<\/p>\n","protected":false},"author":2,"featured_media":0,"comment_status":"closed","ping_status":"closed","sticky":false,"template":"","format":"standard","meta":{"_jetpack_newsletter_access":"","_jetpack_dont_email_post_to_subs":false,"_jetpack_newsletter_tier_id":0,"_jetpack_memberships_contains_paywalled_content":false,"_jetpack_memberships_contains_paid_content":false,"footnotes":""},"categories":[6446],"tags":[15865,36169],"class_list":["post-100476","post","type-post","status-publish","format-standard","hentry","category-la-nota","tag-enrique-nachon-garcia","tag-secretaria-de-desarrollo-economico-y-portuario"],"jetpack_featured_media_url":"","jetpack_sharing_enabled":true,"jetpack_shortlink":"https:\/\/wp.me\/p4Qcd3-q8A","_links":{"self":[{"href":"https:\/\/lospoliticosveracruz.com.mx\/index.php?rest_route=\/wp\/v2\/posts\/100476","targetHints":{"allow":["GET"]}}],"collection":[{"href":"https:\/\/lospoliticosveracruz.com.mx\/index.php?rest_route=\/wp\/v2\/posts"}],"about":[{"href":"https:\/\/lospoliticosveracruz.com.mx\/index.php?rest_route=\/wp\/v2\/types\/post"}],"author":[{"embeddable":true,"href":"https:\/\/lospoliticosveracruz.com.mx\/index.php?rest_route=\/wp\/v2\/users\/2"}],"replies":[{"embeddable":true,"href":"https:\/\/lospoliticosveracruz.com.mx\/index.php?rest_route=%2Fwp%2Fv2%2Fcomments&post=100476"}],"version-history":[{"count":1,"href":"https:\/\/lospoliticosveracruz.com.mx\/index.php?rest_route=\/wp\/v2\/posts\/100476\/revisions"}],"predecessor-version":[{"id":100477,"href":"https:\/\/lospoliticosveracruz.com.mx\/index.php?rest_route=\/wp\/v2\/posts\/100476\/revisions\/100477"}],"wp:attachment":[{"href":"https:\/\/lospoliticosveracruz.com.mx\/index.php?rest_route=%2Fwp%2Fv2%2Fmedia&parent=100476"}],"wp:term":[{"taxonomy":"category","embeddable":true,"href":"https:\/\/lospoliticosveracruz.com.mx\/index.php?rest_route=%2Fwp%2Fv2%2Fcategories&post=100476"},{"taxonomy":"post_tag","embeddable":true,"href":"https:\/\/lospoliticosveracruz.com.mx\/index.php?rest_route=%2Fwp%2Fv2%2Ftags&post=100476"}],"curies":[{"name":"wp","href":"https:\/\/api.w.org\/{rel}","templated":true}]}}