{"id":100737,"date":"2023-01-04T18:24:07","date_gmt":"2023-01-05T00:24:07","guid":{"rendered":"https:\/\/lospoliticosveracruz.com.mx\/?p=100737"},"modified":"2023-01-04T18:24:13","modified_gmt":"2023-01-05T00:24:13","slug":"la-esperanza-de-vivir","status":"publish","type":"post","link":"https:\/\/lospoliticosveracruz.com.mx\/?p=100737","title":{"rendered":"LA ESPERANZA DE VIVIR"},"content":{"rendered":"\n<p><br><strong>Jorge Arturo Rodr\u00edguez<\/strong><br><em>Tierra de Babel<\/em><\/p>\n\n\n\n<p>Lo primero que trato de evitar \u2013sin prometer nada ni mucho menos dar por hecho que este 2023 nos ir\u00e1 bien, no digamos que mejor-, es creer, precisamente, en las falsas promesas e ilusiones, porque la vida, esa que vivimos a diario y muchos padecen de una u otra forma, es decir, sobreviven apuras penas, nos abofetea y como que nos dice: \u201c\u00bfA d\u00f3nde vas, pendejo?\u201d No seamos ingenuos, por favor. La violencia se recrudece; el miedo crece, en consecuencia. La pobreza sigue ah\u00ed. Ya lo escribi\u00f3 Augusto Monterroso, pero hay que repetirlo: \u201cCuando despert\u00f3, el dinosaurio todav\u00eda estaba all\u00ed\u201d. Ahora de mil colores; variopinto. Quien se descuide, pobrecito, se lo lleva la tiznada. Las estad\u00edsticas, datos y \u201cotros datos\u201d no desmienten que M\u00e9xico y, desde luego, el mundo, o al rev\u00e9s, poco o ya nada nos ofrece. \u00bfC\u00f3mo carajos si somos nosotros mismos los depredadores?<br>Creo haberlo comentado, pero es justo y necesario repetirlo. El Mar de la indiferencia se ha desatado, \u00bfverdad, mi entra\u00f1able Stanislaw Jerzy Lec? No vengamos con el cuento de ser o no positivo u optimista. Desde luego que vale la pena reflexionar sobre ello. Pero, \u00bfqui\u00e9n a estas alturas lo hace? Mucho menos del amor en tiempos de c\u00f3lera. Digo, en tiempos de redes sociales, cuando m\u00e1s cerca estamos, m\u00e1s alejados sufrimos. \u00bfQui\u00e9n lo duda? M\u00e1ndenme un watsap y les comentar\u00e9, no se las mentar\u00e9. Hay que saber usar las herramientas, no que \u00e9stas o con \u00e9stas nos manipulen. \u00a1Por Dios! \u00a1Por las barbas del diablo!<br>Hace unos d\u00edas, poco antes de terminar el 2022, escrib\u00ed algunas pendejadas dirigidas a mi familia y a uno que otro amigo. Me llev\u00e9 un chasco con los comentarios que me hicieron llegar. \u00a1Qu\u00e9 barbaridad! Entre otras cosas, dije lo siguiente:<\/p>\n\n\n\n<p>\u201cTengo por sentado \u2013parado o no- que la vida es bella, y si no, hay que hacerla bella. A lo que voy, dulces amantes invisibles, guardar mis versos \u2013besos- por si vuelvo. Dicen que la mejor forma de mejorar de una enfermedad, y enfermos estamos todos, m\u00e1s ahora, es reconocer que estamos enfermos. No es una tautolog\u00eda, un pleonasmo, pues. Y desde alg\u00fan tiempo he reconocido mi enfermedad. Bien. Una vez hecho lo anterior, pido disculpas a quienes he ofendido, molestado o mandado a la chingada con mis palabras y acciones. El perd\u00f3n viene de Dios o del que quieran. Por mi parte ofrezco disculpas. Vida, nada me debes; vida, estamos en paz.\u201d<\/p>\n\n\n\n<p>Estamos porque estamos. Vivimos porque estamos vivos y as\u00ed al infinito. Quien tenga o\u00eddos\u2026 Otro a\u00f1o y vamos a ver de qu\u00e9 cuero salen m\u00e1s correas. Pero por favor, sonr\u00edan, y no se crean todo.<br>Repito. Dicen que las palabras se las lleva el viento; preferible las acciones\u2026 En vida, en vida. Cierto y no. Cierto por lo que ya saben. No, porque palabras y acciones van juntas, nacen juntas, viven juntas, las une el sentimiento, el sentido humano.<br>Cada quien que llegue a sus conclusiones. Dicen que el que calla otorga. Tambi\u00e9n muchas veces me he arrepentido de haber hablado, de haber callado nunca. Yo no lo s\u00e9 de cierto, pero lo supongo.<br>Dicen que la principal palabra en nuestras vidas es AMAR; pero tambi\u00e9n est\u00e1 el DAR. (Claro, tambi\u00e9n el SAT). Son parientas; digamos, mejor, hermanas de sangre.<br>Repito. Al final y al principio lo \u00fanico que queda son los recuerdos. Los recuerdos que nos mantienen vivos durante el trayecto. Ah\u00ed cada quien que sepa aprovecharlos, echarlos a la basura o, simplemente, ni se acuerde de ellos. Es vida privada y como tal, para qu\u00e9 meterse. En otras palabras, no te metas donde no te llaman o no te detengas donde no te corresponde. El respeto al derecho ajeno es la paz. Errores \u2013y a veces horrores- cometemos todos, ni quien lo dude. Aceptar que los cometimos, conscientes o no, es la base para sobrellevar los d\u00edas.<\/p>\n\n\n\n<p><strong>Los d\u00edas y los temas<\/strong><\/p>\n\n\n\n<p>En este andar, encuentro en el libro La ladrona de huesos, de Manel Loureiro, lo siguiente: \u201cLa esperanza, esa hebra fina que jam\u00e1s dejamos de aferrar con fuerza\u201d. Ah\u00ed \u2018ta. M\u00e1s claro, ni el cloro, digo\u2026<\/p>\n\n\n\n<p>De cinismo y anexas<\/p>\n\n\n\n<p>\u201cEs evidente que no puedo decir que nos ir\u00e1 mejor con un cambio, pero s\u00ed que para mejorar debe haber un cambio.\u201d (Georg Christoph Lichtenberg).<br>Ah\u00ed se ven.<\/p>\n","protected":false},"excerpt":{"rendered":"<p>Jorge Arturo Rodr\u00edguezTierra de Babel Lo primero que trato de evitar \u2013sin prometer nada ni mucho menos dar por hecho que este 2023 nos ir\u00e1 bien, no digamos que mejor-, es creer, precisamente, en las falsas promesas e ilusiones, porque la vida, esa que vivimos a diario y muchos padecen de una u otra forma, [&hellip;]<\/p>\n","protected":false},"author":2,"featured_media":0,"comment_status":"closed","ping_status":"closed","sticky":false,"template":"","format":"standard","meta":{"_jetpack_newsletter_access":"","_jetpack_dont_email_post_to_subs":false,"_jetpack_newsletter_tier_id":0,"_jetpack_memberships_contains_paywalled_content":false,"_jetpack_memberships_contains_paid_content":false,"footnotes":""},"categories":[70],"tags":[2677,36793],"class_list":["post-100737","post","type-post","status-publish","format-standard","hentry","category-de-opinion","tag-jorge-arturo-rodriguez","tag-manel-loureiro"],"jetpack_featured_media_url":"","jetpack_sharing_enabled":true,"jetpack_shortlink":"https:\/\/wp.me\/p4Qcd3-qcN","_links":{"self":[{"href":"https:\/\/lospoliticosveracruz.com.mx\/index.php?rest_route=\/wp\/v2\/posts\/100737","targetHints":{"allow":["GET"]}}],"collection":[{"href":"https:\/\/lospoliticosveracruz.com.mx\/index.php?rest_route=\/wp\/v2\/posts"}],"about":[{"href":"https:\/\/lospoliticosveracruz.com.mx\/index.php?rest_route=\/wp\/v2\/types\/post"}],"author":[{"embeddable":true,"href":"https:\/\/lospoliticosveracruz.com.mx\/index.php?rest_route=\/wp\/v2\/users\/2"}],"replies":[{"embeddable":true,"href":"https:\/\/lospoliticosveracruz.com.mx\/index.php?rest_route=%2Fwp%2Fv2%2Fcomments&post=100737"}],"version-history":[{"count":1,"href":"https:\/\/lospoliticosveracruz.com.mx\/index.php?rest_route=\/wp\/v2\/posts\/100737\/revisions"}],"predecessor-version":[{"id":100739,"href":"https:\/\/lospoliticosveracruz.com.mx\/index.php?rest_route=\/wp\/v2\/posts\/100737\/revisions\/100739"}],"wp:attachment":[{"href":"https:\/\/lospoliticosveracruz.com.mx\/index.php?rest_route=%2Fwp%2Fv2%2Fmedia&parent=100737"}],"wp:term":[{"taxonomy":"category","embeddable":true,"href":"https:\/\/lospoliticosveracruz.com.mx\/index.php?rest_route=%2Fwp%2Fv2%2Fcategories&post=100737"},{"taxonomy":"post_tag","embeddable":true,"href":"https:\/\/lospoliticosveracruz.com.mx\/index.php?rest_route=%2Fwp%2Fv2%2Ftags&post=100737"}],"curies":[{"name":"wp","href":"https:\/\/api.w.org\/{rel}","templated":true}]}}