{"id":101275,"date":"2023-01-17T19:47:19","date_gmt":"2023-01-18T01:47:19","guid":{"rendered":"https:\/\/lospoliticosveracruz.com.mx\/?p=101275"},"modified":"2023-01-17T19:47:26","modified_gmt":"2023-01-18T01:47:26","slug":"fiscal-y-auditora-van-por-corruptos","status":"publish","type":"post","link":"https:\/\/lospoliticosveracruz.com.mx\/?p=101275","title":{"rendered":"FISCAL Y AUDITORA, \u00bfVAN POR CORRUPTOS?"},"content":{"rendered":"\n<p><strong>Enrique Yasser Pompeyo<br><\/strong><em>Mesa de Redacci\u00f3n<\/em><\/p>\n\n\n\n<p>A una semana de que comparezcan ante los diputados locales, la fiscal general del Estado, Ver\u00f3nica Hern\u00e1ndez Giad\u00e1ns y la auditora general del ORFIS, Delia Gonz\u00e1lez Cobos se reunieron y prometen combatir la corrupci\u00f3n. Ya se ver\u00e1.<\/p>\n\n\n<div class=\"wp-block-image\">\n<figure class=\"alignleft size-large is-resized\"><a href=\"https:\/\/lospoliticosveracruz.com.mx\/wp-content\/uploads\/2021\/10\/WhatsApp-Image-2021-10-02-at-15.20.25.jpeg\"><img loading=\"lazy\" decoding=\"async\" src=\"https:\/\/lospoliticosveracruz.com.mx\/wp-content\/uploads\/2021\/10\/WhatsApp-Image-2021-10-02-at-15.20.25-724x1024.jpeg\" alt=\"\" class=\"wp-image-80177\" width=\"362\" height=\"512\" srcset=\"https:\/\/lospoliticosveracruz.com.mx\/wp-content\/uploads\/2021\/10\/WhatsApp-Image-2021-10-02-at-15.20.25-724x1024.jpeg 724w, https:\/\/lospoliticosveracruz.com.mx\/wp-content\/uploads\/2021\/10\/WhatsApp-Image-2021-10-02-at-15.20.25-212x300.jpeg 212w, https:\/\/lospoliticosveracruz.com.mx\/wp-content\/uploads\/2021\/10\/WhatsApp-Image-2021-10-02-at-15.20.25-768x1086.jpeg 768w, https:\/\/lospoliticosveracruz.com.mx\/wp-content\/uploads\/2021\/10\/WhatsApp-Image-2021-10-02-at-15.20.25.jpeg 905w\" sizes=\"auto, (max-width: 362px) 100vw, 362px\" \/><\/a><\/figure><\/div>\n\n\n<p>De acuerdo con el bolet\u00edn emitido por la Fiscal\u00eda, \u201ccoincidieron en que los procesos y procedimientos de la fiscalizaci\u00f3n deben generar resultados y dar respuesta a la demanda de transparencia en el quehacer p\u00fablico, que exigen las y los veracruzanos\u201d.<\/p>\n\n\n\n<p>Hern\u00e1ndez Giad\u00e1ns refrend\u00f3 su compromiso de combatir la impunidad, investigando y vinculando a proceso a quienes cometan delitos relacionados con hechos de corrupci\u00f3n.<\/p>\n\n\n\n<p>De las palabras, de los discursos, deben pasar a los hechos y m\u00e1s cuando existen muchas dudas, por ejemplo, sobre las cuentas p\u00fablicas de 2021 en diferentes entes de gobierno, principalmente en los ayuntamientos.<\/p>\n\n\n\n<p>No basta con tomarse la foto. La ciudadan\u00eda veracruzana creer\u00e1 en sus dichos cuando vean a ex funcionarios de los dos niveles de gobierno, estatal y municipal, tras las rejas.<\/p>\n\n\n\n<p>No solamente a ex empleados menores, sino a las cabezas. S\u00f3lo as\u00ed se podr\u00e1 creer en su inter\u00e9s de combatir la corrupci\u00f3n en Veracruz.<\/p>\n\n\n\n<p>Por cierto, en ese contexto, la presidenta de la Mesa Directiva del Congreso del Estado, Margarita Corro Mendoza advierte que los titulares de los \u00f3rganos aut\u00f3nomos deben informar con veracidad y acudir con apertura para ser cuestionados.<\/p>\n\n\n\n<p>Porque, como ya se ha visto en comparecencias pasadas, algunos evaden los cuestionamientos y prometen enviar las respuestas por escrito, como la ley se los permite.<\/p>\n\n\n\n<p>Aunque se ha dicho que el formato es muy cuadrado, lo que impide una buena din\u00e1mica de comunicaci\u00f3n entre comparecientes y legisladores, de los titulares de los entes aut\u00f3nomos se esperan respuestas claras, sin rollos, ni ret\u00f3rica.<\/p>\n\n\n\n<p>Temas hay muchos y los diputados, principalmente los de oposici\u00f3n, seguramente acudir\u00e1n preparados para cuestionar, particularmente, a la fiscal y a la auditora general. Se ver\u00e1 si en verdad asumen su compromiso y responsabilidad o les dan la vuelta a los temas.<\/p>\n\n\n\n<p>enriquepompeyo@hotmail.com<\/p>\n","protected":false},"excerpt":{"rendered":"<p>Enrique Yasser PompeyoMesa de Redacci\u00f3n A una semana de que comparezcan ante los diputados locales, la fiscal general del Estado, Ver\u00f3nica Hern\u00e1ndez Giad\u00e1ns y la auditora general del ORFIS, Delia Gonz\u00e1lez Cobos se reunieron y prometen combatir la corrupci\u00f3n. Ya se ver\u00e1. De acuerdo con el bolet\u00edn emitido por la Fiscal\u00eda, \u201ccoincidieron en que los [&hellip;]<\/p>\n","protected":false},"author":2,"featured_media":0,"comment_status":"closed","ping_status":"closed","sticky":false,"template":"","format":"standard","meta":{"_jetpack_newsletter_access":"","_jetpack_dont_email_post_to_subs":false,"_jetpack_newsletter_tier_id":0,"_jetpack_memberships_contains_paywalled_content":false,"_jetpack_memberships_contains_paid_content":false,"footnotes":""},"categories":[70],"tags":[331,15181,15477,12266,13187,135,15165],"class_list":["post-101275","post","type-post","status-publish","format-standard","hentry","category-de-opinion","tag-congreso-del-estado","tag-delia-gonzalez-cobos","tag-enrique-yasser-pompeyo","tag-fiscal-general-del-estado","tag-margarita-corro-mendoza","tag-orfis","tag-veronica-hernandez-giadans"],"jetpack_featured_media_url":"","jetpack_sharing_enabled":true,"jetpack_shortlink":"https:\/\/wp.me\/p4Qcd3-qlt","_links":{"self":[{"href":"https:\/\/lospoliticosveracruz.com.mx\/index.php?rest_route=\/wp\/v2\/posts\/101275","targetHints":{"allow":["GET"]}}],"collection":[{"href":"https:\/\/lospoliticosveracruz.com.mx\/index.php?rest_route=\/wp\/v2\/posts"}],"about":[{"href":"https:\/\/lospoliticosveracruz.com.mx\/index.php?rest_route=\/wp\/v2\/types\/post"}],"author":[{"embeddable":true,"href":"https:\/\/lospoliticosveracruz.com.mx\/index.php?rest_route=\/wp\/v2\/users\/2"}],"replies":[{"embeddable":true,"href":"https:\/\/lospoliticosveracruz.com.mx\/index.php?rest_route=%2Fwp%2Fv2%2Fcomments&post=101275"}],"version-history":[{"count":1,"href":"https:\/\/lospoliticosveracruz.com.mx\/index.php?rest_route=\/wp\/v2\/posts\/101275\/revisions"}],"predecessor-version":[{"id":101277,"href":"https:\/\/lospoliticosveracruz.com.mx\/index.php?rest_route=\/wp\/v2\/posts\/101275\/revisions\/101277"}],"wp:attachment":[{"href":"https:\/\/lospoliticosveracruz.com.mx\/index.php?rest_route=%2Fwp%2Fv2%2Fmedia&parent=101275"}],"wp:term":[{"taxonomy":"category","embeddable":true,"href":"https:\/\/lospoliticosveracruz.com.mx\/index.php?rest_route=%2Fwp%2Fv2%2Fcategories&post=101275"},{"taxonomy":"post_tag","embeddable":true,"href":"https:\/\/lospoliticosveracruz.com.mx\/index.php?rest_route=%2Fwp%2Fv2%2Ftags&post=101275"}],"curies":[{"name":"wp","href":"https:\/\/api.w.org\/{rel}","templated":true}]}}