{"id":101386,"date":"2023-01-20T07:35:54","date_gmt":"2023-01-20T13:35:54","guid":{"rendered":"https:\/\/lospoliticosveracruz.com.mx\/?p=101386"},"modified":"2023-01-20T07:36:04","modified_gmt":"2023-01-20T13:36:04","slug":"cantaleta","status":"publish","type":"post","link":"https:\/\/lospoliticosveracruz.com.mx\/?p=101386","title":{"rendered":"CANTALETA"},"content":{"rendered":"\n<p><strong>Guadalupe H. Mar<br><\/strong><em>Mira Pol\u00edtica<\/em><\/p>\n\n\n\n<p>HECHOS AISLADOS \u2026 En lo que literariamente se conoce como \u201clugar com\u00fan\u201d, se ha convertido al paso de los a\u00f1os la frase \u201chechos aislados\u201d, con la cual, no de ahora, ni solo en esta administraci\u00f3n estatal, la del ingeniero mec\u00e1nico electricista Cuitl\u00e1huac Garc\u00eda Jim\u00e9nez, se utiliza para desestimar o desvalorizar un grave suceso, como el de Joel, un jovencito de 16 a\u00f1os de edad, que fue asesinado hace unos d\u00edas en la zona norte de la ciudad de Veracruz, porque se resisti\u00f3 a que le robaran su tel\u00e9fono celular.<\/p>\n\n\n\n<figure class=\"wp-block-image size-full\"><a href=\"https:\/\/lospoliticosveracruz.com.mx\/wp-content\/uploads\/2022\/05\/Seguro-Julio-Cerecedo.jpg\"><img decoding=\"async\" src=\"https:\/\/lospoliticosveracruz.com.mx\/wp-content\/uploads\/2022\/05\/Seguro-Julio-Cerecedo.jpg\" alt=\"\" class=\"wp-image-90414\"\/><\/a><\/figure>\n\n\n\n<p><br>Hecho aislado como el crimen de odio en contra de \u201cDenisse\u201d, una mujer trans que tambi\u00e9n hace unos d\u00edas, en esta misma semana, muri\u00f3 luego de la severa golpiza que le dieron un par de sujetos.<br>Hecho aislado como el del ni\u00f1o de 10 a\u00f1os que mat\u00f3 a su amiguito de un balazo en la cabeza, solo porque le hab\u00eda ganado en los videojuegos.<br>Hecho aislado como el que visibiliza la agrupaci\u00f3n Monta\u00f1istas Unidos del Valle de R\u00edo Blanco, al denunciar que integrantes del crimen bien organizado, est\u00e1n cobrando a quienes ingresan al Parque Nacional Pico de Orizaba.<br>Hechos aislados como \u201clos \u00fanicos tres robos\u201d en carreteras veracruzanas a autobuses de pasajeros.<br>Hecho aislado como el que la semana pasada delincuentes asaltaron a los pasajeros que viajaban en un autob\u00fas urbano con rumbo a Boca del R\u00edo, a quienes quitaron todas sus pertenencias.<br>Hecho aislado como el haber lanzado bombas molotov a una gasolinera de la zona de Acayucan, las cuales por fortuna no estallaron.<br>Todos estos hechos aislados amables lectoras y lectores, se sucedieron en los \u00faltimos seis d\u00edas en el estado de Veracruz, en pr\u00e1cticamente una semana.<br>Por eso viene como anillo al dedo lo que hace unos meses expuso en una entrega period\u00edstica el abogado y ex diputado Uriel Flores Aguayo, quien se refiri\u00f3 al lugar com\u00fan de los hechos aislados, como \u201cuna postura r\u00e1pida y f\u00e1cil, repetida mec\u00e1nicamente que dice todo y no dice nada\u201d.<br>Eso de hechos aislados lo explica muy bien con su innata sapiencia Flores Aguayo, quien en septiembre pasado escribi\u00f3: \u201cEse tipo de declaraciones hacen abstracci\u00f3n de una problem\u00e1tica concreta. Son algo curiosas y se vuelven juego. Desde el oficialismo surgen muchas voces que confunden, que no aclaran nada ni orientan a la poblaci\u00f3n. Son asuntos de la Fiscal\u00eda que, sin embargo, calla. Se vuelven tema pol\u00edtico unilateralmente que intenta justificar al gobierno. Hablan y hablan, pero dicen poco, como de media lengua. Son asuntos serios abordados con ligereza. Aislados o no, son hechos graves que nos ponen en peligro a todos\u201d.<br>Efectivamente como lo refiere el abogado Uriel Flores Aguayo, \u201cAislados o no, son hechos graves que nos ponen en peligro a todos\u201d, pues son sucesos que reflejan la descomposici\u00f3n del tejido social y la ausencia de pol\u00edticas p\u00fablicas para mantener a la sociedad en armon\u00eda.<br>UNA TRAS OTRA \u2026 El Observatorio sobre Libertad de Expresi\u00f3n de la Universidad de Guadalajara (UdeG), public\u00f3 un desplegado condenando las agresiones del gobernador del estado de Jalisco, Enrique Alfaro Ram\u00edrez, en contra del periodista Diego Petersen.<br>El mandatario jalisciense calific\u00f3 al periodista como \u201cgatillero\u201d de la Universidad de Guadalajara (UdeG), descalificaci\u00f3n que motiv\u00f3 la reacci\u00f3n del Observatorio sobre la Libertad de Expresi\u00f3n.<br>\u201cEs inaceptable que desde el Poder Ejecutivo se ataque a medios y periodistas cuya posici\u00f3n no coincide con la del gobierno\u201d, exponen los integrantes de este observatorio en su desplegado.<br>NECESARIA REFLEXI\u00d3N \u2026 La Revista Mexicana de Comunicaci\u00f3n reci\u00e9n lanz\u00f3 la convocatoria para los interesados en publicar en su n\u00famero 151 con el tema:<br>\u201cExperiencias y escenarios de la ense\u00f1anza y formaci\u00f3n en comunicaci\u00f3n\u201d, con<br>fecha l\u00edmite de recepci\u00f3n de ensayos de divulgaci\u00f3n el lunes 13 de marzo de este a\u00f1o 2023.<br>Los coordinadores de esta edici\u00f3n monotem\u00e1tica cuya convocatoria se puede consultar en: <strong><em><a href=\"http:\/\/mexicanadecomunicacion.com.mx\/\">http:\/\/mexicanadecomunicacion.com.mx\/<\/a><\/em><\/strong> son Vicente Castellanos Cerda y Rodrigo Mart\u00ednez Mart\u00ednez. Bien.<br>D\u00cdGALO SIN MIEDO \u2026 Al correo electr\u00f3nico guadalupehmar@yahoo.com<\/p>\n","protected":false},"excerpt":{"rendered":"<p>Guadalupe H. MarMira Pol\u00edtica HECHOS AISLADOS \u2026 En lo que literariamente se conoce como \u201clugar com\u00fan\u201d, se ha convertido al paso de los a\u00f1os la frase \u201chechos aislados\u201d, con la cual, no de ahora, ni solo en esta administraci\u00f3n estatal, la del ingeniero mec\u00e1nico electricista Cuitl\u00e1huac Garc\u00eda Jim\u00e9nez, se utiliza para desestimar o desvalorizar un [&hellip;]<\/p>\n","protected":false},"author":2,"featured_media":0,"comment_status":"closed","ping_status":"closed","sticky":false,"template":"","format":"standard","meta":{"_jetpack_newsletter_access":"","_jetpack_dont_email_post_to_subs":false,"_jetpack_newsletter_tier_id":0,"_jetpack_memberships_contains_paywalled_content":false,"_jetpack_memberships_contains_paid_content":false,"footnotes":""},"categories":[70],"tags":[1563,36948,36949,14187,1606,3815,1026,195],"class_list":["post-101386","post","type-post","status-publish","format-standard","hentry","category-de-opinion","tag-cuitlahuac-garcia-jimenez","tag-denisse","tag-diego-petersen","tag-enrique-alfaro-ramirez","tag-guadalupe-h-mar","tag-jalisco","tag-morena","tag-veracruz"],"jetpack_featured_media_url":"","jetpack_sharing_enabled":true,"jetpack_shortlink":"https:\/\/wp.me\/p4Qcd3-qng","_links":{"self":[{"href":"https:\/\/lospoliticosveracruz.com.mx\/index.php?rest_route=\/wp\/v2\/posts\/101386","targetHints":{"allow":["GET"]}}],"collection":[{"href":"https:\/\/lospoliticosveracruz.com.mx\/index.php?rest_route=\/wp\/v2\/posts"}],"about":[{"href":"https:\/\/lospoliticosveracruz.com.mx\/index.php?rest_route=\/wp\/v2\/types\/post"}],"author":[{"embeddable":true,"href":"https:\/\/lospoliticosveracruz.com.mx\/index.php?rest_route=\/wp\/v2\/users\/2"}],"replies":[{"embeddable":true,"href":"https:\/\/lospoliticosveracruz.com.mx\/index.php?rest_route=%2Fwp%2Fv2%2Fcomments&post=101386"}],"version-history":[{"count":1,"href":"https:\/\/lospoliticosveracruz.com.mx\/index.php?rest_route=\/wp\/v2\/posts\/101386\/revisions"}],"predecessor-version":[{"id":101387,"href":"https:\/\/lospoliticosveracruz.com.mx\/index.php?rest_route=\/wp\/v2\/posts\/101386\/revisions\/101387"}],"wp:attachment":[{"href":"https:\/\/lospoliticosveracruz.com.mx\/index.php?rest_route=%2Fwp%2Fv2%2Fmedia&parent=101386"}],"wp:term":[{"taxonomy":"category","embeddable":true,"href":"https:\/\/lospoliticosveracruz.com.mx\/index.php?rest_route=%2Fwp%2Fv2%2Fcategories&post=101386"},{"taxonomy":"post_tag","embeddable":true,"href":"https:\/\/lospoliticosveracruz.com.mx\/index.php?rest_route=%2Fwp%2Fv2%2Ftags&post=101386"}],"curies":[{"name":"wp","href":"https:\/\/api.w.org\/{rel}","templated":true}]}}