{"id":101388,"date":"2023-01-20T07:42:59","date_gmt":"2023-01-20T13:42:59","guid":{"rendered":"https:\/\/lospoliticosveracruz.com.mx\/?p=101388"},"modified":"2023-01-20T07:43:03","modified_gmt":"2023-01-20T13:43:03","slug":"la-ministra-farsante-y-sin-escrupulos","status":"publish","type":"post","link":"https:\/\/lospoliticosveracruz.com.mx\/?p=101388","title":{"rendered":"LA MINISTRA FARSANTE Y SIN ESCR\u00daPULOS"},"content":{"rendered":"\n<p><strong>Felipe de Jes\u00fas Fern\u00e1ndez Basilio<br><\/strong><em>Desde A Janela<\/em><\/p>\n\n\n\n<p>\u201cYa solo restan un a\u00f1o, ocho meses y once d\u00edas para que se vaya a \u2026 su rancho\u201d<\/p>\n\n\n\n<p>El caso de la se\u00f1ora Yasm\u00edn Esquivel, quien ocupa inconstitucionalmente un asiento en la Suprema Corte de Justicia de la Naci\u00f3n, aparte de demostrar que la se\u00f1ora en cuesti\u00f3n no solo carece de \u00e9tica como persona, nos demuestra que tampoco tiene alguna clase de escr\u00fapulos, ni mucho menos un m\u00ednimo amor por la instituci\u00f3n en la que est\u00e1 enquistada.<\/p>\n\n\n<div class=\"wp-block-image\">\n<figure class=\"alignleft size-full is-resized\"><a href=\"https:\/\/lospoliticosveracruz.com.mx\/wp-content\/uploads\/2021\/10\/Zacauilt.jpg\"><img loading=\"lazy\" decoding=\"async\" src=\"https:\/\/lospoliticosveracruz.com.mx\/wp-content\/uploads\/2021\/10\/Zacauilt.jpg\" alt=\"\" class=\"wp-image-80558\" width=\"263\" height=\"525\"\/><\/a><\/figure><\/div>\n\n\n<p><br>Y si bien, el asunto ya es bastante grave al mostrar el cinismo y la soberbia de una persona que bien sabe que est\u00e1 ocupando un cargo que no deber\u00eda de ocupar, porque es seguro que en su fuero interno conoce perfectamente lo que hizo y lo que dej\u00f3 de hacer al de elaborar su tesis para obtener la licenciatura en derecho; peor es que con su permanencia a ultranza como ministra de la SCJN, cuando su idoneidad constitucional para desempe\u00f1ar esa funci\u00f3n est\u00e1 en entredicho, ya que con ello a quien m\u00e1s perjudica es a ese tribunal supremo.<br>Consistiendo ese perjuicio en que al ser cada vez m\u00e1s evidente que la ministra no cuenta con un t\u00edtulo v\u00e1lido para ejercer la licenciatura en derecho, lo cual es un requisito constitucional para ejercer la funci\u00f3n de ministro en la corte, con ello vicia las decisiones que dicho \u00f3rgano tome en relaci\u00f3n a las cuestiones que se pongan en su conocimiento.<br>Y el perjuicio ser\u00e1 mayor si el voto de la ministra resulta decisivo para resolver en tal o cual sentido una cuesti\u00f3n de \u00edndole constitucional, como bien lo van a ser las controversias constitucionales y acciones de inconstitucionalidad que se vayan a plantear como consecuencia de las reformas a diversos ordenamientos legales en materia electoral en el muy probable caso de que sean aprobadas por las c\u00e1maras que integran el Congreso de la Uni\u00f3n.<br>De igual manera, la conducta de la ministra al sostenerse en un puesto en el que est\u00e1 en duda su legitimidad, da\u00f1a a la corte al dejarla en la pr\u00e1ctica con una ministra menos; ya que es casi seguro que sea recusada por los litigantes en la mayor\u00eda de los asuntos que le toque conocer, ya sea como ponente o como revisora y votante en las sesiones y es que \u00bfQui\u00e9n va a tolerar que un asunto de trascendencia jur\u00eddica (como todos los que llegan a la corte) sea conocido por alguien cuyo grado de licenciatura en derecho se encuentra en duda?<br>Tan solo lo mencionado en los dos p\u00e1rrafos anteriores son razones m\u00e1s que suficientes para que la se\u00f1ora Esquivel de un paso al costado en lo que se defiende de las muy serias acusaciones que pesan en su contra y as\u00ed permita que la Suprema Corte de la Naci\u00f3n pueda ejercer sus funciones constitucionales con la tranquilidad que la importancia de las mismas amerita.<br>Sin embargo, la realidad nos indica que eso no va a suceder y no va a suceder, porque la se\u00f1ora Esquivel cuenta con el respaldo del peor presidente que M\u00e9xico ha tenido, cada d\u00eda que pasa estoy m\u00e1s seguro de eso, quien desprecia tanto las leyes como a la academia y por lo mismo le es irrelevante que la se\u00f1ora haya plagiado la tesis con la que obtuvo la licenciatura en derecho, ya que lo \u00fanico que le interesa es tener un voto incondicional en la corte y que m\u00e1s incondicionalidad puede tener que el voto de la esposa de su contratista predilecto.<br>Y para conservar ese voto en la corte suprema, no solo se valen de los cl\u00e1sicos insultos a la inteligencia de los mexicanos que hemos visto una y otra vez durante el gobierno de L\u00f3pez Obrador, sino que han cometido verdaderas atrocidades como el intentar acusar al autor de la tesis, el Licenciado Edgar Ulises B\u00e1ez, un hombre postrado en cama y que por lo mismo pr\u00e1cticamente est\u00e1 en indefensi\u00f3n frente al poder de una ministra apoyada incondicionalmente por el presidente de la rep\u00fablica (de verdad nunca se hab\u00eda visto tanta bajeza ni tampoco tanta asimetr\u00eda) de ser \u00e9l el plagiario cuando est\u00e1 m\u00e1s que probado que el Licenciado B\u00e1ez present\u00f3 la tesis en cuesti\u00f3n un a\u00f1o antes que la se\u00f1ora Esquivel.<br>Y no solo eso, la UNAM decidi\u00f3 separar de su cargo a la asesora de tesis ante la evidencia irrefutable de que reprodujo la tesis del licenciado B\u00e1ez muchas veces y que con ello, desde una posici\u00f3n de autoridad acad\u00e9mica invit\u00f3 a muchos alumnos, entre ellos a Esquivel, a cometer un fraude en contra de la casa de estudios y de las autoridades educativas y as\u00ed mismo quienes aceptaron ese fraude cometieron con posterioridad el mismo fraude en contra de sus clientes, empleadores y en el caso particular de la se\u00f1ora Esquivel, en contra de la impartici\u00f3n de la justicia en todos los campos en los que ha cobrado por desempe\u00f1ar un cargo jurisdiccional reservado \u00fanicamente para quienes son licenciados en derecho.<br>Por todo lo anterior es de aplaudirse que el asunto no se haya dejado en el olvido, como ha pasado en con muchos otros, y que la presi\u00f3n p\u00fablica se siga ejerciendo hasta lograr que la se\u00f1ora Esquivel se separe del cargo y asuma las consecuencias de sus actos, y as\u00ed mismo tambi\u00e9n es de celebrarse que se sigue presionando a las autoridades universitarias, educativas y a la misma corte para que retiren el t\u00edtulo y el cargo a la plagiaria.<br>Porque ya es tiempo de poner fin a la impunidad que impera en M\u00e9xico y tambi\u00e9n de valorar el esfuerzo de quienes cumplen cabalmente con los requisitos exigidos para obtener un grado de licenciatura.<br>Y a L\u00f3pez Obrador que desprecia al derecho y a la academia, hay que decirle que con la sociedad informada y que es consciente del esfuerzo que se requiere para obtener un t\u00edtulo universitario ha topado.<\/p>\n\n\n\n<p>felfebas@gmail.com<br>Twitter: @FelipeFBasilio<\/p>\n","protected":false},"excerpt":{"rendered":"<p>Felipe de Jes\u00fas Fern\u00e1ndez BasilioDesde A Janela \u201cYa solo restan un a\u00f1o, ocho meses y once d\u00edas para que se vaya a \u2026 su rancho\u201d El caso de la se\u00f1ora Yasm\u00edn Esquivel, quien ocupa inconstitucionalmente un asiento en la Suprema Corte de Justicia de la Naci\u00f3n, aparte de demostrar que la se\u00f1ora en cuesti\u00f3n no [&hellip;]<\/p>\n","protected":false},"author":2,"featured_media":0,"comment_status":"closed","ping_status":"closed","sticky":false,"template":"","format":"standard","meta":{"_jetpack_newsletter_access":"","_jetpack_dont_email_post_to_subs":false,"_jetpack_newsletter_tier_id":0,"_jetpack_memberships_contains_paywalled_content":false,"_jetpack_memberships_contains_paid_content":false,"footnotes":""},"categories":[70],"tags":[618,36950,12710,1026,3965],"class_list":["post-101388","post","type-post","status-publish","format-standard","hentry","category-de-opinion","tag-andres-manuel-lopez-obrador","tag-edgar-ulises-baez-2","tag-felipe-de-jesus-fernandez-basilio","tag-morena","tag-scjn"],"jetpack_featured_media_url":"","jetpack_sharing_enabled":true,"jetpack_shortlink":"https:\/\/wp.me\/p4Qcd3-qni","_links":{"self":[{"href":"https:\/\/lospoliticosveracruz.com.mx\/index.php?rest_route=\/wp\/v2\/posts\/101388","targetHints":{"allow":["GET"]}}],"collection":[{"href":"https:\/\/lospoliticosveracruz.com.mx\/index.php?rest_route=\/wp\/v2\/posts"}],"about":[{"href":"https:\/\/lospoliticosveracruz.com.mx\/index.php?rest_route=\/wp\/v2\/types\/post"}],"author":[{"embeddable":true,"href":"https:\/\/lospoliticosveracruz.com.mx\/index.php?rest_route=\/wp\/v2\/users\/2"}],"replies":[{"embeddable":true,"href":"https:\/\/lospoliticosveracruz.com.mx\/index.php?rest_route=%2Fwp%2Fv2%2Fcomments&post=101388"}],"version-history":[{"count":1,"href":"https:\/\/lospoliticosveracruz.com.mx\/index.php?rest_route=\/wp\/v2\/posts\/101388\/revisions"}],"predecessor-version":[{"id":101389,"href":"https:\/\/lospoliticosveracruz.com.mx\/index.php?rest_route=\/wp\/v2\/posts\/101388\/revisions\/101389"}],"wp:attachment":[{"href":"https:\/\/lospoliticosveracruz.com.mx\/index.php?rest_route=%2Fwp%2Fv2%2Fmedia&parent=101388"}],"wp:term":[{"taxonomy":"category","embeddable":true,"href":"https:\/\/lospoliticosveracruz.com.mx\/index.php?rest_route=%2Fwp%2Fv2%2Fcategories&post=101388"},{"taxonomy":"post_tag","embeddable":true,"href":"https:\/\/lospoliticosveracruz.com.mx\/index.php?rest_route=%2Fwp%2Fv2%2Ftags&post=101388"}],"curies":[{"name":"wp","href":"https:\/\/api.w.org\/{rel}","templated":true}]}}