{"id":101493,"date":"2023-01-23T08:32:10","date_gmt":"2023-01-23T14:32:10","guid":{"rendered":"https:\/\/lospoliticosveracruz.com.mx\/?p=101493"},"modified":"2023-01-23T08:32:18","modified_gmt":"2023-01-23T14:32:18","slug":"poblanos","status":"publish","type":"post","link":"https:\/\/lospoliticosveracruz.com.mx\/?p=101493","title":{"rendered":"POBLANOS"},"content":{"rendered":"\n<p><strong>Guadalupe H. Mar<br><\/strong><em>Mira Pol\u00edtica<\/em><\/p>\n\n\n\n<p>SE PONEN SUS MO\u00d1OS \u2026Sab\u00edan ustedes amables lectoras y lectores que los veracruzanos que viajen en sus veh\u00edculos al vecino estado de Puebla, primero tienen que solicitar al gobierno de esa entidad un \u201cpase tur\u00edstico\u201d, que puede ser de tres a 14 d\u00edas, pues de no hacerlo e ingresa sin esa autorizaci\u00f3n a territorio poblano, es pr\u00e1cticamente acosado por elementos de tr\u00e1nsito que aplican multas que van de los mil 924 a dos mil 886 pesos, e incluso le pueden retener la unidad y llevarla al corral\u00f3n.<\/p>\n\n\n\n<figure class=\"wp-block-image size-full\"><a href=\"https:\/\/lospoliticosveracruz.com.mx\/wp-content\/uploads\/2022\/05\/Seguro-Julio-Cerecedo.jpg\"><img decoding=\"async\" src=\"https:\/\/lospoliticosveracruz.com.mx\/wp-content\/uploads\/2022\/05\/Seguro-Julio-Cerecedo.jpg\" alt=\"\" class=\"wp-image-90414\"\/><\/a><\/figure>\n\n\n\n<p><br>El argumento de establecer esa autorizaci\u00f3n se especifica en el Peri\u00f3dico Oficial del estado de Puebla, donde en diciembre pasado se dio a conocer que la medida era netamente ambiental para mejorar la calidad del aire de Puebla.<br>Los estados que forman parte de la Comisi\u00f3n Ambiental de la Megal\u00f3polis (CAMe) est\u00e1n exentos de este tr\u00e1mite y son la Ciudad de M\u00e9xico, Hidalgo, Morelos, Tlaxcala, Estado de M\u00e9xico, Quer\u00e9taro y obviamente Puebla.<br>Si bien el \u201cpase tur\u00edstico\u201d es gratuito, se debe tramitar con anticipaci\u00f3n a trav\u00e9s de la liga: <strong><em><a href=\"https:\/\/paseturistico.puebla.gob.mx\/registrar\">https:\/\/paseturistico.puebla.gob.mx\/registrar<\/a><\/em><\/strong> dando a conocer las caracter\u00edsticas de su veh\u00edculo, pero sobre todo, los d\u00edas que permanecer\u00e1 en la zona metropolitana del valle de Puebla.<br>Para que no se queden con la duda amables lectores, los pases permitidos y su duraci\u00f3n es la siguiente:<br>Una vez por semestre con duraci\u00f3n de 14 d\u00edas; cuatro veces por semestre con duraci\u00f3n de tres d\u00edas, no consecutivos; dos veces por semestre con duraci\u00f3n de cinco d\u00edas cada uno, no consecutivos.<br>Es importante destacar que este \u201cPase Tur\u00edstico\u201d ser\u00e1 inv\u00e1lido en caso de que la Comisi\u00f3n Ambiental de la Megal\u00f3polis (CAMe) decrete contingencia ambiental a causa de las grandes concentraciones de ozono en la atm\u00f3sfera.<br>Aqu\u00ed entre nos, los que m\u00e1s se quejan de esta medida supuestamente ambiental, son los prestadores de servicios poblanos, como son los hoteleros y restauranteros, porque inhiben la llegada de visitantes, sobre todo con la ferocidad con la que act\u00faan los agentes de tr\u00e1nsito que est\u00e1n esperando la llegada de visitantes para exigirles sus pases tur\u00edsticos.<br>Con esto se comprueba que hay quienes a\u00fan no entienden el significado de matar la gallina de los huevos de oro, que es el turismo.<br>HACER HACIENDO \u2026 La Universidad de las Naciones (UN) ubicada en el puerto de Veracruz, fue sede de la reuni\u00f3n de Rectores de la Federaci\u00f3n de Universidades e Instituciones Particulares de Educaci\u00f3n Superior (FUIPES).<br>El rector de la UN, el doctor Manlio Arturo Matiello Canales, dio a conocer que en esta reuni\u00f3n se aprob\u00f3 la incorporaci\u00f3n del tema de Cambio Clim\u00e1tico en las diversas actividades universitarias en las instituciones particulares, e iniciar el proceso de Certificaci\u00f3n de Calidad Educativa Europea, para beneficiar a los egresados al lograr la validez de sus estudios en la Uni\u00f3n Europea.<br>AYUDAR AYUDANDO \u2026 El Centro Mexicano para la Neurodiversidad y el Autismo @IntegraVeracruz ofrece asesor\u00eda especializada para cada alumno o alumna que necesite ser atendido de manera especializada, no especial; dentro de la escuela y que las maestras y maestros sean acompa\u00f1ados y guiados por profesionales altamente capacitados,<br>Precisan los de Integra Veracruz que la atenci\u00f3n de la neurodiversidad en la escuela es altamente importante, pero tambi\u00e9n es un tema que provoca altos grados de estr\u00e9s a docentes y directivos de planteles educativos, por lo que ofrecen ir a las escuelas donde los llamen, incluso fuera de la ciudad de Xalapa, llamando al 2286 884304 o escribiendo al WhatsApp 2283 657818.<br>HONRAR, HONRA \u2026 La semana pasada el alcalde del municipio de Tuxpan de Rodr\u00edguez Cano, al norte de la entidad veracruzana, Jos\u00e9 Manuel Pozos Castro, encabez\u00f3 el homenaje al artista pl\u00e1stico y caricaturista tuxpe\u00f1o Fernando Morales Fern\u00e1ndez \u201cFM\u201d, evento organizado por el ayuntamiento tuxpe\u00f1o y la Sociedad Veracruzana de Caricaturistas AC.<br>Fernando Morales, a quien conocimos hace muchos a\u00f1os, bueno, no tantos, en la ciudad de Xalapa donde compartimos actividades en una empresa period\u00edstica, se ha distinguido por su amabilidad y, sobre todo, su ejemplar manera de ver y vivir la vida.<br>D\u00cdGALO SIN MIEDO \u2026 Al correo electr\u00f3nico guadalupehmar@yahoo.com<\/p>\n","protected":false},"excerpt":{"rendered":"<p>Guadalupe H. MarMira Pol\u00edtica SE PONEN SUS MO\u00d1OS \u2026Sab\u00edan ustedes amables lectoras y lectores que los veracruzanos que viajen en sus veh\u00edculos al vecino estado de Puebla, primero tienen que solicitar al gobierno de esa entidad un \u201cpase tur\u00edstico\u201d, que puede ser de tres a 14 d\u00edas, pues de no hacerlo e ingresa sin esa [&hellip;]<\/p>\n","protected":false},"author":2,"featured_media":0,"comment_status":"closed","ping_status":"closed","sticky":false,"template":"","format":"standard","meta":{"_jetpack_newsletter_access":"","_jetpack_dont_email_post_to_subs":false,"_jetpack_newsletter_tier_id":0,"_jetpack_memberships_contains_paywalled_content":false,"_jetpack_memberships_contains_paid_content":false,"footnotes":""},"categories":[70],"tags":[36971,1606,36691,3132],"class_list":["post-101493","post","type-post","status-publish","format-standard","hentry","category-de-opinion","tag-comision-ambiental-de-la-megalopolis","tag-guadalupe-h-mar","tag-pase-turistico","tag-puebla"],"jetpack_featured_media_url":"","jetpack_sharing_enabled":true,"jetpack_shortlink":"https:\/\/wp.me\/s4Qcd3-poblanos","_links":{"self":[{"href":"https:\/\/lospoliticosveracruz.com.mx\/index.php?rest_route=\/wp\/v2\/posts\/101493","targetHints":{"allow":["GET"]}}],"collection":[{"href":"https:\/\/lospoliticosveracruz.com.mx\/index.php?rest_route=\/wp\/v2\/posts"}],"about":[{"href":"https:\/\/lospoliticosveracruz.com.mx\/index.php?rest_route=\/wp\/v2\/types\/post"}],"author":[{"embeddable":true,"href":"https:\/\/lospoliticosveracruz.com.mx\/index.php?rest_route=\/wp\/v2\/users\/2"}],"replies":[{"embeddable":true,"href":"https:\/\/lospoliticosveracruz.com.mx\/index.php?rest_route=%2Fwp%2Fv2%2Fcomments&post=101493"}],"version-history":[{"count":1,"href":"https:\/\/lospoliticosveracruz.com.mx\/index.php?rest_route=\/wp\/v2\/posts\/101493\/revisions"}],"predecessor-version":[{"id":101495,"href":"https:\/\/lospoliticosveracruz.com.mx\/index.php?rest_route=\/wp\/v2\/posts\/101493\/revisions\/101495"}],"wp:attachment":[{"href":"https:\/\/lospoliticosveracruz.com.mx\/index.php?rest_route=%2Fwp%2Fv2%2Fmedia&parent=101493"}],"wp:term":[{"taxonomy":"category","embeddable":true,"href":"https:\/\/lospoliticosveracruz.com.mx\/index.php?rest_route=%2Fwp%2Fv2%2Fcategories&post=101493"},{"taxonomy":"post_tag","embeddable":true,"href":"https:\/\/lospoliticosveracruz.com.mx\/index.php?rest_route=%2Fwp%2Fv2%2Ftags&post=101493"}],"curies":[{"name":"wp","href":"https:\/\/api.w.org\/{rel}","templated":true}]}}