{"id":101530,"date":"2023-01-24T00:09:46","date_gmt":"2023-01-24T06:09:46","guid":{"rendered":"https:\/\/lospoliticosveracruz.com.mx\/?p=101530"},"modified":"2023-01-24T00:09:51","modified_gmt":"2023-01-24T06:09:51","slug":"cuitlahuac-y-el-veracruz-violento","status":"publish","type":"post","link":"https:\/\/lospoliticosveracruz.com.mx\/?p=101530","title":{"rendered":"CUITL\u00c1HUAC Y EL VERACRUZ VIOLENTO"},"content":{"rendered":"\n<p><strong>Ricardo Ch\u00faa<\/strong><\/p>\n\n\n\n<p><em>Sale y Vale\u00a0<\/em><\/p>\n\n\n\n<p>Despu\u00e9s de las ejecuciones y los hechos sangrientos del pasado domingo en la zona de Las Bajadas en el puerto de Veracruz&#8230; Donde 6 personas perdieron la vida, entre ellas dos ni\u00f1os de\u00a0\u00a07 y 10 a\u00f1os de edad, independientemente si el jefe de la familia que fue ajusticiada.. Se dedicaba o no a actividades il\u00edcitas.. Y era un ente pol\u00edtico y adem\u00e1s generador de violencia en la zona norte de la entidad veracruzana&#8230; El hecho real es que la inseguridad y la violencia sigue creciendo en el Estado.. Y no para&#8230;<\/p>\n\n\n\n<figure class=\"wp-block-image size-full\"><a href=\"https:\/\/lospoliticosveracruz.com.mx\/wp-content\/uploads\/2022\/05\/Seguro-Julio-Cerecedo.jpg\"><img decoding=\"async\" src=\"https:\/\/lospoliticosveracruz.com.mx\/wp-content\/uploads\/2022\/05\/Seguro-Julio-Cerecedo.jpg\" alt=\"\" class=\"wp-image-90414\"\/><\/a><\/figure>\n\n\n\n<p>As\u00ed que a pesar de los argumentos utilizados por el gobernador, Cuitl\u00e1huac Garc\u00eda Jim\u00e9nez, ayer lunes, para justificar la masacre y se\u00f1alar que son \u00abhechos aislados\u00bb y que el personaje acribillado en un taxi era un \u00abjefe de plaza\u00bb de un grupo criminal en el norte de la entidad&#8230; Su gobierno estatal queda muy mal parado.. Ya que todo el 2022 hab\u00eda presumido mucho que los delitos hab\u00edan bajado&#8230;Pero la realidad es otra.. Ya que no son los delitos del fuero com\u00fan, tampoco son los abrazos&#8230; Sino que es la maldita inseguridad y los grupos fuera de la ley&#8230;<\/p>\n\n\n\n<p>Desde el inicio de su administraci\u00f3n, Cuitl\u00e1huac Garc\u00eda ha se\u00f1alado que en los anteriores gobiernos, que lo antecedieron, hab\u00eda acuerdos \u00abbajo el agua\u00bb.. Que unos eran econ\u00f3micos, otros s\u00f3lo lo hac\u00edan para parecer desapercibidos&#8230; Pero lo que es una realidad, es que hoy existe un gran descontrol de esos grupos fuera de la ley en el Veracruz que \u00e9l gobierna&#8230; \u00bfDe qu\u00e9 sirve bajar los delitos de fuero com\u00fan?, si no se genera una verdadera pol\u00edtica de reinserci\u00f3n social&#8230; Si la delincuencia contin\u00faa impune&#8230;<\/p>\n\n\n\n<p>Asimismo de qu\u00e9 sirve hablar que bajaron los robos a casa habitaci\u00f3n.. Si al final esos delincuentes son reclutados por el hampa&#8230; Por lo general quedan bajo la protecci\u00f3n de altos funcionarios&#8230; Y no pasa nada&#8230; La muestra est\u00e1 en lo que pasa en las regiones de Veracruz, donde cuando no es un hecho violento, es otro sangriento y as\u00ed va pasando el tiempo&#8230; De qu\u00e9 puede servir que el gobernador diga que son \u00abhechos aislados\u00bb si hoy la zona conurbada de Veracruz-Boca del R\u00edo y Medell\u00edn de Bravo vive con temor y ya no quiere m\u00e1s abrazos&#8230;<\/p>\n\n\n\n<p>Si bien es cierto dice Cuitl\u00e1huac que como gobernador, no se puede poner \u00abchocante\u00bb si le piden una foto aunque despu\u00e9s resulte que era un activo de grupos fuera de la ley.. Pero si en 2018, MORENA y \u00e9l fustigaron a Fernando Yunes por un caso similar en Cosoleacaque y qu\u00e9 c\u00f3mo era posible esa foto&#8230; Ahora \u00e9l dice que no puede poner sus \u00abmo\u00f1os\u00bb&#8230; Pero por qu\u00e9 se los pone cuando tocan temas de violencia o sangrientos .. Lo real es que muchos de estos personajes est\u00e1n metidos a pol\u00edtico y son postulados por partidos pol\u00edticos aliados a la 4T&#8230;&nbsp; &nbsp;<\/p>\n\n\n\n<p>Sobre todo porque ante la percepci\u00f3n ciudadana, se tiene pensado que un gobernador.. Es la persona m\u00e1s informada del Estado. Que sabe d\u00f3nde y c\u00f3mo operan c\u00e9lulas de grupos fuera de la ley.. Y desde que asumi\u00f3 el poder en Veracruz en 2018, tiene sus reuniones cada ma\u00f1ana con altos mandos de seguridad del Estado.. Por eso, no se explica como es posible que a plena luz del d\u00eda masacran a 6 personas, entre ellas dos ni\u00f1os&#8230; Y los causantes suben a sus veh\u00edculos sin prisa, sin temor como si se hubiesen parado a cambiar una llanta&#8230;&nbsp;<\/p>\n\n\n\n<p>Por eso no se entiende qu\u00e9 pasa con Cuitl\u00e1huac Garc\u00eda cuando ocurren hechos sangrientos como los del domingo.. El gobernador se ve disperso y desinformado.. Pero no ser\u00e1 qu\u00e9 alguien de su gabinete o gobierno federal, le esconde la cruda realidad o qu\u00e9 no le conf\u00edan ese tipo de informaci\u00f3n.. El mandatario puede manejar a su antojo los recursos del Estado, tener la mayor\u00eda de alcaldes y diputados&#8230; Lo mismo ten\u00eda Javier Duarte en Veracruz.. Pero cu\u00e1l fue el resultado con la inseguridad.. Que fue rebasado y el final ya lo sabemos&#8230;<\/p>\n\n\n\n<p>Cuitl\u00e1huac Garc\u00eda tiene m\u00e1s de un a\u00f1o y 8 meses para recomponer las cosas en materia de seguridad.. Deshacerse de lo que no le funciona y colocar personajes que s\u00ed dan resultados.. Tal como lo dijo en diciembre del 2018, cuando dio su discurso en el Congreso del Estado al iniciar su mandato.. Pero el tiempo ya le gan\u00f3 y no cumpli\u00f3 con pacificar Veracruz en 2 a\u00f1os.. Vienen elecciones y si no quiere que el Estado se le salga del control.. Tendr\u00e1 que \u00abapretar\u00bb sino el voto de castigo a MORENA ser\u00e1 inmenso&#8230; DIOS SI PERDONA, EL PUEBLO NO&#8230;&nbsp;<\/p>\n\n\n\n<p>&nbsp;SERGIO GUTI\u00c9RREZ, EL ULTIM\u00c1TUM&#8230;&nbsp;&nbsp;Cuenta \u00abGarganta Profunda\u00bb que el diputado federal minatitleco, Sergio Guti\u00e9rrez Luna, fue llamado desde Palacio Nacional, este fin de semana, para darle una \u00abADVERTENCIA\u00bb muy directa&#8230; Si quiere ser el candidato a gobernador por Veracruz de MORENA&#8230; Tiene de aqu\u00ed hasta mayo para crecer en la percepci\u00f3n ciudadana veracruzana en las encuestas que aplique el comit\u00e9 nacional de MORENA para que sea tomado en cuenta como el posible aspirante oficial de este partido en la entidad&#8230;<\/p>\n\n\n\n<p>Caso contrario el minatitleco ser\u00eda retirado de la contienda interna por orden directa del principal inquilino de Palacio Nacional&#8230; Ya que se dice que Andr\u00e9s Manuel L\u00f3pez Obrador, ha desechado la otra opci\u00f3n que ten\u00eda para Veracruz hasta hace unos meses&#8230; Ahora le dan la oportunidad real a Sergio Guti\u00e9rrez Luna para que haga su \u00abchamba\u00bb y pueda crecer ante la percepci\u00f3n p\u00fablica en Veracruz.. Si lo hace en estos 5 meses.. Podr\u00eda quedarse con esta candidatura&#8230; Caso contrario que se vaya despidiendo del sue\u00f1o&#8230;<\/p>\n\n\n\n<p>OJO lo que es un hecho es que tal como lo hizo Andr\u00e9s Manuel L\u00f3pez Obrador en muchas ocasiones antes y durante los a\u00f1os que Cuitl\u00e1huac Garc\u00eda fue candidato y luego gobernador de Veracruz por MORENA&#8230; Ahora Ad\u00e1n Augusto L\u00f3pez Hern\u00e1ndez, secretario de Gobernaci\u00f3n, el ahora m\u00e1s fuerte candidato Presidencial de los Morenos y adem\u00e1s el principal impulsor de Sergio Guti\u00e9rrez para que logre esta candidatura en Veracruz.. Viene ahora a apoyarlo y respaldarlo de nuevo a su tierra&#8230;<\/p>\n\n\n\n<p>Ad\u00e1n Augusto L\u00f3pez Hern\u00e1ndez, secretario de Gobernaci\u00f3n, estar\u00e1 HOY en una REUNI\u00d3N PRIVADA en el municipio de Boca del R\u00edo, en conocido sal\u00f3n social, all\u00e1 por la zona de Jardines de Mocambo&#8230; Donde se reunir\u00e1 con Sergio Guti\u00e9rrez Luna y sus cercanos&#8230; El acceso ser\u00e1 controlado y ah\u00ed el titular de SEGOB estar\u00e1 en reuni\u00f3n con el diputado federal y fuerte aspirante a ser candidato a gobernador de Veracruz por MORENA&#8230; Son TIEMPOS DE DEFINICIONES y el tabasque\u00f1o, Ad\u00e1n Augusto L\u00f3pez YA SE DEFINI\u00d3 en Veracruz&#8230; AMEN&#8230;<\/p>\n","protected":false},"excerpt":{"rendered":"<p>Ricardo Ch\u00faa Sale y Vale\u00a0 Despu\u00e9s de las ejecuciones y los hechos sangrientos del pasado domingo en la zona de Las Bajadas en el puerto de Veracruz&#8230; Donde 6 personas perdieron la vida, entre ellas dos ni\u00f1os de\u00a0\u00a07 y 10 a\u00f1os de edad, independientemente si el jefe de la familia que fue ajusticiada.. Se dedicaba [&hellip;]<\/p>\n","protected":false},"author":2,"featured_media":0,"comment_status":"closed","ping_status":"closed","sticky":false,"template":"","format":"standard","meta":{"_jetpack_newsletter_access":"","_jetpack_dont_email_post_to_subs":false,"_jetpack_newsletter_tier_id":0,"_jetpack_memberships_contains_paywalled_content":false,"_jetpack_memberships_contains_paid_content":false,"footnotes":""},"categories":[70],"tags":[618,1563,9110,36968,1026,13604,16147,195,463],"class_list":["post-101530","post","type-post","status-publish","format-standard","hentry","category-de-opinion","tag-andres-manuel-lopez-obrador","tag-cuitlahuac-garcia-jimenez","tag-ejecutados","tag-las-bajadas","tag-morena","tag-ricardo-chua","tag-sergio-gutierrez-luna","tag-veracruz","tag-violencia"],"jetpack_featured_media_url":"","jetpack_sharing_enabled":true,"jetpack_shortlink":"https:\/\/wp.me\/p4Qcd3-qpA","_links":{"self":[{"href":"https:\/\/lospoliticosveracruz.com.mx\/index.php?rest_route=\/wp\/v2\/posts\/101530","targetHints":{"allow":["GET"]}}],"collection":[{"href":"https:\/\/lospoliticosveracruz.com.mx\/index.php?rest_route=\/wp\/v2\/posts"}],"about":[{"href":"https:\/\/lospoliticosveracruz.com.mx\/index.php?rest_route=\/wp\/v2\/types\/post"}],"author":[{"embeddable":true,"href":"https:\/\/lospoliticosveracruz.com.mx\/index.php?rest_route=\/wp\/v2\/users\/2"}],"replies":[{"embeddable":true,"href":"https:\/\/lospoliticosveracruz.com.mx\/index.php?rest_route=%2Fwp%2Fv2%2Fcomments&post=101530"}],"version-history":[{"count":1,"href":"https:\/\/lospoliticosveracruz.com.mx\/index.php?rest_route=\/wp\/v2\/posts\/101530\/revisions"}],"predecessor-version":[{"id":101532,"href":"https:\/\/lospoliticosveracruz.com.mx\/index.php?rest_route=\/wp\/v2\/posts\/101530\/revisions\/101532"}],"wp:attachment":[{"href":"https:\/\/lospoliticosveracruz.com.mx\/index.php?rest_route=%2Fwp%2Fv2%2Fmedia&parent=101530"}],"wp:term":[{"taxonomy":"category","embeddable":true,"href":"https:\/\/lospoliticosveracruz.com.mx\/index.php?rest_route=%2Fwp%2Fv2%2Fcategories&post=101530"},{"taxonomy":"post_tag","embeddable":true,"href":"https:\/\/lospoliticosveracruz.com.mx\/index.php?rest_route=%2Fwp%2Fv2%2Ftags&post=101530"}],"curies":[{"name":"wp","href":"https:\/\/api.w.org\/{rel}","templated":true}]}}