{"id":101642,"date":"2023-01-25T20:39:48","date_gmt":"2023-01-26T02:39:48","guid":{"rendered":"https:\/\/lospoliticosveracruz.com.mx\/?p=101642"},"modified":"2023-01-25T20:39:58","modified_gmt":"2023-01-26T02:39:58","slug":"orfis-la-comparecencia","status":"publish","type":"post","link":"https:\/\/lospoliticosveracruz.com.mx\/?p=101642","title":{"rendered":"ORFIS, LA COMPARECENCIA"},"content":{"rendered":"\n<p><strong>Enrique Yasser Pompeyo<br><\/strong><em>Mesa de Redacci\u00f3n<\/em><\/p>\n\n\n\n<p>Tras la comparecencia de la titular del \u00d3rgano de Fiscalizaci\u00f3n Superior de Veracruz (ORFIS), Delia Gonz\u00e1lez Cobos ante los diputados locales, destaca un aspecto: el principal reto ha sido legitimar la tarea fiscalizadora y demostrar a la sociedad que en el ente aut\u00f3nomo \u201cse act\u00faa con integridad, imparcialidad, transparencia y bajo estrictos est\u00e1ndares de calidad\u201d.<\/p>\n\n\n\n<figure class=\"wp-block-image size-full\"><a href=\"https:\/\/lospoliticosveracruz.com.mx\/wp-content\/uploads\/2022\/05\/Seguro-Julio-Cerecedo.jpg\"><img decoding=\"async\" src=\"https:\/\/lospoliticosveracruz.com.mx\/wp-content\/uploads\/2022\/05\/Seguro-Julio-Cerecedo.jpg\" alt=\"\" class=\"wp-image-90414\"\/><\/a><\/figure>\n\n\n\n<p>Un caso que gener\u00f3 mucha pol\u00e9mica fue la revisi\u00f3n de la Cuenta P\u00fablica del ejercicio fiscal 2021, particularmente de los ayuntamientos.<\/p>\n\n\n\n<p>La Auditora General fue enf\u00e1tica en ese tema: \u201cesta instituci\u00f3n trabaj\u00f3 de manera objetiva, \u00edntegra e imparcial para determinar los resultados presentados el 30 de septiembre de 2022; el ORFIS acata y cumple a cabalidad el mandato de realizar una nueva valoraci\u00f3n en los t\u00e9rminos precisados en el Decreto 242\u201d.<\/p>\n\n\n\n<p>La demanda es generalizada, tanto de los legisladores como de la poblaci\u00f3n, que se vaya a fondo, sin margen que favorezca a quien o quienes saqueen los recursos p\u00fablicos.<\/p>\n\n\n\n<p>Y es que, por ejemplo, en materia de obra, hubo denuncias p\u00fablicas de diferentes sectores en varios municipios, en las que se acusaba a ex autoridades de inflar presupuestos, de justificar \u201cobras fantasma\u201d o de emplear recursos p\u00fablicos en su beneficio.<\/p>\n\n\n\n<p>En ese sentido, Delia Gonz\u00e1lez Cobos se\u00f1ala dos aspectos importantes: por un lado, durante el ejercicio 2021 se sugiri\u00f3 la \u201cactuaci\u00f3n oportuna\u201d del \u00d3rgano Interno de Control, en este caso, las contralor\u00edas municipales para que dieran seguimiento a las observaciones emitidas en los dict\u00e1menes e iniciaran procedimientos de investigaci\u00f3n, substanciaci\u00f3n o, en su caso, realizar las denuncias procedentes.<\/p>\n\n\n\n<p>Por otro lado, cuando el personal del ente fiscalizador busc\u00f3 a ex servidores p\u00fablicos, incluidos ex alcaldes, para entregarles las notificaciones para solventar observaciones, simplemente no fueron encontrados, \u201cdesaparecieron\u201d.<\/p>\n\n\n\n<p>A lo anterior se suma el hecho de que en algunos ayuntamientos actuales no existi\u00f3 la disposici\u00f3n para otorgar la informaci\u00f3n requerida respecto de las ex autoridades municipales.<\/p>\n\n\n\n<p>Ahora, de lo que se trata es de sancionar el saqueo patrimonial, tras el robo constante a las arcas municipales, las obras de p\u00e9sima calidad y el enriquecimiento inexplicable de las ex autoridades municipales.<\/p>\n\n\n\n<p>Como la misma Auditora General lo afirma, \u201ctransparentar, fiscalizar y controlar no debe entenderse como un acto de mala fe o seguimiento personal\u201d, ya que \u201ctodo acto se dirige a un bien com\u00fan\u201d.<\/p>\n\n\n\n<p>Sobre todo, cuando destaca que est\u00e1 convencida de que el combate a la corrupci\u00f3n debe iniciar desde casa, pues, incluso, mantienen la certificaci\u00f3n del Sistema de Gesti\u00f3n Antisoborno ISO 37001, \u201cdel que orgullosamente somos una de las dos instituciones p\u00fablicas que a nivel nacional cuentan con esta certificaci\u00f3n\u201d.<\/p>\n\n\n\n<p>De manera que se esperan resultados contundentes tras la presentaci\u00f3n y aprobaci\u00f3n de la Cuenta P\u00fablica 2021.<\/p>\n\n\n\n<p>enriquepompeyo@hotmail.com<\/p>\n","protected":false},"excerpt":{"rendered":"<p>Enrique Yasser PompeyoMesa de Redacci\u00f3n Tras la comparecencia de la titular del \u00d3rgano de Fiscalizaci\u00f3n Superior de Veracruz (ORFIS), Delia Gonz\u00e1lez Cobos ante los diputados locales, destaca un aspecto: el principal reto ha sido legitimar la tarea fiscalizadora y demostrar a la sociedad que en el ente aut\u00f3nomo \u201cse act\u00faa con integridad, imparcialidad, transparencia y [&hellip;]<\/p>\n","protected":false},"author":2,"featured_media":0,"comment_status":"closed","ping_status":"closed","sticky":false,"template":"","format":"standard","meta":{"_jetpack_newsletter_access":"","_jetpack_dont_email_post_to_subs":false,"_jetpack_newsletter_tier_id":0,"_jetpack_memberships_contains_paywalled_content":false,"_jetpack_memberships_contains_paid_content":false,"footnotes":""},"categories":[70],"tags":[15181,15477,135],"class_list":["post-101642","post","type-post","status-publish","format-standard","hentry","category-de-opinion","tag-delia-gonzalez-cobos","tag-enrique-yasser-pompeyo","tag-orfis"],"jetpack_featured_media_url":"","jetpack_sharing_enabled":true,"jetpack_shortlink":"https:\/\/wp.me\/p4Qcd3-qro","_links":{"self":[{"href":"https:\/\/lospoliticosveracruz.com.mx\/index.php?rest_route=\/wp\/v2\/posts\/101642","targetHints":{"allow":["GET"]}}],"collection":[{"href":"https:\/\/lospoliticosveracruz.com.mx\/index.php?rest_route=\/wp\/v2\/posts"}],"about":[{"href":"https:\/\/lospoliticosveracruz.com.mx\/index.php?rest_route=\/wp\/v2\/types\/post"}],"author":[{"embeddable":true,"href":"https:\/\/lospoliticosveracruz.com.mx\/index.php?rest_route=\/wp\/v2\/users\/2"}],"replies":[{"embeddable":true,"href":"https:\/\/lospoliticosveracruz.com.mx\/index.php?rest_route=%2Fwp%2Fv2%2Fcomments&post=101642"}],"version-history":[{"count":1,"href":"https:\/\/lospoliticosveracruz.com.mx\/index.php?rest_route=\/wp\/v2\/posts\/101642\/revisions"}],"predecessor-version":[{"id":101645,"href":"https:\/\/lospoliticosveracruz.com.mx\/index.php?rest_route=\/wp\/v2\/posts\/101642\/revisions\/101645"}],"wp:attachment":[{"href":"https:\/\/lospoliticosveracruz.com.mx\/index.php?rest_route=%2Fwp%2Fv2%2Fmedia&parent=101642"}],"wp:term":[{"taxonomy":"category","embeddable":true,"href":"https:\/\/lospoliticosveracruz.com.mx\/index.php?rest_route=%2Fwp%2Fv2%2Fcategories&post=101642"},{"taxonomy":"post_tag","embeddable":true,"href":"https:\/\/lospoliticosveracruz.com.mx\/index.php?rest_route=%2Fwp%2Fv2%2Ftags&post=101642"}],"curies":[{"name":"wp","href":"https:\/\/api.w.org\/{rel}","templated":true}]}}