{"id":102231,"date":"2023-02-07T17:07:01","date_gmt":"2023-02-07T23:07:01","guid":{"rendered":"https:\/\/lospoliticosveracruz.com.mx\/?p=102231"},"modified":"2023-02-07T17:07:06","modified_gmt":"2023-02-07T23:07:06","slug":"vida-de-burbuja","status":"publish","type":"post","link":"https:\/\/lospoliticosveracruz.com.mx\/?p=102231","title":{"rendered":"VIDA DE BURBUJA"},"content":{"rendered":"\n<p><strong>Jorge Arturo Rodr\u00edguez<\/strong><\/p>\n\n\n\n<p><em>Tierra de Babel\u00a0<\/em><\/p>\n\n\n\n<p>\u201cEl que desee vivir en paz con la sociedad debe forzosamente optar por uno de estos dos medios: callar o mentir\u201d. (Francisco Sosa).<\/p>\n\n\n\n<p><a href=\"https:\/\/youtu.be\/Nxe-vxf8GuY\"><\/a><\/p>\n\n\n\n<figure class=\"wp-block-embed is-type-video is-provider-youtube wp-block-embed-youtube wp-embed-aspect-16-9 wp-has-aspect-ratio\"><div class=\"wp-block-embed__wrapper\">\n<span class=\"embed-youtube\" style=\"text-align:center; display: block;\"><iframe loading=\"lazy\" class=\"youtube-player\" width=\"750\" height=\"422\" src=\"https:\/\/www.youtube.com\/embed\/Nxe-vxf8GuY?version=3&#038;rel=1&#038;showsearch=0&#038;showinfo=1&#038;iv_load_policy=1&#038;fs=1&#038;hl=es-ES&#038;autohide=2&#038;wmode=transparent\" allowfullscreen=\"true\" style=\"border:0;\" sandbox=\"allow-scripts allow-same-origin allow-popups allow-presentation allow-popups-to-escape-sandbox\"><\/iframe><\/span>\n<\/div><\/figure>\n\n\n\n<p>Mientras me como unos tamalitos \u2013de esos que sobrevivieron el D\u00eda de la Candelaria,&nbsp;&nbsp;pero que, finalmente, son devorados por ansiosos olvidados de Dios-, me entero de purititas malas noticias, y entonces pienso: \u201cEsto est\u00e1 mal, vamos de mal en peor\u201d. S\u00ed, me digo, y me interrogo: \u00bfQu\u00e9 chingaos nos estamos haciendo? \u00bfQu\u00e9 estaremos pagando? \u00bfEn verdad nos hemos portado tan mal? Y otra vez el tamal. Me r\u00edo, porque como o\u00ed por ah\u00ed, la vida es demasiado corta para estar serio todo el tiempo. Si no puedes re\u00edrte de ti mismo, ll\u00e1mame, yo me reir\u00e9 de ti. Claro que s\u00ed: pa\u2019 sufrir, los otros; pa\u2019 re\u00edr, aqu\u00ed toy. El que tenga o\u00eddos\u2026<\/p>\n\n\n\n<p>Acto seguido, sin dejar de tragar tamalitos, me acord\u00e9 del chiste:<\/p>\n\n\n\n<p>-Oye, te invito ma\u00f1ana a mi casa a comer tamales.<\/p>\n\n\n\n<p>-Soy vegetariano.&nbsp;<\/p>\n\n\n\n<p>-No importa, t\u00fa te comes las hojas.<\/p>\n\n\n\n<p>Carajos, y dicen que la vida es bella. S\u00ed, por supuesto, pero para aquellos que sufren terriblemente, la vida es totalmente desgraciada, por X o por Y, o por lo que ustedes gusten. \u00bfAs\u00ed ha sido siempre? No recuerdo qui\u00e9n dijo que \u201csiempre\u201d es una palabra que nunca debes decir. No me complico la vida. Sin embargo, ya saben ustedes del terremoto en Turqu\u00eda y Siria\u2026 Que Dios nos agarre confesado o, por lo menos, que no nos agarre en el WC.<\/p>\n\n\n\n<p>Hace unos d\u00edas, el secretario general de la ONU, Antonio Guterres, se\u00f1al\u00f3: \u201cGuerra en Ucrania, crisis clim\u00e1tica, pobreza extrema&#8230; Hemos iniciado 2023 ante una convergencia de desaf\u00edos nunca vistos en nuestras vidas. Temo que el mundo est\u00e9 avanzando dormido como un son\u00e1mbulo hacia una guerra m\u00e1s amplia y temo que lo est\u00e9 haciendo con los ojos muy abiertos. Debemos despertar y ponernos manos a la obra\u201d.<\/p>\n\n\n\n<p>Agreg\u00f3: \u201cLas perspectivas de paz no cesan de reducirse. Los riesgos de una escalada y una carnicer\u00eda m\u00e1s no cesan de aumentar\u201d. Denunci\u00f3 la ausencia de \u201cvisi\u00f3n estrat\u00e9gica\u201d y \u201csesgo\u201d cortoplacista de los responsables pol\u00edticos y econ\u00f3micos\u201d. \u00bfA poco?<\/p>\n\n\n\n<p>S\u00ed, estamos dormidos. Nada nos preocupa, pese a que vemos, en el siguiente paso, el precipicio. \u201cDespertar pensando: \u00bfQu\u00e9 d\u00eda? \u00bfQu\u00e9 luz? \u00bfQui\u00e9n soy?\u201d, escribi\u00f3 Francisco Tario. \u00bfQu\u00e9 hacemos, Quimosabi?<\/p>\n\n\n\n<p>Bueno, Eusebio Ruvalcaba escribi\u00f3: \u201cNada mejor que pasar inadvertido, que ser invisible. En la medida que no existimos para la humanidad, la humanidad nos deja en paz\u201d. Yo me quedo con lo que dijo Jos\u00e9 Ortega y Gasset: \u201cLa forma de vivir, que es siempre tremebunda, consiste en saber convivir, porque la vida es convivencia\u201d.<\/p>\n\n\n\n<p>Apuesten\u2026 Que la vida es una t\u00f3mbola\u2026 Por aquello de\u2026 Ah\u00ed se las dejo de tarea.<\/p>\n\n\n\n<p>Los d\u00edas y los temas<\/p>\n\n\n\n<p>Dice la escritora Nuria Kaiser que \u201ctodos los problemas de M\u00e9xico acaban desembocando en esos dos temas: la impunidad y la corrupci\u00f3n, y sobre todo que este es un pa\u00eds en donde si t\u00fa tienes dinero, puedes salir avante o puedes salir de situaciones jur\u00eddicas, y otras personas no tienen esa oportunidad aunque sean inocentes\u201d. \u00bfSer\u00e1?<\/p>\n\n\n\n<p>Al referirse a su reciente novela Una vida de mentiras, mencion\u00f3 que \u201cese mundo de mentiras tambi\u00e9n se refiere a M\u00e9xico, a la mentira en la que estamos viviendo, que no queremos ver la realidad que estamos viviendo, no la queremos nombrar, preferimos ya no ver las noticias porque es apabullante, sin embargo, s\u00ed creo que a veces, sobre todo ciertos sectores de la sociedad, prefieren construir una burbuja alrededor o simplemente su posici\u00f3n econ\u00f3mica permite que se construya esa burbuja\u201d.<\/p>\n\n\n\n<p>Quien tenga o\u00eddos\u2026<\/p>\n\n\n\n<p>De cinismo y anexas<\/p>\n\n\n\n<p>Nos ponemos en modo serio y profundo (\u00bf?). Robert Louis Stevenson escribi\u00f3 \u201cLos cuatro reformistas\u201d. Ah\u00ed les va:<\/p>\n\n\n\n<p>\u201cCuatro reformistas se reunieron junto a una zarza. Todos coincid\u00edan en la necesidad de cambiar el mundo.<\/p>\n\n\n\n<p>\u2014Debemos abolir la propiedad \u2014dijo el primero.<\/p>\n\n\n\n<p>\u2014Debemos abolir el matrimonio \u2014dijo el segundo.<\/p>\n\n\n\n<p>\u2014Debemos abolir a Dios \u2014dijo el tercero.<\/p>\n\n\n\n<p>\u2014A m\u00ed me gustar\u00eda abolir el trabajo \u2014dijo el cuarto.<\/p>\n\n\n\n<p>\u2014No vayamos m\u00e1s all\u00e1 de la pol\u00edtica pr\u00e1ctica \u2014dijo el primero\u2014. Lo principal es reducir a los hombres a un nivel com\u00fan.<\/p>\n\n\n\n<p>\u2014Lo principal es otorgar libertad a ambos sexos \u2014dijo el segundo.<\/p>\n\n\n\n<p>\u2014Lo principal es encontrar la manera de hacerlo \u2014dijo el tercero.<\/p>\n\n\n\n<p>\u2014Lo primero es abolir la Biblia \u2014dijo el primero.<\/p>\n\n\n\n<p>\u2014Lo principal es abolir las leyes \u2014dijo el segundo.<\/p>\n\n\n\n<p>\u2014Lo principal es abolir la humanidad \u2014dijo el tercero.\u201d<\/p>\n\n\n\n<p>Ah\u00ed se ven.<\/p>\n\n\n\n<p><\/p>\n","protected":false},"excerpt":{"rendered":"<p>Jorge Arturo Rodr\u00edguez Tierra de Babel\u00a0 \u201cEl que desee vivir en paz con la sociedad debe forzosamente optar por uno de estos dos medios: callar o mentir\u201d. (Francisco Sosa). Mientras me como unos tamalitos \u2013de esos que sobrevivieron el D\u00eda de la Candelaria,&nbsp;&nbsp;pero que, finalmente, son devorados por ansiosos olvidados de Dios-, me entero de [&hellip;]<\/p>\n","protected":false},"author":2,"featured_media":0,"comment_status":"closed","ping_status":"closed","sticky":false,"template":"","format":"standard","meta":{"_jetpack_newsletter_access":"","_jetpack_dont_email_post_to_subs":false,"_jetpack_newsletter_tier_id":0,"_jetpack_memberships_contains_paywalled_content":false,"_jetpack_memberships_contains_paid_content":false,"footnotes":""},"categories":[70],"tags":[32126,2677],"class_list":["post-102231","post","type-post","status-publish","format-standard","hentry","category-de-opinion","tag-dia-de-la-candelaria","tag-jorge-arturo-rodriguez"],"jetpack_featured_media_url":"","jetpack_sharing_enabled":true,"jetpack_shortlink":"https:\/\/wp.me\/p4Qcd3-qAT","_links":{"self":[{"href":"https:\/\/lospoliticosveracruz.com.mx\/index.php?rest_route=\/wp\/v2\/posts\/102231","targetHints":{"allow":["GET"]}}],"collection":[{"href":"https:\/\/lospoliticosveracruz.com.mx\/index.php?rest_route=\/wp\/v2\/posts"}],"about":[{"href":"https:\/\/lospoliticosveracruz.com.mx\/index.php?rest_route=\/wp\/v2\/types\/post"}],"author":[{"embeddable":true,"href":"https:\/\/lospoliticosveracruz.com.mx\/index.php?rest_route=\/wp\/v2\/users\/2"}],"replies":[{"embeddable":true,"href":"https:\/\/lospoliticosveracruz.com.mx\/index.php?rest_route=%2Fwp%2Fv2%2Fcomments&post=102231"}],"version-history":[{"count":1,"href":"https:\/\/lospoliticosveracruz.com.mx\/index.php?rest_route=\/wp\/v2\/posts\/102231\/revisions"}],"predecessor-version":[{"id":102233,"href":"https:\/\/lospoliticosveracruz.com.mx\/index.php?rest_route=\/wp\/v2\/posts\/102231\/revisions\/102233"}],"wp:attachment":[{"href":"https:\/\/lospoliticosveracruz.com.mx\/index.php?rest_route=%2Fwp%2Fv2%2Fmedia&parent=102231"}],"wp:term":[{"taxonomy":"category","embeddable":true,"href":"https:\/\/lospoliticosveracruz.com.mx\/index.php?rest_route=%2Fwp%2Fv2%2Fcategories&post=102231"},{"taxonomy":"post_tag","embeddable":true,"href":"https:\/\/lospoliticosveracruz.com.mx\/index.php?rest_route=%2Fwp%2Fv2%2Ftags&post=102231"}],"curies":[{"name":"wp","href":"https:\/\/api.w.org\/{rel}","templated":true}]}}