{"id":102299,"date":"2023-02-09T07:42:48","date_gmt":"2023-02-09T13:42:48","guid":{"rendered":"https:\/\/lospoliticosveracruz.com.mx\/?p=102299"},"modified":"2023-02-09T07:42:54","modified_gmt":"2023-02-09T13:42:54","slug":"la-pobre-y-la-rica","status":"publish","type":"post","link":"https:\/\/lospoliticosveracruz.com.mx\/?p=102299","title":{"rendered":"LA POBRE Y LA RICA"},"content":{"rendered":"\n<p><strong>Mar de Le\u00f3n<br><\/strong><em>Minuto<\/em><\/p>\n\n\n\n<p><em><br><\/em>Wendolyne cumpli\u00f3 quince a\u00f1os la semana pasada. Sus quince floridas primaveras la hacen sentirse la reina de los dioses. Esa es una raz\u00f3n por la que Wen el d\u00eda de su fiesta pidi\u00f3 que no le llevaran regalos, sino que en lugar de eso le dieran dinero. Subi\u00f3 un video presumiendo la cantidad que logr\u00f3 completar.<br>\u200bNuestra joven hero\u00edna se siente la mujer m\u00e1s rica del mundo.<\/p>\n\n\n<div class=\"wp-block-image\">\n<figure class=\"alignleft size-full is-resized\"><a href=\"https:\/\/lospoliticosveracruz.com.mx\/wp-content\/uploads\/2021\/10\/Zacauilt.jpg\"><img loading=\"lazy\" decoding=\"async\" src=\"https:\/\/lospoliticosveracruz.com.mx\/wp-content\/uploads\/2021\/10\/Zacauilt.jpg\" alt=\"\" class=\"wp-image-80558\" width=\"175\" height=\"350\"\/><\/a><\/figure><\/div>\n\n\n<p><br>\u200bLa se\u00f1ora Luc\u00eda vive en Zongolica y la semana pasada recibi\u00f3 la visita de un grupo de antrop\u00f3logos ling\u00fcistas que est\u00e1n estudiando las costumbres y el idioma de los indios que habitan esa regi\u00f3n monta\u00f1osa.<br>\u200bElla vive en una casa precaria: piso de tierra, paredes hechas con tablones y tarros, techo de l\u00e1mina en las partes m\u00e1s consistentes. El lugar donde vive es de dif\u00edcil acceso arrumbado entre montes y caminos llenos de lodo. Apenas si le alcanza para vivir con lo poco que recibe de los programas sociales del gobierno y de la venta de las artesan\u00edas que consigue hacer solamente con sus manos, porque no tiene piernas y se transporta de un lugar a otro con los brazos.<br>\u200bA nuestra hero\u00edna nahua le han dicho que es la mujer m\u00e1s pobre del mundo.<br>\u200bSin embargo, est\u00e1n equivocados en el concepto de riqueza y pobreza.<br>\u200bTodo el dinero que le regalaron a Wendolyne en realidad no puede comprar la sabidur\u00eda de cosechar los frutos de la tierra, de hacer artesan\u00edas con las manos, de la bondad de atender a sus visitas, aunque no tenga mucho que ofrecerles.<br>\u200b\u00bfQui\u00e9n es la rica y qui\u00e9n es la pobre?<\/p>\n\n\n\n<p>margl84@gmail.com<\/p>\n","protected":false},"excerpt":{"rendered":"<p>Mar de Le\u00f3nMinuto Wendolyne cumpli\u00f3 quince a\u00f1os la semana pasada. Sus quince floridas primaveras la hacen sentirse la reina de los dioses. Esa es una raz\u00f3n por la que Wen el d\u00eda de su fiesta pidi\u00f3 que no le llevaran regalos, sino que en lugar de eso le dieran dinero. Subi\u00f3 un video presumiendo la [&hellip;]<\/p>\n","protected":false},"author":2,"featured_media":0,"comment_status":"closed","ping_status":"closed","sticky":false,"template":"","format":"standard","meta":{"_jetpack_newsletter_access":"","_jetpack_dont_email_post_to_subs":false,"_jetpack_newsletter_tier_id":0,"_jetpack_memberships_contains_paywalled_content":false,"_jetpack_memberships_contains_paid_content":false,"footnotes":""},"categories":[70],"tags":[33538],"class_list":["post-102299","post","type-post","status-publish","format-standard","hentry","category-de-opinion","tag-mar-de-leon"],"jetpack_featured_media_url":"","jetpack_sharing_enabled":true,"jetpack_shortlink":"https:\/\/wp.me\/p4Qcd3-qBZ","_links":{"self":[{"href":"https:\/\/lospoliticosveracruz.com.mx\/index.php?rest_route=\/wp\/v2\/posts\/102299","targetHints":{"allow":["GET"]}}],"collection":[{"href":"https:\/\/lospoliticosveracruz.com.mx\/index.php?rest_route=\/wp\/v2\/posts"}],"about":[{"href":"https:\/\/lospoliticosveracruz.com.mx\/index.php?rest_route=\/wp\/v2\/types\/post"}],"author":[{"embeddable":true,"href":"https:\/\/lospoliticosveracruz.com.mx\/index.php?rest_route=\/wp\/v2\/users\/2"}],"replies":[{"embeddable":true,"href":"https:\/\/lospoliticosveracruz.com.mx\/index.php?rest_route=%2Fwp%2Fv2%2Fcomments&post=102299"}],"version-history":[{"count":1,"href":"https:\/\/lospoliticosveracruz.com.mx\/index.php?rest_route=\/wp\/v2\/posts\/102299\/revisions"}],"predecessor-version":[{"id":102300,"href":"https:\/\/lospoliticosveracruz.com.mx\/index.php?rest_route=\/wp\/v2\/posts\/102299\/revisions\/102300"}],"wp:attachment":[{"href":"https:\/\/lospoliticosveracruz.com.mx\/index.php?rest_route=%2Fwp%2Fv2%2Fmedia&parent=102299"}],"wp:term":[{"taxonomy":"category","embeddable":true,"href":"https:\/\/lospoliticosveracruz.com.mx\/index.php?rest_route=%2Fwp%2Fv2%2Fcategories&post=102299"},{"taxonomy":"post_tag","embeddable":true,"href":"https:\/\/lospoliticosveracruz.com.mx\/index.php?rest_route=%2Fwp%2Fv2%2Ftags&post=102299"}],"curies":[{"name":"wp","href":"https:\/\/api.w.org\/{rel}","templated":true}]}}