{"id":102810,"date":"2023-02-22T07:32:46","date_gmt":"2023-02-22T13:32:46","guid":{"rendered":"https:\/\/lospoliticosveracruz.com.mx\/?p=102810"},"modified":"2023-02-22T07:32:51","modified_gmt":"2023-02-22T13:32:51","slug":"paty-y-elon","status":"publish","type":"post","link":"https:\/\/lospoliticosveracruz.com.mx\/?p=102810","title":{"rendered":"PATY Y ELON"},"content":{"rendered":"\n<p><strong>Ricardo Ch\u00faa<\/strong><\/p>\n\n\n\n<p><em>Sale y Vale<\/em><\/p>\n\n\n\n<p>Si por alguna raz\u00f3n, Elon Musk, uno de los hombres m\u00e1s ricos del mundo.. Decidiera que su inversi\u00f3n multimillonaria en d\u00f3lares que tiene pensado hacer en M\u00e9xico y que ser\u00eda en Nuevo Le\u00f3n.. Pero al parecer siempre no..\u00a0\u00a0Toma la opci\u00f3n de hacerla en el puerto de Veracruz, despu\u00e9s de la invitaci\u00f3n p\u00fablica que le realizara la alcaldesa, Patricia Lobeira Rodr\u00edguez, d\u00e1ndole todas facilidades para que instale su empresa \u00abTesla\u00bb&#8230; No tengan duda, que Paty Lobeira se convertir\u00eda posiblemente en la pr\u00f3xima gobernadora de Veracruz&#8230;<\/p>\n\n\n<div class=\"wp-block-image\">\n<figure class=\"alignleft size-medium\"><a href=\"https:\/\/lospoliticosveracruz.com.mx\/wp-content\/uploads\/2021\/10\/Zacauilt.jpg\"><img decoding=\"async\" src=\"https:\/\/lospoliticosveracruz.com.mx\/wp-content\/uploads\/2021\/10\/Zacauilt-150x300.jpg\" alt=\"\" class=\"wp-image-80558\"\/><\/a><\/figure><\/div>\n\n\n<p>Miguel Alem\u00e1n dice que para triunfar en pol\u00edtica, se debe aplicar la ciencia, constancia y circunstancia&#8230; Pero la \u00faltima es la que m\u00e1s pesa de todas.. De esa manera, Patricia Lobeira y sus circunstancias.. Se imaginan todo lo que va a generar que Elon Musk venga a Veracruz y quede sus inversiones en la ciudad&#8230; La figura de Paty Lobeira se disparar\u00eda no solo en la entidad sino a nivel nacional.. Tendr\u00eda todos los reflectores sobre ella en 2023, en la antesala del 2024&#8230; Y si el candidato a gobernador por el PAN es mujer en Veracruz&#8230; UUUFFF<\/p>\n\n\n\n<p>S\u00f3lo habr\u00eda que saber que personaje de la oposici\u00f3n podr\u00eda lograr igualar un logro de ese tama\u00f1o.. Si Musk decide que su incierta inversi\u00f3n viene a este puerto.. Patricia Lobeira se apunt\u00f3 como lo han hecho varios para ser tomado en cuenta por el multimillonario due\u00f1o de \u00abTesla\u00bb.. Veracruz tiene el atractivo de contar con todos los servicios de agua y electricidad.. Pero adem\u00e1s tener un puerto a su disposici\u00f3n&#8230; Si las CIRCUNSTACIANCIAS le favorecen.. HABEMUS CANDIDATA AL 2024&#8230; AMEN&nbsp;<\/p>\n\n\n\n<p>EXCLUSIVA SIGALA NO TIENE LLENADERA&#8230; Cuenta \u00abGarganta Profunda\u00bb que el otrora poderoso ex Presidente del Tribunal Electoral de Veracruz, Roberto Eduardo Sigala Aguilar, que hace unas semanas \u00abbrinco\u00bb del TEV al Tribunal Estatal de Justicia Administrativa de Veracruz&nbsp;&nbsp;(TEJAV) donde despacha como Magistrado adscrito a la Sala Norte.. Y que presuntamente lleg\u00f3 como \u00abpago de favores\u00bb por servicios \u00abprestados\u00bb a MORENA en los 4 a\u00f1os de gobierno de Cuitl\u00e1huac Garc\u00eda&#8230; Dicen que quiere seguir siendo la \u00abmano que mece la cuna\u00bb en el TEV<\/p>\n\n\n\n<p>Ya que a pesar que fue denunciado por diputados federales panistas veracruzanos (Marijose Gamboa y Carlos Valenzuela) en marzo del 2022 para iniciarle un Juicio Pol\u00edtico porque sus resoluciones solo beneficiaban a MORENA de Cuitl\u00e1huac Garc\u00eda&#8230; A pesar de ello, logr\u00f3 el cargo de Magistrado del TEJAV&#8230; Ahora desde ah\u00ed quiere seguir controlando al TEV al intentar IMPONER como Magistrado electoral a su ex jefe de Asesores, Jezrel Oseas Arenas Camarillo, que ahora es secretario de Estudios y Cuenta del TEV&#8230; NO TIENEN LLENADERA<\/p>\n\n\n\n<p>Al parecer, Sigala sabe bien que vienen los \u00abmejores\u00bb tiempos para el TEV que son los electorales y estamos a punto de entrar al proceso local del 2024&#8230; Y habr\u00e1 bastante trabajo en el Tribunal&#8230; Por eso quiere impulsar a su ex asesor para que quede como magistrado y de esa manera, seguir \u00e9l OPERANDO el TEV&#8230; Ya que Oseas Arena responde a los intereses de Sigala que ha sido su jefe desde hace muchos a\u00f1os&#8230; YA QUE DEJE ALGO..&nbsp;<\/p>\n\n\n\n<p>El caso es que este movimiento fue \u00abdetectado\u00bb por personajes que desean ser Magistrados y que si permiten esta imposici\u00f3n se van a quedar mirando&#8230; Por eso, \u00abfiltran\u00bb la informaci\u00f3n que hoy formalmente queda inscrito como aspirante para llegar al TEV&#8230; Seguro Sigala buscara a sus aliados en MORENA para lograrlo&#8230; El Magistrado del TEJAV es listo porque sobrevivi\u00f3 a Javier Duarte, Miguel Yunes y ahora Cuitl\u00e1huac Garc\u00eda&#8230; Y tiene el poder para imponer a un magistrado en TEV&#8230; EN EL PA\u00cdS DE LOS CIEGOS, EL TUERTO ES EL REY<\/p>\n\n\n\n<p>LA DUDA DE CUITL\u00c1HUAC&#8230; Ya para nadie es un secreto en Veracruz&#8230; Que el gabinete de Cuitl\u00e1huac Garc\u00eda est\u00e1 \u00abpartido\u00bb en dos&#8230; Por un lado est\u00e1 su grupo de cercanos como Jos\u00e9 Luis Lima Franco, Zenyazen Escobar, Carlos Ju\u00e1rez, que son sus incondicionales al 100&#8230; Por el otro, est\u00e1 el que representa el secretario de Gobierno, Eric Cisneros Burgo, con todos los dem\u00e1s aliados.. Y entre esos dos grupos hay un \u00abenfrentamiento\u00bb pol\u00edtico sin tregua&#8230; Que est\u00e1n poniendo entredicho al gobernador para que tome alg\u00fan tipo de partido&#8230;<\/p>\n\n\n\n<p>Los se\u00f1alamientos de un grupo contra otro ha sido muy duros&#8230; La idea es que alguna de las dos cabezas caiga de una vez y el otro se quede con el resto u opere con ellos&#8230; Por eso, se intensificaron las \u00abfiltraciones\u00bb a los medios de comunicaci\u00f3n&#8230; Unos con el tema de violencia pol\u00edtica en raz\u00f3n de genero&#8230; El otro publicitando la detenci\u00f3n de alcaldes, que son aliados del otro grupo, por portaci\u00f3n de arma de fuego y luego subirlo&nbsp;&nbsp;redes.. Hasta que Cuitl\u00e1huac le otorg\u00f3 el perd\u00f3n p\u00fablico de que no es un generador de violencia&#8230;&nbsp;&nbsp;De ah\u00ed pa adelante&#8230;&nbsp;<\/p>\n\n\n\n<p>La pregunta que vale es: Cu\u00e1nto durara el gobierno de Cuitl\u00e1huac Garc\u00eda si La disputa al interior contin\u00faa por el 2024..&nbsp;&nbsp;Qui\u00e9n est\u00e1 da\u00f1ando a su gabinete atacando a uno por uno de sus miembros.. Qui\u00e9n le est\u00e1 haciendo su \u00abchamba\u00bb al xalape\u00f1o para sumir a su administraci\u00f3n en un caos.. Por qu\u00e9 el gobernador tiene que salir a responder los ataques a un funcionario, hechos por \u00abdebajo del agua\u00bb por otro funcionario&#8230; El desgaste de Cuitl\u00e1huac e impresionante.. Por qui\u00e9n se decidir\u00e1 el gobernador&#8230; Y cu\u00e1l ser\u00e1 su costo&#8230; NO HAY CONTROL<\/p>\n","protected":false},"excerpt":{"rendered":"<p>Ricardo Ch\u00faa Sale y Vale Si por alguna raz\u00f3n, Elon Musk, uno de los hombres m\u00e1s ricos del mundo.. Decidiera que su inversi\u00f3n multimillonaria en d\u00f3lares que tiene pensado hacer en M\u00e9xico y que ser\u00eda en Nuevo Le\u00f3n.. Pero al parecer siempre no..\u00a0\u00a0Toma la opci\u00f3n de hacerla en el puerto de Veracruz, despu\u00e9s de la [&hellip;]<\/p>\n","protected":false},"author":2,"featured_media":0,"comment_status":"closed","ping_status":"closed","sticky":false,"template":"","format":"standard","meta":{"_jetpack_newsletter_access":"","_jetpack_dont_email_post_to_subs":false,"_jetpack_newsletter_tier_id":0,"_jetpack_memberships_contains_paywalled_content":false,"_jetpack_memberships_contains_paid_content":false,"footnotes":""},"categories":[70],"tags":[1563,37314,1026,28226,26380,12272,37313,6753,195],"class_list":["post-102810","post","type-post","status-publish","format-standard","hentry","category-de-opinion","tag-cuitlahuac-garcia-jimenez","tag-elon-musk","tag-morena","tag-paty-lobeira-de-yunes","tag-roberto-eduardo-sigala-aguilar","tag-tejav","tag-tesla","tag-tribunal-electoral-de-veracruz","tag-veracruz"],"jetpack_featured_media_url":"","jetpack_sharing_enabled":true,"jetpack_shortlink":"https:\/\/wp.me\/p4Qcd3-qKe","_links":{"self":[{"href":"https:\/\/lospoliticosveracruz.com.mx\/index.php?rest_route=\/wp\/v2\/posts\/102810","targetHints":{"allow":["GET"]}}],"collection":[{"href":"https:\/\/lospoliticosveracruz.com.mx\/index.php?rest_route=\/wp\/v2\/posts"}],"about":[{"href":"https:\/\/lospoliticosveracruz.com.mx\/index.php?rest_route=\/wp\/v2\/types\/post"}],"author":[{"embeddable":true,"href":"https:\/\/lospoliticosveracruz.com.mx\/index.php?rest_route=\/wp\/v2\/users\/2"}],"replies":[{"embeddable":true,"href":"https:\/\/lospoliticosveracruz.com.mx\/index.php?rest_route=%2Fwp%2Fv2%2Fcomments&post=102810"}],"version-history":[{"count":1,"href":"https:\/\/lospoliticosveracruz.com.mx\/index.php?rest_route=\/wp\/v2\/posts\/102810\/revisions"}],"predecessor-version":[{"id":102812,"href":"https:\/\/lospoliticosveracruz.com.mx\/index.php?rest_route=\/wp\/v2\/posts\/102810\/revisions\/102812"}],"wp:attachment":[{"href":"https:\/\/lospoliticosveracruz.com.mx\/index.php?rest_route=%2Fwp%2Fv2%2Fmedia&parent=102810"}],"wp:term":[{"taxonomy":"category","embeddable":true,"href":"https:\/\/lospoliticosveracruz.com.mx\/index.php?rest_route=%2Fwp%2Fv2%2Fcategories&post=102810"},{"taxonomy":"post_tag","embeddable":true,"href":"https:\/\/lospoliticosveracruz.com.mx\/index.php?rest_route=%2Fwp%2Fv2%2Ftags&post=102810"}],"curies":[{"name":"wp","href":"https:\/\/api.w.org\/{rel}","templated":true}]}}