{"id":102820,"date":"2023-02-22T08:30:53","date_gmt":"2023-02-22T14:30:53","guid":{"rendered":"https:\/\/lospoliticosveracruz.com.mx\/?p=102820"},"modified":"2023-02-22T08:33:20","modified_gmt":"2023-02-22T14:33:20","slug":"riata-a-arrieta","status":"publish","type":"post","link":"https:\/\/lospoliticosveracruz.com.mx\/?p=102820","title":{"rendered":"RIATA A ARRIETA!"},"content":{"rendered":"\n<p><\/p>\n\n\n\n<p><strong>Santiago Garc\u00eda<\/strong><br>EnEstaHora<\/p>\n\n\n\n<p>Como lo anticipamos desde hace algunos d\u00edas, en el Tribunal Electoral de Veracruz, ya se ven\u00eda estudiando y se proyectaba la Resoluci\u00f3n del Juicio de Protecci\u00f3n de Derechos Pol\u00edticos y Electorales 601\/2022, promovido por un grupo de Agentes y Subagentes municipales, en el reclamo del pago de salarios.<\/p>\n\n\n\n<p>Pues bien, como correspond\u00eda, en Sesi\u00f3n del Pleno del TEV, se resolvi\u00f3 y mediante Sentencia, se ordena a la presidenta municipal Blanca Lilia Arrieta Pardo y, en consecuencia, al Cabildo, a pagar a 158 Agentes y Subagentes municipales de \u00c1lamo Temapache<\/p>\n\n\n\n<p>Esta situaci\u00f3n se convierte en un ejemplo para todas aquellas autoridades municipales que por caprichos o revanchas personales, se niegan a cumplir con lo establecido en las leyes, cuando al rendir la Protesta de ley, se comprometen, precisamente a eso, a cumplir y hacer cumplir las leyes.<\/p>\n","protected":false},"excerpt":{"rendered":"<p>Santiago Garc\u00edaEnEstaHora Como lo anticipamos desde hace algunos d\u00edas, en el Tribunal Electoral de Veracruz, ya se ven\u00eda estudiando y se proyectaba la Resoluci\u00f3n del Juicio de Protecci\u00f3n de Derechos Pol\u00edticos y Electorales 601\/2022, promovido por un grupo de Agentes y Subagentes municipales, en el reclamo del pago de salarios. Pues bien, como correspond\u00eda, en [&hellip;]<\/p>\n","protected":false},"author":2,"featured_media":0,"comment_status":"closed","ping_status":"closed","sticky":false,"template":"","format":"standard","meta":{"_jetpack_newsletter_access":"","_jetpack_dont_email_post_to_subs":false,"_jetpack_newsletter_tier_id":0,"_jetpack_memberships_contains_paywalled_content":false,"_jetpack_memberships_contains_paid_content":false,"footnotes":""},"categories":[74],"tags":[28461,37323,6753],"class_list":["post-102820","post","type-post","status-publish","format-standard","hentry","category-lavadero","tag-alamo-2","tag-santiago-garcia","tag-tribunal-electoral-de-veracruz"],"jetpack_featured_media_url":"","jetpack_sharing_enabled":true,"jetpack_shortlink":"https:\/\/wp.me\/p4Qcd3-qKo","_links":{"self":[{"href":"https:\/\/lospoliticosveracruz.com.mx\/index.php?rest_route=\/wp\/v2\/posts\/102820","targetHints":{"allow":["GET"]}}],"collection":[{"href":"https:\/\/lospoliticosveracruz.com.mx\/index.php?rest_route=\/wp\/v2\/posts"}],"about":[{"href":"https:\/\/lospoliticosveracruz.com.mx\/index.php?rest_route=\/wp\/v2\/types\/post"}],"author":[{"embeddable":true,"href":"https:\/\/lospoliticosveracruz.com.mx\/index.php?rest_route=\/wp\/v2\/users\/2"}],"replies":[{"embeddable":true,"href":"https:\/\/lospoliticosveracruz.com.mx\/index.php?rest_route=%2Fwp%2Fv2%2Fcomments&post=102820"}],"version-history":[{"count":1,"href":"https:\/\/lospoliticosveracruz.com.mx\/index.php?rest_route=\/wp\/v2\/posts\/102820\/revisions"}],"predecessor-version":[{"id":102822,"href":"https:\/\/lospoliticosveracruz.com.mx\/index.php?rest_route=\/wp\/v2\/posts\/102820\/revisions\/102822"}],"wp:attachment":[{"href":"https:\/\/lospoliticosveracruz.com.mx\/index.php?rest_route=%2Fwp%2Fv2%2Fmedia&parent=102820"}],"wp:term":[{"taxonomy":"category","embeddable":true,"href":"https:\/\/lospoliticosveracruz.com.mx\/index.php?rest_route=%2Fwp%2Fv2%2Fcategories&post=102820"},{"taxonomy":"post_tag","embeddable":true,"href":"https:\/\/lospoliticosveracruz.com.mx\/index.php?rest_route=%2Fwp%2Fv2%2Ftags&post=102820"}],"curies":[{"name":"wp","href":"https:\/\/api.w.org\/{rel}","templated":true}]}}