{"id":102920,"date":"2023-02-24T07:50:02","date_gmt":"2023-02-24T13:50:02","guid":{"rendered":"https:\/\/lospoliticosveracruz.com.mx\/?p=102920"},"modified":"2023-02-24T07:50:06","modified_gmt":"2023-02-24T13:50:06","slug":"vero-el-plan-b-de-cuic","status":"publish","type":"post","link":"https:\/\/lospoliticosveracruz.com.mx\/?p=102920","title":{"rendered":"VERO, EL PLAN \u00abB\u00bb DE CUIC"},"content":{"rendered":"\n<p><\/p>\n\n\n\n<p><strong>Ricardo Ch\u00faa<br><\/strong><em>Sale y Vale<\/em><\/p>\n\n\n\n<p><em><br><\/em>Nos cuenta \u00abGarganta Profunda\u00bb que si por alguna raz\u00f3n, causa, motivo, circunstancia o porque no logre acreditar la RESIDENCIA EFECTIVA en Veracruz, la secretaria de Energ\u00eda del gobierno federal, Roc\u00edo Nahle Garc\u00eda para quedarse con la candidatura de MORENA al gobierno del Estado en 2024\u2026 Cuitl\u00e1huac Garc\u00eda ya tiene un PLAN B por si se presenta esa situaci\u00f3n y es en la persona de Ver\u00f3nica Hern\u00e1ndez Gaidians, la Fiscal del Estado\u2026 Ella ser\u00eda la \u00abtapada\u00bb del gobernador\u2026<\/p>\n\n\n<div class=\"wp-block-image\">\n<figure class=\"alignleft size-medium\"><a href=\"https:\/\/lospoliticosveracruz.com.mx\/wp-content\/uploads\/2023\/02\/Vinissimo.jpg\"><img decoding=\"async\" src=\"https:\/\/lospoliticosveracruz.com.mx\/wp-content\/uploads\/2023\/02\/Vinissimo-296x300.jpg\" alt=\"\" class=\"wp-image-102752\"\/><\/a><\/figure><\/div>\n\n\n<p>As\u00ed como lo leen.. Ante los conflictos que est\u00e1 presentando Roc\u00edo Nahle para quedarse con esta candidatura por Veracruz\u2026 Y por el hecho que tiene que ser mujer la candidata a gobernador por MORENA en la entidad\u2026 Y al no haber preparado a una mujer a la par de Nahle dentro de su gabinete o partido\u2026 Los \u00abojos\u00bb del gobernador han volteado sobre la Fiscal General del Estado para que pueda ser candidateable\u2026 Ya s\u00f3lo faltar\u00eda el tema m\u00e1s importante\u2026 Que es convencer a Andr\u00e9s Manuel L\u00f3pez Obrador a que se la \u00abjueguen\u00bb con ella\u2026<\/p>\n\n\n\n<p>Por eso, no duden o vean raro, el hecho que de aqu\u00ed en adelante\u2026 Ver\u00f3nica Hern\u00e1ndez tenga una exposici\u00f3n medi\u00e1tica, pol\u00edtica y social m\u00e1s intensa que los casi 3 a\u00f1os que lleva como titular de la FGE.. Con ella MORENA le podr\u00eda competir en figura y perfil a las dos posibles aspirantes que tiene la oposici\u00f3n en Veracruz para ese mismo cargo de elecci\u00f3n popular: Patricia Lobeira Rodr\u00edguez y Anil\u00fa Ingram Ballines\u2026 Todo se acomoda para que sean ellas\u2026 CIERREN LAS PUERTAS SE\u00d1ORES..<\/p>\n\n\n\n<p>OJO.. Para que vean que en pol\u00edtica, las coincidencias no existen\u2026 Patricia Lobeira fue invitada por el dirigente nacional del PAN, Marko Cort\u00e9s, por ser la alcaldesa mejor calificada del pa\u00eds, a un mesa de ponencias en el CEN panista en CDMX\u2026 Donde s\u00f3lo participaron 5 panelistas de Acci\u00f3n Nacional de toda la rep\u00fablica.. Y al menos 4 de ellos son precandidatos a gobernador por sus estados.. Ahora a todos ellos se une Patricia Lobeira\u2026 Lo dicho en pol\u00edtica, las casualidades no existen\u2026 AH\u00cd VIENE EL 2024\u2026<\/p>\n\n\n\n<p>PEMEX Y LAS EXPLOSIONES EN VERACRUZ\u2026 Si la ciudadan\u00eda cree que el gobierno federal o el Presidente, Andr\u00e9s Manuel L\u00f3pez Obrador, tomar\u00e1 \u00abcartas\u00bb en el asunto por las explosiones en Pemex en Minatitl\u00e1n e Ixhuatlan del Sureste en Veracruz\u2026 Al parecer, se van a quedar esperando.. Roc\u00edo Nahle, como secretar\u00eda de Energ\u00eda y jefa de todo lo que es Pemex, lleva alrededor de 30 accidentes de estos 6 graves, de la paraestatal tan s\u00f3lo en la entidad del 2018 a la fecha\u2026 Y NO DICEN NADA Y NO PASA NADA\u2026<\/p>\n\n\n\n<p>Pareciera que a Nahle, ya le est\u00e1 dando el \u00abS\u00edndrome\u00bb de Claudia Sheinbaum.. Ya que a la Jefa de Gobierno de CDMX se le accident\u00f3 el Metro y a Nahle en Veracruz se le accidenta las instalaciones de Pemex.. Las dos aspirantes al 2024\u2026 Pero de seguro no pasar\u00e1 nada y el Presidente tampoco har\u00e1 nada\u2026 Los heridos no importan a esos los atender\u00e1n y listo.. No interesa la falta de mantenimiento a las refiner\u00edas.. Son omisos y as\u00ed quieren que \u00abTesla\u00bb, se asiente en Veracruz.. SENER todo lo resuelven con \u00abDos Bocas\u00bb\u2026<\/p>\n\n\n\n<p>Ya esto es un tema viejo pero se que toca con frecuencia\u2026 Al Presidente se le muestran las fallas del gobierno y s\u00f3lo dice que es un \u00abcomplot\u00bb.. Le dicen \u00abSe\u00f1or no hay trabajo y responde ah pero tenemos Tren Maya\u00bb\u2026 \u00abSe\u00f1or los accidentes de Pemex, no importa tenemos Dos Bocas\u00bb\u2026 \u00abSe\u00f1or se van las empresas, no importa tenemos aeropuerto AIFA\u00bb.. \u00abSe\u00f1or la tortilla est\u00e1 a 26 el kilo, es mentira, el peso es el m\u00e1s fuerte de toda la historia\u00bb.. Esas son sus pol\u00edticas p\u00fablicas\u2026<\/p>\n\n\n\n<p>Al final, los gobiernos de MORENA viven con una \u00abnegaci\u00f3n\u00bb de la realidad\u2026 No existe la corrupci\u00f3n, no hay contratos con el gobierno mal habidos.. Y si piensan as\u00ed, qu\u00e9 podr\u00edan pensar de las familias de esos trabajadores que se encuentran heridos, quemados graves o desaparecidos de las explosiones de Pemex en la zona sur.. Y como ya ha sucedido en otros casos, ahora menos le va a interesar reparar a la Refiner\u00eda de Minatitlan\u2026 Tienen \u00abDos Bocas\u00bb\u2026<\/p>\n\n\n\n<p>Pero es seguro que con eso van a salir de sus \u00abma\u00f1aneras\u00bb.. En otros tiempos (priista o panista)\u2026 Al menos el gobernador, en este caso Cuitl\u00e1huac Garc\u00eda, ya estar\u00eda en el sitio del siniestro, atendiendo a las personas\u2026 Pero bueno ayer al gobernador se le ocurri\u00f3 ir al cine a Plaza Am\u00e9ricas Xalapa\u2026 Disfrutando la tarde del jueves\u2026 S\u00f3lo hay que recordar que al ex gobernador, Miguel Alem\u00e1n Velasco, lo \u00abgolpearon\u00bb por aquella frase cuando el incendio en el mercado Unidad Veracruzana, \u00abNo soy bombero\u00bb.. Pero si hubo consecuencias legales\u2026<\/p>\n\n\n\n<p>Lo que es un hecho es que si a \u00e9l como gobernador, poco le importa las \u2026 A los dem\u00e1s les vale.. As\u00ed son los pol\u00edticos creados en MORENA con la NEGACI\u00d3N de la responsabilidad, la abstracci\u00f3n del ser p\u00fablico, la ausencia de la autocr\u00edtica, la p\u00e9rdida de la identidad, del gobierno como lo conocimos\u2026 Escupen a Genaro Garcia Luna.. Pero ellos hacen lo mismo que \u00e9l.. Abandonan su responsabilidad con o sin contrapresi\u00f3n.. Solo por omisi\u00f3n.. Que tristeza vivir en el tiempo donde el que manda se esconde y el que obedece se calla\u2026 AMEN Y SIN PALABRAS\u2026<\/p>\n","protected":false},"excerpt":{"rendered":"<p>Ricardo Ch\u00faaSale y Vale Nos cuenta \u00abGarganta Profunda\u00bb que si por alguna raz\u00f3n, causa, motivo, circunstancia o porque no logre acreditar la RESIDENCIA EFECTIVA en Veracruz, la secretaria de Energ\u00eda del gobierno federal, Roc\u00edo Nahle Garc\u00eda para quedarse con la candidatura de MORENA al gobierno del Estado en 2024\u2026 Cuitl\u00e1huac Garc\u00eda ya tiene un PLAN [&hellip;]<\/p>\n","protected":false},"author":2,"featured_media":0,"comment_status":"closed","ping_status":"closed","sticky":false,"template":"","format":"standard","meta":{"_jetpack_newsletter_access":"","_jetpack_dont_email_post_to_subs":false,"_jetpack_newsletter_tier_id":0,"_jetpack_memberships_contains_paywalled_content":false,"_jetpack_memberships_contains_paid_content":false,"footnotes":""},"categories":[70],"tags":[618,1563,37354,1026,28179,13604,4386,195],"class_list":["post-102920","post","type-post","status-publish","format-standard","hentry","category-de-opinion","tag-andres-manuel-lopez-obrador","tag-cuitlahuac-garcia-jimenez","tag-explosiones-de-pemex","tag-morena","tag-patricia-lobeira-rodriguez","tag-ricardo-chua","tag-rocio-nahle-garcia","tag-veracruz"],"jetpack_featured_media_url":"","jetpack_sharing_enabled":true,"jetpack_shortlink":"https:\/\/wp.me\/p4Qcd3-qM0","_links":{"self":[{"href":"https:\/\/lospoliticosveracruz.com.mx\/index.php?rest_route=\/wp\/v2\/posts\/102920","targetHints":{"allow":["GET"]}}],"collection":[{"href":"https:\/\/lospoliticosveracruz.com.mx\/index.php?rest_route=\/wp\/v2\/posts"}],"about":[{"href":"https:\/\/lospoliticosveracruz.com.mx\/index.php?rest_route=\/wp\/v2\/types\/post"}],"author":[{"embeddable":true,"href":"https:\/\/lospoliticosveracruz.com.mx\/index.php?rest_route=\/wp\/v2\/users\/2"}],"replies":[{"embeddable":true,"href":"https:\/\/lospoliticosveracruz.com.mx\/index.php?rest_route=%2Fwp%2Fv2%2Fcomments&post=102920"}],"version-history":[{"count":1,"href":"https:\/\/lospoliticosveracruz.com.mx\/index.php?rest_route=\/wp\/v2\/posts\/102920\/revisions"}],"predecessor-version":[{"id":102921,"href":"https:\/\/lospoliticosveracruz.com.mx\/index.php?rest_route=\/wp\/v2\/posts\/102920\/revisions\/102921"}],"wp:attachment":[{"href":"https:\/\/lospoliticosveracruz.com.mx\/index.php?rest_route=%2Fwp%2Fv2%2Fmedia&parent=102920"}],"wp:term":[{"taxonomy":"category","embeddable":true,"href":"https:\/\/lospoliticosveracruz.com.mx\/index.php?rest_route=%2Fwp%2Fv2%2Fcategories&post=102920"},{"taxonomy":"post_tag","embeddable":true,"href":"https:\/\/lospoliticosveracruz.com.mx\/index.php?rest_route=%2Fwp%2Fv2%2Ftags&post=102920"}],"curies":[{"name":"wp","href":"https:\/\/api.w.org\/{rel}","templated":true}]}}