{"id":102926,"date":"2023-02-24T07:59:57","date_gmt":"2023-02-24T13:59:57","guid":{"rendered":"https:\/\/lospoliticosveracruz.com.mx\/?p=102926"},"modified":"2023-02-24T08:30:17","modified_gmt":"2023-02-24T14:30:17","slug":"la-gimnasia-y-la-magnesia","status":"publish","type":"post","link":"https:\/\/lospoliticosveracruz.com.mx\/?p=102926","title":{"rendered":"LA GIMNASIA Y LA MAGNESIA"},"content":{"rendered":"\n<p><strong>Felipe de Jes\u00fas Fern\u00e1ndez Basilio<br><\/strong><em>Desde a Janela<\/em><\/p>\n\n\n\n<p>\u201cYa solo restan un a\u00f1o, siete meses y cuatro d\u00edas para que se vaya a \u2026 su rancho\u201d<\/p>\n\n\n\n<p>Tendenciosamente tanto el presidente de la rep\u00fablica como sus corifeos inducen a la confusi\u00f3n por medio de una narrativa enga\u00f1osa al mezclar dos cosas que nada tienen que ver entre s\u00ed.<br>Y lo hacen al celebrar, incorrectamente porque no hay nada para celebrar, el fallo dictado por un jurado popular en Estados Unidos en contra de Gerardo Garc\u00eda Luna y decir que con ello se justifica el golpe que pretenden darle a las instituciones electorales.<\/p>\n\n\n<div class=\"wp-block-image\">\n<figure class=\"alignleft size-medium\"><a href=\"https:\/\/lospoliticosveracruz.com.mx\/wp-content\/uploads\/2021\/10\/WhatsApp-Image-2021-10-02-at-15.20.25.jpeg\"><img loading=\"lazy\" decoding=\"async\" width=\"212\" height=\"300\" src=\"https:\/\/lospoliticosveracruz.com.mx\/wp-content\/uploads\/2021\/10\/WhatsApp-Image-2021-10-02-at-15.20.25-212x300.jpeg\" alt=\"\" class=\"wp-image-80177\" srcset=\"https:\/\/lospoliticosveracruz.com.mx\/wp-content\/uploads\/2021\/10\/WhatsApp-Image-2021-10-02-at-15.20.25-212x300.jpeg 212w, https:\/\/lospoliticosveracruz.com.mx\/wp-content\/uploads\/2021\/10\/WhatsApp-Image-2021-10-02-at-15.20.25-724x1024.jpeg 724w, https:\/\/lospoliticosveracruz.com.mx\/wp-content\/uploads\/2021\/10\/WhatsApp-Image-2021-10-02-at-15.20.25-768x1086.jpeg 768w, https:\/\/lospoliticosveracruz.com.mx\/wp-content\/uploads\/2021\/10\/WhatsApp-Image-2021-10-02-at-15.20.25.jpeg 905w\" sizes=\"auto, (max-width: 212px) 100vw, 212px\" \/><\/a><\/figure><\/div>\n\n\n<p><br>El enga\u00f1o se descubre f\u00e1cilmente si analizamos bien las cosas y para ello, debemos de partir de que el INE y el TEPJ son autoridades estrictamente electorales, ya que son los encargados de organizar y calificar las elecciones de las que emanan los poderes legislativo y ejecutivo.<br>Es decir, se trata de autoridades que se encargan de dar legitimidad a las autoridades cuyo cargo proviene de las elecciones populares, cosa que adem\u00e1s han venido haciendo con los est\u00e1ndares m\u00e1s altos posibles y muestra de ello es que el sistema electoral mexicano hasta el d\u00eda de hoy es un referente internacional del cual debi\u00e9ramos estar orgullosos.<br>Ahora bien, las autoridades que organizan y sancionan las elecciones no tienen nada que ver con los partidos pol\u00edticos y ciudadanos que a trav\u00e9s de estos resultan electos por la ciudadan\u00eda para ocupar un cargo de elecci\u00f3n popular ni mucho menos con las designaciones los electos llevan a cabo para conformar su equipo de trabajo.<br>En resumen, ni el INE ni el TEPJ son responsables de la actuaci\u00f3n de ning\u00fan presidente, sus votantes indirectamente s\u00ed, pero las autoridades electorales de ninguna manera; es como en el f\u00fatbol, el \u00e1rbitro valida o invalida los goles, pero ni es el autor de ellos ni tampoco es el responsable de que se anoten.<br>Luego entonces, no se puede sostener que la defensa del INE y del TEPJ es producto de \u201cla derecha m\u00e1s rancia y ahora exhibida en Estados Unidos\u201d, ya que esas autoridades \u00fanicamente se han limitado a organizar elecciones y validar el triunfo de quienes han sido los m\u00e1s votados y lo han hecho sin importar el partido o persona que haya sido m\u00e1s votado.<br>Incluso el mismo L\u00f3pez Obrador debiera de morderse la lengua al estar azuzando a sus cada vez menos seguidores al decir que defender a las autoridades electorales es defender al r\u00e9gimen de corrupci\u00f3n, porque por una parte el suyo no es la excepci\u00f3n y de ello hay muchas pruebas y por la otra, hasta a \u00e9l mismo le supo mejor su propia victoria en el 2018, ya que fue validada por unas autoridades incuestionables y no como las inoperantes que pretende dejar a quien le suceda.<br>As\u00ed que la defensa de la democracia no es cuesti\u00f3n ni de un bando ni de otro, en cuanto a las corrientes pol\u00edticas se refiere; sino que se trata de una lucha entre los ciudadanos libres de cualquier partido, frente a un gobierno que pretende, por lo menos restaurar el sistema del viejo PRI, ese s\u00ed autoritario y corrupto.<br>Y hay que decirlo claramente, lo de Garc\u00eda Luna no tiene absolutamente nada que ver con las marchas y manifestaciones populares de toda \u00edndole que se lleven a cabo para defender el gran sistema electoral que tenemos y lo que el presidente dice, lo dice porque sabe muy bien que con un sistema electoral imparcial y profesional como el que tenemos no es imposible que su partido repita en la presidencia de la rep\u00fablica y en la mayor\u00eda de las c\u00e1maras, pero s\u00ed le va a costar mucho y tambi\u00e9n sabe que las probabilidades de que lo segundo suceda, son pr\u00e1cticamente nulas.<br>Por \u00faltimo, hay que entender que el L\u00f3pez Obrador no quiere a nadie, ni si quiera a sus \u201ctapones\u201d o como quiera que les llame, porque en lugar de hacer pol\u00edtica y dar buenos resultados para posibilitar la victoria leg\u00edtima de su fuerza pol\u00edtica, lo que busca es dejar a su sucesor exactamente de la manera contraria a la que \u00e9l lleg\u00f3, es decir, producto de unas elecciones cuestionadas y, por ende, con una legitimidad disminuida.<br>As\u00ed que no hay que dejarse enga\u00f1ar por la verborrea totalmente mal intencionada que sale cada ma\u00f1ana de Palacio Nacional, en la que se pretende confundir la gimnasia con la magnesia, y, en consecuencia, defender desde cualquier trinchera a la democracia mexicana.<br>Como un comentario aparte, al principio se\u00f1al\u00e9 que no hay nada que celebrar por la condena de Garc\u00eda Luna y no hay nada que celebrar porque esa condena en realidad es en contra de todas las autoridades mexicanas; Garc\u00eda Luna es un eslab\u00f3n m\u00e1s en una cadena en la que tambi\u00e9n est\u00e1n Cienfuegos, Bartlett, Beltrones (quienes ni de chiste viajan a Estados Unidos) y falta ver qu\u00e9 pasa con las actuales autoridades, porque lo que es cierto es que el M\u00e9xico actual es a\u00fan m\u00e1s violento que el que le toc\u00f3 a Garc\u00eda Luna y tambi\u00e9n es notoria la amistad del presidente de la rep\u00fablica con la principal familia del crimen organizado.<br>felfebas@gmail.com<br>Twitter: @FelipeFBasilio<\/p>\n","protected":false},"excerpt":{"rendered":"<p>Felipe de Jes\u00fas Fern\u00e1ndez BasilioDesde a Janela \u201cYa solo restan un a\u00f1o, siete meses y cuatro d\u00edas para que se vaya a \u2026 su rancho\u201d Tendenciosamente tanto el presidente de la rep\u00fablica como sus corifeos inducen a la confusi\u00f3n por medio de una narrativa enga\u00f1osa al mezclar dos cosas que nada tienen que ver entre [&hellip;]<\/p>\n","protected":false},"author":2,"featured_media":0,"comment_status":"closed","ping_status":"closed","sticky":false,"template":"","format":"standard","meta":{"_jetpack_newsletter_access":"","_jetpack_dont_email_post_to_subs":false,"_jetpack_newsletter_tier_id":0,"_jetpack_memberships_contains_paywalled_content":false,"_jetpack_memberships_contains_paid_content":false,"footnotes":""},"categories":[70],"tags":[618,3946,12710,5494,1026],"class_list":["post-102926","post","type-post","status-publish","format-standard","hentry","category-de-opinion","tag-andres-manuel-lopez-obrador","tag-felipe-calderon","tag-felipe-de-jesus-fernandez-basilio","tag-genaro-garcia-luna","tag-morena"],"jetpack_featured_media_url":"","jetpack_sharing_enabled":true,"jetpack_shortlink":"https:\/\/wp.me\/p4Qcd3-qM6","_links":{"self":[{"href":"https:\/\/lospoliticosveracruz.com.mx\/index.php?rest_route=\/wp\/v2\/posts\/102926","targetHints":{"allow":["GET"]}}],"collection":[{"href":"https:\/\/lospoliticosveracruz.com.mx\/index.php?rest_route=\/wp\/v2\/posts"}],"about":[{"href":"https:\/\/lospoliticosveracruz.com.mx\/index.php?rest_route=\/wp\/v2\/types\/post"}],"author":[{"embeddable":true,"href":"https:\/\/lospoliticosveracruz.com.mx\/index.php?rest_route=\/wp\/v2\/users\/2"}],"replies":[{"embeddable":true,"href":"https:\/\/lospoliticosveracruz.com.mx\/index.php?rest_route=%2Fwp%2Fv2%2Fcomments&post=102926"}],"version-history":[{"count":1,"href":"https:\/\/lospoliticosveracruz.com.mx\/index.php?rest_route=\/wp\/v2\/posts\/102926\/revisions"}],"predecessor-version":[{"id":102927,"href":"https:\/\/lospoliticosveracruz.com.mx\/index.php?rest_route=\/wp\/v2\/posts\/102926\/revisions\/102927"}],"wp:attachment":[{"href":"https:\/\/lospoliticosveracruz.com.mx\/index.php?rest_route=%2Fwp%2Fv2%2Fmedia&parent=102926"}],"wp:term":[{"taxonomy":"category","embeddable":true,"href":"https:\/\/lospoliticosveracruz.com.mx\/index.php?rest_route=%2Fwp%2Fv2%2Fcategories&post=102926"},{"taxonomy":"post_tag","embeddable":true,"href":"https:\/\/lospoliticosveracruz.com.mx\/index.php?rest_route=%2Fwp%2Fv2%2Ftags&post=102926"}],"curies":[{"name":"wp","href":"https:\/\/api.w.org\/{rel}","templated":true}]}}