{"id":102930,"date":"2023-02-24T10:01:24","date_gmt":"2023-02-24T16:01:24","guid":{"rendered":"https:\/\/lospoliticosveracruz.com.mx\/?p=102930"},"modified":"2023-02-24T10:01:32","modified_gmt":"2023-02-24T16:01:32","slug":"pri-y-el-respeto-a-sus-estatutos","status":"publish","type":"post","link":"https:\/\/lospoliticosveracruz.com.mx\/?p=102930","title":{"rendered":"PRI Y EL RESPETO A SUS ESTATUTOS"},"content":{"rendered":"\n<p><strong>Vicente Luna Hern\u00e1ndez<\/strong><\/p>\n\n\n\n<p>El problema del PRI o de cualquier otro partido de la oposici\u00f3n no deben ser las diferencias que existan con sus grupos internos, lo cierto es que las diferencias principales son los cargos de elecci\u00f3n popular que estar\u00e1n en juego, seguramente las posiciones plurinominales son la manzana de la discordia, pero pregunto \u00bfacaso el pastel pol\u00edtico no est\u00e1 demasiado grande para lograr acuerdos satisfactorios al partido y a su militancia? \u00bfAcaso el grupo del dirigente nacional est\u00e1 por encima de los intereses del partido? \u00bfAcaso deben de \u201cbailar\u201d de manera permanente los mismos mientras los dem\u00e1s \u201csentados\u201d solo aplauden? El error de la nueva dirigencia nacional o estatal del PRI, &#8211; Veracruz incluido &#8211; seria pensar hoy como pensaban ayer en la c\u00faspide del poder pol\u00edtico en M\u00e9xico.<\/p>\n\n\n\n<figure class=\"wp-block-image size-full\"><a href=\"https:\/\/lospoliticosveracruz.com.mx\/wp-content\/uploads\/2022\/05\/Seguro-Julio-Cerecedo.jpg\"><img decoding=\"async\" src=\"https:\/\/lospoliticosveracruz.com.mx\/wp-content\/uploads\/2022\/05\/Seguro-Julio-Cerecedo.jpg\" alt=\"\" class=\"wp-image-90414\"\/><\/a><\/figure>\n\n\n\n<p>Es cierto que a Alejandro Moreno C\u00e1rdenas le ha tocado conducir al partido en un escenario complicado- con asuntos personales incluidos &#8211; ante la fuerza del partido en el poder y los ataques constantes del presidente AMLO a la oposici\u00f3n, sin embargo, nadie lo oblig\u00f3 a ser presidente e incluso estuvo dispuesto a abandonar la gubernatura de Campeche para tomar las riendas del CEN \u00bfacaso le hizo un favor a la militancia? Seguro que ha realizado su mejor esfuerzo al frente del partido pero todo tiene un inicio y un final y el final de su periodo estatutario llega en agosto pr\u00f3ximo.<\/p>\n\n\n\n<p>El INE invalido los cambios estatutarios propuestos por el l\u00edder nacional del PRI Alejandro Moreno C\u00e1rdenas, mismos que fueron aprobados en el Consejo Pol\u00edtico Nacional celebrado el pasado 19 de diciembre, estas reformas permitir\u00edan ampliar el periodo de Alito hasta despu\u00e9s del proceso electoral 2024, mismas que provocaron serias diferencias entre los militantes que no est\u00e1n de acuerdo con Alito, \u00bfqui\u00e9n gana con este desgaste al interior del PRI? \u00bfEstas reformas eran una \u201cinvitaci\u00f3n\u201d para que los dirigentes estatales tambi\u00e9n so\u00f1aran con hacer lo mismo? Porque sin duda alguna, la militancia territorial no gana nada, tal vez, la militancia que est\u00e1 en los escritorios crea ganar algo.<\/p>\n\n\n\n<p>Seguramente al ser notificado de la resoluci\u00f3n del INE Alejandro Moreno impugnar\u00e1 ante el TEPJF en los 4 d\u00edas h\u00e1biles siguientes y este organismo dar\u00e1 la \u00faltima palabra, sin embargo, lo m\u00e1s probable es que se mantenga la decisi\u00f3n del INE y Alito se tenga ir en agosto para dar paso a una nueva dirigencia y el agarre camino al Senado de la Republica, en primer lugar en la lista de plurinominales y vaya pavimentando su camino a Palacio Nacional para el 2030.<\/p>\n\n\n\n<p>\u00bfDe qui\u00e9n son los partidos pol\u00edticos? \u00bfDe la militancia o de los grupos hegem\u00f3nicos con poder econ\u00f3mico? \u00bfEs la militancia solo un convidado de piedra? \u00bfHoy puede un pu\u00f1ado de militantes de un partido controlar toda una estructura nacional sin di\u00e1logos, sin acuerdos sin costo alguno? Que no se enga\u00f1en quienes presumen de tener el control partidista, la militancia territorial \u2013 de cualquier partido &#8211; ya no acepta tan f\u00e1cilmente el autoritarismo que se pasea por los pasillos de sus sedes, esa militancia que es el alma y coraz\u00f3n de un partido tomar\u00e1 otros caminos si ve con tristeza y enojo las ambiciones desmedidas de quienes son los primeros responsables de contribuir a fortalecer a su partido despu\u00e9s de ser beneficiados por mucho tiempo con dinero y poder \u00bf escucharemos la misma m\u00fasica pero con diferentes bailadores? La nueva dirigencia nacional debe estar consiente que solo con la convocatoria de su militancia no le da para ganar elecciones, su convocatoria debe ser m\u00e1s amplia si realmente quiere despachar en palacio nacional, Congreso de la Uni\u00f3n o desde un palacio de gobierno.<\/p>\n\n\n\n<p>\u00bfQu\u00e9 quiere un dirigente partidista dinero o poder? Parece lo mismo pero no es as\u00ed, sino que le pregunten a aquellos dirigentes de los desaparecidos partidos locales en Veracruz, mismos que despu\u00e9s de proceso electoral 2021\u2026fueron otros desaparecidos.<\/p>\n\n\n\n<p>P.D.- Con el \u00e1nimo que el respeto irrestricto a los estatutos partidistas sea una costumbre sana en todo partido\u2026Escribir\u00e9 otro d\u00eda.<\/p>\n","protected":false},"excerpt":{"rendered":"<p>Vicente Luna Hern\u00e1ndez El problema del PRI o de cualquier otro partido de la oposici\u00f3n no deben ser las diferencias que existan con sus grupos internos, lo cierto es que las diferencias principales son los cargos de elecci\u00f3n popular que estar\u00e1n en juego, seguramente las posiciones plurinominales son la manzana de la discordia, pero pregunto [&hellip;]<\/p>\n","protected":false},"author":2,"featured_media":0,"comment_status":"closed","ping_status":"closed","sticky":false,"template":"","format":"standard","meta":{"_jetpack_newsletter_access":"","_jetpack_dont_email_post_to_subs":false,"_jetpack_newsletter_tier_id":0,"_jetpack_memberships_contains_paywalled_content":false,"_jetpack_memberships_contains_paid_content":false,"footnotes":""},"categories":[70],"tags":[15048,618,1026],"class_list":["post-102930","post","type-post","status-publish","format-standard","hentry","category-de-opinion","tag-alejandro-moreno-cardenas","tag-andres-manuel-lopez-obrador","tag-morena"],"jetpack_featured_media_url":"","jetpack_sharing_enabled":true,"jetpack_shortlink":"https:\/\/wp.me\/p4Qcd3-qMa","_links":{"self":[{"href":"https:\/\/lospoliticosveracruz.com.mx\/index.php?rest_route=\/wp\/v2\/posts\/102930","targetHints":{"allow":["GET"]}}],"collection":[{"href":"https:\/\/lospoliticosveracruz.com.mx\/index.php?rest_route=\/wp\/v2\/posts"}],"about":[{"href":"https:\/\/lospoliticosveracruz.com.mx\/index.php?rest_route=\/wp\/v2\/types\/post"}],"author":[{"embeddable":true,"href":"https:\/\/lospoliticosveracruz.com.mx\/index.php?rest_route=\/wp\/v2\/users\/2"}],"replies":[{"embeddable":true,"href":"https:\/\/lospoliticosveracruz.com.mx\/index.php?rest_route=%2Fwp%2Fv2%2Fcomments&post=102930"}],"version-history":[{"count":1,"href":"https:\/\/lospoliticosveracruz.com.mx\/index.php?rest_route=\/wp\/v2\/posts\/102930\/revisions"}],"predecessor-version":[{"id":102931,"href":"https:\/\/lospoliticosveracruz.com.mx\/index.php?rest_route=\/wp\/v2\/posts\/102930\/revisions\/102931"}],"wp:attachment":[{"href":"https:\/\/lospoliticosveracruz.com.mx\/index.php?rest_route=%2Fwp%2Fv2%2Fmedia&parent=102930"}],"wp:term":[{"taxonomy":"category","embeddable":true,"href":"https:\/\/lospoliticosveracruz.com.mx\/index.php?rest_route=%2Fwp%2Fv2%2Fcategories&post=102930"},{"taxonomy":"post_tag","embeddable":true,"href":"https:\/\/lospoliticosveracruz.com.mx\/index.php?rest_route=%2Fwp%2Fv2%2Ftags&post=102930"}],"curies":[{"name":"wp","href":"https:\/\/api.w.org\/{rel}","templated":true}]}}