{"id":102957,"date":"2023-02-25T08:20:20","date_gmt":"2023-02-25T14:20:20","guid":{"rendered":"https:\/\/lospoliticosveracruz.com.mx\/?p=102957"},"modified":"2023-02-25T08:20:29","modified_gmt":"2023-02-25T14:20:29","slug":"no-habra-tesla-para-cortar","status":"publish","type":"post","link":"https:\/\/lospoliticosveracruz.com.mx\/?p=102957","title":{"rendered":"NO HABR\u00c1 \u201cTESLA\u201d PARA CORTAR"},"content":{"rendered":"\n<p><strong>Ricardo Chua<\/strong><\/p>\n\n\n\n<p><em>Sale y vale<\/em><\/p>\n\n\n\n<p><\/p>\n\n\n\n<p>EXCLUSIVA&#8230; \u00abTesla\u00bb la famosa empresa\u00a0\u00a0de uno de los hombres m\u00e1s ricos del mundo, Elon Musk.. NO SE VA INSTALAR en Veracruz&#8230; Una fuente bien informada se\u00f1ala este dato.. As\u00ed que todo aquel que esperaba que esta compa\u00f1\u00eda le resolviera los problemas pol\u00edticos y medi\u00e1ticos, se va tener que quedar esperando&#8230; Otros estados le ganaron el \u00abbrinco\u00bb a Veracruz&#8230;Y todo indica que esta empresa jala al norte o al pacifico&#8230;. Pero no viene al Golfo de M\u00e9xico.. Lastima..<\/p>\n\n\n<div class=\"wp-block-image\">\n<figure class=\"alignleft size-medium\"><a href=\"https:\/\/lospoliticosveracruz.com.mx\/wp-content\/uploads\/2023\/02\/Estancia.jpg\"><img decoding=\"async\" src=\"https:\/\/lospoliticosveracruz.com.mx\/wp-content\/uploads\/2023\/02\/Estancia-190x300.jpg\" alt=\"\" class=\"wp-image-102751\"\/><\/a><\/figure><\/div>\n\n\n<p>Seg\u00fan \u00abGarganta Profunda\u00bb los cercanos a Elon Musk en M\u00e9xico&#8230; Le informaron al \u00abRico y Sabroso\u00bb que hab\u00eda otras opciones m\u00e1s importantes que todo el Golfo&nbsp;&nbsp;de M\u00e9xico.. Pero que aun Nuevo Le\u00f3n, segu\u00eda siendo una esperanza para el personaje.. As\u00ed que sea como sea, al menos, por lo que se ve, entonces, NO HABR\u00c1 \u00abTELSA\u00bb en Veracruz.. Ya hasta Cuitl\u00e1huac Garc\u00eda se hab\u00eda \u00absubido\u00bb a ese \u00abbarco\u00bb.. Pero ahora su proyecto qued\u00f3 en el Limbo&#8230; AMEN&#8230;&nbsp;<\/p>\n\n\n\n<p>LA \u00abMAQUINARIA\u00bb DE MORENA EN VERACRUZ&#8230; Con el tema de Araly Rodr\u00edguez en Veracruz.. Se han descubierto muchas verdades&#8230; Entre ellas de que MORENA act\u00faa de manera similar como lo hac\u00eda el \u00abViejo R\u00e9gimen\u00bb del PRI o el PAN&#8230; Algo que tanto ha criticado el gobernador, Cuitl\u00e1huac Garc\u00eda pero que su administraci\u00f3n estatal lo copia y hasta lo intenta mejorar&#8230; Quien dir\u00eda hace meses que esa presunta \u00abempresaria\u00bb era maestra y viv\u00eda del cr\u00e9dito y hasta de pr\u00e9stamos en efectivo&#8230;<\/p>\n\n\n\n<p>Lo malo es que a ella la \u00abecharon a los lobos\u00bb sin ni siquiera protegerla.. Ya que al parecer, se dice, que hasta hace unas semanas, ella no sab\u00eda que era apoderada legal, representante y due\u00f1a de unas de las empresas que factur\u00f3 m\u00e1s de 100 millones de pesos al actual gobierno estatal&#8230; La administraci\u00f3n de Cuitl\u00e1huac y sus altos funcionarios, se basaron en ella para hacer UNA MAQUINAR\u00cdA FINANCIERA para MORENA&#8230; Al estilo del \u00abviejo\u00bb PRI&#8230; Ah pa Karma&#8230;<\/p>\n\n\n\n<p>Pero por ah\u00ed \u00abGarganta Profunda\u00bb nos dice que la maestra de educaci\u00f3n b\u00e1sica puede estar tranquila&#8230; Ya que la \u00abMaquinaria\u00bb de MORENA tiene al menos unas 20 personas que ya el PRI y sus diputados locales tienen DETECTADAS con el mismo esquema de \u00abtrabajo\u00bb financiero&#8230; As\u00ed que NO VA ESTAR SOLA&#8230; Que \u00abchamba\u00bb le hicieron al gobierno estatal de MORENA, algo que s\u00f3lo se hace en la REAL POLITIK y no en la pol\u00edtica de ficci\u00f3n como estaban acostumbrados a actuar&#8230;&nbsp;<\/p>\n\n\n\n<p>UNANUE, EL CANDIDATO&#8230; El candidato m\u00e1s fuerte para el&nbsp;&nbsp;Senado por el PAN para el 2024 es el alcalde de Boca del R\u00edo, Juan Manuel Unanue Abascal.. Es el mun\u00edcipe que mejor meros tiene en las encuestas internas panistas y tambi\u00e9n en los sondeos hechos con la sociedad civil&#8230; As\u00ed que al menos para el panismo, ya tienen un \u00abgallo\u00bb m\u00e1s para buscar este cargo de elecci\u00f3n popular&#8230; Si hay alianza opositora con PRI y PRD, la decisi\u00f3n ser\u00e1 ya de estos partidos y por el tema de g\u00e9nero&#8230;<\/p>\n\n\n\n<p>El caso es que a Unanue, lo est\u00e1n comparando como un s\u00edmil m\u00e1s joven con su \u00abtocayo\u00bb de Orizaba, el priista, Juan Manuel D\u00edez Francos.. Se\u00f1alan que tiene una visi\u00f3n empresarial sobre lo que se tiene que convertir Boca del R\u00edo en los pr\u00f3ximos a\u00f1os.. Tal como lo tuvo \u00abEl Emperador\u00bb con Orizaba.. Y es que Unanue adem\u00e1s de tener proyecci\u00f3n pol\u00edtica, no est\u00e1 peleado con nadie y que siempre da paso a la negociaci\u00f3n que al pleito&#8230; Habr\u00e1 que ver si decide participar en el 2024 por un esca\u00f1o en Paseo de Reforma en CDMX.. \u00abGALLO\u00bb YA ES&#8230;<\/p>\n\n\n\n<p>EXCLUSIVA&#8230; Juan Manuel D\u00edez Francos, el \u00abEmperador\u00bb y alcalde de Orizaba, que tiene a esa ciudad como ninguna en todo el pa\u00eds&#8230; El municipio m\u00e1s bello tur\u00edsticamente de M\u00e9xico&#8230; Resulta que no va a buscar la candidatura a la gubernatura de Veracruz por el PRI.. Menos por el PAN; obvio que tampoco por el PRD.. Juan Manuel sabe que ya no le da tiempo de realizar giras de trabajo por el Estado para ese cargo de elecci\u00f3n popular&#8230; Y el quiere mejor dejar transformada esa ciudad como esa municipio espa\u00f1ol que tanto a\u00f1ora..<\/p>\n\n\n\n<p>El \u00abEmperador\u00bb de Orizaba lo ha externado en varias ocasiones ya con diversos personajes de la pol\u00edtica y de la sociedad civil&#8230; Que a \u00e9l no le interesa ser candidato a gobernador por Veracruz&#8230; Hasta se sabe que se ha reunido con Pepe y H\u00e9ctor Yunes para externarles su apoyo a ambos para \u00abjugar \u00bb a favor del personaje que salga nominado por este partido como el candidato a mandatario estatal.. As\u00ed que ya no hay que \u00abhacerse bolas\u00bb en el PRI&#8230; Diez Francos no&nbsp;&nbsp;va&#8230; \u00c9l va a apoyar al que nomine su partido pol\u00edtico&#8230; AMEN..<\/p>\n","protected":false},"excerpt":{"rendered":"<p>Ricardo Chua Sale y vale EXCLUSIVA&#8230; \u00abTesla\u00bb la famosa empresa\u00a0\u00a0de uno de los hombres m\u00e1s ricos del mundo, Elon Musk.. NO SE VA INSTALAR en Veracruz&#8230; Una fuente bien informada se\u00f1ala este dato.. As\u00ed que todo aquel que esperaba que esta compa\u00f1\u00eda le resolviera los problemas pol\u00edticos y medi\u00e1ticos, se va tener que quedar esperando&#8230; [&hellip;]<\/p>\n","protected":false},"author":2,"featured_media":0,"comment_status":"closed","ping_status":"closed","sticky":false,"template":"","format":"standard","meta":{"_jetpack_newsletter_access":"","_jetpack_dont_email_post_to_subs":false,"_jetpack_newsletter_tier_id":0,"_jetpack_memberships_contains_paywalled_content":false,"_jetpack_memberships_contains_paid_content":false,"footnotes":""},"categories":[70],"tags":[36292,1563,37314,1640,12535,1026,195],"class_list":["post-102957","post","type-post","status-publish","format-standard","hentry","category-de-opinion","tag-araly-rodriguez-vez","tag-cuitlahuac-garcia-jimenez","tag-elon-musk","tag-juan-manuel-diez-francos","tag-juan-manuel-unanue-abascal","tag-morena","tag-veracruz"],"jetpack_featured_media_url":"","jetpack_sharing_enabled":true,"jetpack_shortlink":"https:\/\/wp.me\/p4Qcd3-qMB","_links":{"self":[{"href":"https:\/\/lospoliticosveracruz.com.mx\/index.php?rest_route=\/wp\/v2\/posts\/102957","targetHints":{"allow":["GET"]}}],"collection":[{"href":"https:\/\/lospoliticosveracruz.com.mx\/index.php?rest_route=\/wp\/v2\/posts"}],"about":[{"href":"https:\/\/lospoliticosveracruz.com.mx\/index.php?rest_route=\/wp\/v2\/types\/post"}],"author":[{"embeddable":true,"href":"https:\/\/lospoliticosveracruz.com.mx\/index.php?rest_route=\/wp\/v2\/users\/2"}],"replies":[{"embeddable":true,"href":"https:\/\/lospoliticosveracruz.com.mx\/index.php?rest_route=%2Fwp%2Fv2%2Fcomments&post=102957"}],"version-history":[{"count":1,"href":"https:\/\/lospoliticosveracruz.com.mx\/index.php?rest_route=\/wp\/v2\/posts\/102957\/revisions"}],"predecessor-version":[{"id":102959,"href":"https:\/\/lospoliticosveracruz.com.mx\/index.php?rest_route=\/wp\/v2\/posts\/102957\/revisions\/102959"}],"wp:attachment":[{"href":"https:\/\/lospoliticosveracruz.com.mx\/index.php?rest_route=%2Fwp%2Fv2%2Fmedia&parent=102957"}],"wp:term":[{"taxonomy":"category","embeddable":true,"href":"https:\/\/lospoliticosveracruz.com.mx\/index.php?rest_route=%2Fwp%2Fv2%2Fcategories&post=102957"},{"taxonomy":"post_tag","embeddable":true,"href":"https:\/\/lospoliticosveracruz.com.mx\/index.php?rest_route=%2Fwp%2Fv2%2Ftags&post=102957"}],"curies":[{"name":"wp","href":"https:\/\/api.w.org\/{rel}","templated":true}]}}