{"id":103019,"date":"2023-02-27T07:51:06","date_gmt":"2023-02-27T13:51:06","guid":{"rendered":"https:\/\/lospoliticosveracruz.com.mx\/?p=103019"},"modified":"2023-02-27T07:51:15","modified_gmt":"2023-02-27T13:51:15","slug":"ine-el-temor-de-morena","status":"publish","type":"post","link":"https:\/\/lospoliticosveracruz.com.mx\/?p=103019","title":{"rendered":"INE, EL TEMOR DE MORENA"},"content":{"rendered":"\n<p><strong>Ricardo Chua<br><\/strong><em>Sale y Vale<\/em><\/p>\n\n\n\n<p>Mucho se dijo de las causas del por qu\u00e9 de la marcha en defensa del INE.. Unos hablaron y marcharon a favor\u2026 Otros la descalificaron y atacaron.. Para todos hubo foros en redes sociales y medios de comunicaci\u00f3n.. Pero, sin duda, esto deja DOS cosas claras para MORENA: El peligro que corren de perder las dos gubernaturas que disputan en 2023, principalmente el Estado de M\u00e9xico y el riesgo de NO ganar la elecci\u00f3n Presidencial del 2024 junto con los gobiernos de Veracruz, CDMX, Puebla y Jalisco\u2026 AS\u00cd DE CANIJO..<\/p>\n\n\n\n<figure class=\"wp-block-image size-full\"><a href=\"https:\/\/lospoliticosveracruz.com.mx\/wp-content\/uploads\/2022\/05\/Seguro-Julio-Cerecedo.jpg\"><img decoding=\"async\" src=\"https:\/\/lospoliticosveracruz.com.mx\/wp-content\/uploads\/2022\/05\/Seguro-Julio-Cerecedo.jpg\" alt=\"\" class=\"wp-image-90414\"\/><\/a><\/figure>\n\n\n\n<p>Por eso, gobernadores de MORENA como Cuitl\u00e1huac Garc\u00eda Jim\u00e9nez, de Veracruz, se apresuraron en se\u00f1alar que los que participaron en la marcha de ayer fue por defender los derechos de los \u00abconservadores\u00bb y sin importar los altos finiquitos que recibir\u00e1n Lorenzo C\u00f3rdoba y Ciro Murayama, cuando en unas semanas m\u00e1s dejen de ser consejeros del INE, que dice Cuitl\u00e1huac ser\u00e1n alrededor de 16 millones de pesos\u2026 Subi\u00f3 el comentario a redes sociales y le sali\u00f3 contraproducente\u2026 Para qu\u00e9 lo hizo\u2026 Le recordaron sus \u00abpecados\u00bb como Gobernador..<\/p>\n\n\n\n<p>Cuitl\u00e1huac Garc\u00eda fue tundido en redes sociales, recordando que presuntas EMPRESAS \u00abFANTASMAS\u00bb REGALARON, a\u00fan no se sabe a qui\u00e9n, 100 millones de pesos.. Utilizando la figura de una bur\u00f3crata del gobierno estatal.. Que de la noche a la ma\u00f1ana la convirtieron en empresaria y sin importar el conflicto de intereses, por ser empleada y proveedora de su gobierno a la vez, hizo negocios con la 4T.. La \u00abmasacre\u00bb en contra fue brutal.. El tema de Araly Rodr\u00edguez no lo supera la administraci\u00f3n de Cuitl\u00e1huac y para el 2024 qui\u00e9n sabe si lo haga\u2026<\/p>\n\n\n\n<p>Esos comentarios de gobernadores como Cuitl\u00e1huac Garc\u00eda hacen ver la \u00abdesesperaci\u00f3n\u00bb que fue para la 4T\u2026 Que la SOCIEDAD CIVIL ORGANIZADA llenaron el z\u00f3calo de CDMX, hubo participaci\u00f3n en todo el pa\u00eds y extranjero\u2026 Ese era el temor de Andr\u00e9s Manuel L\u00f3pez Obrador y de mandatarios estatales\u2026 Un miedo que ten\u00edan bien fundado porque el tema se le sali\u00f3 del control\u2026 Y cuando un pueblo ya no le tiene miedo a nada, pasan acciones como estas\u2026 Ya que siempre son m\u00e1s los afectados de un gobierno, que los beneficiados\u2026<\/p>\n\n\n\n<p>Adem\u00e1s de que esta situaci\u00f3n adem\u00e1s de poner en riesgo la elecci\u00f3n del Estado de M\u00e9xico para MORENA.. Tambi\u00e9n hacen \u00abtambalear\u00bb la candidatura Presidencial de Claudia Sheinbaum, ya que los sucedido en el z\u00f3calo, reafirma m\u00e1s el argumento, que la CDMX la Jefa de Gobierno la tiene perdida.. Y que en 2024, un opositor a MORENA la puede ganar y gobernar\u2026 Esto afecta los acuerdos que tenga en Veracruz con Cuitl\u00e1huac Garc\u00eda\u2026 Ya que para el xalape\u00f1o la Sheinbaum es su \u00abcorcholata favorita\u00bb.. De no ser as\u00ed, los conflictos los tendr\u00e1 hasta el 2030\u2026<\/p>\n\n\n\n<p>As\u00ed que despu\u00e9s de todo lo sucedido el domingo con el INE.. El principal problema que tendr\u00e1 esta ma\u00f1ana el gobernador de Veracruz, es de entrada, saber como le har\u00e1 el Presidente, L\u00f3pez Obrador, para lograr cambiar todo lo que dijo en las diversas ocasiones, que desestim\u00f3 el n\u00famero de personas que fueron al z\u00f3calo de CDMX y a las principales plazas del pa\u00eds, Ya que de acuerdo a las mediciones de la sociedad, es que hab\u00eda m\u00e1s de 500 mil personas reclamando el \u00abPLAN B\u00bb frente la rec\u00e1mara de AMLO en Palacio Nacional.. FUERTE EL CASO<\/p>\n\n\n\n<p>Pero EL PRINCIPAL MENSAJE dejado por esta expresi\u00f3n ciudadana de ayer domingo\u2026 Que ya provoc\u00f3 escalofr\u00edos a los pol\u00edticos ligados a la 4T en M\u00e9xico y Veracruz\u2026 Es que si esta expresi\u00f3n se presenta en la elecci\u00f3n federal y estatal del 2024\u2026 MORENA no podr\u00e1 refrendar su victoria del 2018.. Est\u00e1 en riesgo aunque todav\u00eda no haya un l\u00edder opositor que capitalice todo esto\u2026 Pero lo cierto es que, al menos, las dos c\u00e1maras del Congreso de la Uni\u00f3n y algunas legislaturas estatales, ya las tienen perdidas\u2026 EMPIEZA LA CA\u00cdDA\u2026<\/p>\n\n\n\n<p>As\u00ed que la lectura es simple\u2026 Si por la marcha en defensa del INE, la sociedad civil sale a votar en la elecci\u00f3n del Estado de M\u00e9xico y pierde MORENA junto con Coahuila.. Los \u00abfocos rojos\u00bb se van a encender para el 2024\u2026 En las 9 gubernaturas que se renovar\u00e1n ese a\u00f1o.. Entre ellas Veracruz, Puebla, Jalisco y CDMX, que son las que deciden el rumbo de la elecci\u00f3n Presidencial\u2026 Junto con otras 5 m\u00e1s (Morelos, Tabasco, Chiapas, Guanajuato y Yucat\u00e1n), pondr\u00edan en riesgo la continuidad de la 4T en M\u00e9xico y esas entidades\u2026<\/p>\n\n\n\n<p>Por eso, si Delfina G\u00f3mez pierde EDOMEX todo el panorama y acuerdos se cambiar\u00edan en Palacio Nacional\u2026 Y todo aquel que se sienta candidato o candidata en Veracruz, Puebla, Jalisco y CDMX\u2026 Podr\u00edan no llegar a la recta final y haya cambios de aspirantes.. Quienes conocen a AMLO saben que primero est\u00e1 su proyecto, luego sus amigos.. As\u00ed que el tabasque\u00f1o no se tentar\u00e1 el coraz\u00f3n para quitar a un o una aspirante a gobernador y poner a otro.. Ahorita NADIE se puede sentir seguro o segura dentro de MORENA\u2026 Menos despu\u00e9s de la marcha\u2026<\/p>\n\n\n\n<p>Ante esta situaci\u00f3n.. Seg\u00fan el \u00ablibrito\u00bb pol\u00edtico que se sigue en Palacio Nacional, ser\u00e1 para decidir qui\u00e9n va en 2024 como candidatos a gobernadores en esos 9 estados. Tendr\u00e1n que esperar como termina la elecci\u00f3n en EDOMEX.. Si gana Delfina, todo queda igual.. Si pierde todos los acuerdos al interior de MORENA no valen.. Al final, la pol\u00edtica mexicana con o sin MORENA sigue siendo la misma\u2026 Nadie pone en riesgo su continuidad y si hay que \u00abdesechar\u00bb aspirantes lo hacen quitados de la pena\u2026 LOS JUGADORES CAMBIAN, EL JUEGO NO<\/p>\n\n\n\n<p>OJO.. Hay que hacer n\u00fameros.. Y si como se espera, el 2024 es una elecci\u00f3n que decidir\u00e1 la clase media en M\u00e9xico.. Hay que observar que 52 millones de mexicanos son de clase media.. Y en 2018, votaron 56 millones de personas en total, entonces, entonces, en 2024 la clase media podr\u00eda representar por s\u00ed sola casi el 93 por ciento del total de participaci\u00f3n que hubo en 2018.. \u00bfY con qui\u00e9n est\u00e1 enfrentado AMLO?, \u00bfCu\u00e1l es la clase social m\u00e1s afectada por la 4T y MORENA?: La clase media\u2026 EL QUE ENTENDI\u00d3, ENTENDI\u00d3\u2026 AMEN..<\/p>\n","protected":false},"excerpt":{"rendered":"<p>Ricardo ChuaSale y Vale Mucho se dijo de las causas del por qu\u00e9 de la marcha en defensa del INE.. Unos hablaron y marcharon a favor\u2026 Otros la descalificaron y atacaron.. Para todos hubo foros en redes sociales y medios de comunicaci\u00f3n.. Pero, sin duda, esto deja DOS cosas claras para MORENA: El peligro que [&hellip;]<\/p>\n","protected":false},"author":2,"featured_media":0,"comment_status":"closed","ping_status":"closed","sticky":false,"template":"","format":"standard","meta":{"_jetpack_newsletter_access":"","_jetpack_dont_email_post_to_subs":false,"_jetpack_newsletter_tier_id":0,"_jetpack_memberships_contains_paywalled_content":false,"_jetpack_memberships_contains_paid_content":false,"footnotes":""},"categories":[70],"tags":[29691,1563,7622,554,36571,1026,195],"class_list":["post-103019","post","type-post","status-publish","format-standard","hentry","category-de-opinion","tag-ciro-murayama","tag-cuitlahuac-garcia-jimenez","tag-delfina-gomez","tag-ine","tag-lorenzo-cordoba","tag-morena","tag-veracruz"],"jetpack_featured_media_url":"","jetpack_sharing_enabled":true,"jetpack_shortlink":"https:\/\/wp.me\/p4Qcd3-qNB","_links":{"self":[{"href":"https:\/\/lospoliticosveracruz.com.mx\/index.php?rest_route=\/wp\/v2\/posts\/103019","targetHints":{"allow":["GET"]}}],"collection":[{"href":"https:\/\/lospoliticosveracruz.com.mx\/index.php?rest_route=\/wp\/v2\/posts"}],"about":[{"href":"https:\/\/lospoliticosveracruz.com.mx\/index.php?rest_route=\/wp\/v2\/types\/post"}],"author":[{"embeddable":true,"href":"https:\/\/lospoliticosveracruz.com.mx\/index.php?rest_route=\/wp\/v2\/users\/2"}],"replies":[{"embeddable":true,"href":"https:\/\/lospoliticosveracruz.com.mx\/index.php?rest_route=%2Fwp%2Fv2%2Fcomments&post=103019"}],"version-history":[{"count":1,"href":"https:\/\/lospoliticosveracruz.com.mx\/index.php?rest_route=\/wp\/v2\/posts\/103019\/revisions"}],"predecessor-version":[{"id":103021,"href":"https:\/\/lospoliticosveracruz.com.mx\/index.php?rest_route=\/wp\/v2\/posts\/103019\/revisions\/103021"}],"wp:attachment":[{"href":"https:\/\/lospoliticosveracruz.com.mx\/index.php?rest_route=%2Fwp%2Fv2%2Fmedia&parent=103019"}],"wp:term":[{"taxonomy":"category","embeddable":true,"href":"https:\/\/lospoliticosveracruz.com.mx\/index.php?rest_route=%2Fwp%2Fv2%2Fcategories&post=103019"},{"taxonomy":"post_tag","embeddable":true,"href":"https:\/\/lospoliticosveracruz.com.mx\/index.php?rest_route=%2Fwp%2Fv2%2Ftags&post=103019"}],"curies":[{"name":"wp","href":"https:\/\/api.w.org\/{rel}","templated":true}]}}