{"id":103022,"date":"2023-02-27T07:54:25","date_gmt":"2023-02-27T13:54:25","guid":{"rendered":"https:\/\/lospoliticosveracruz.com.mx\/?p=103022"},"modified":"2023-02-27T07:54:52","modified_gmt":"2023-02-27T13:54:52","slug":"la-marcha-y-el-mexico-bronco","status":"publish","type":"post","link":"https:\/\/lospoliticosveracruz.com.mx\/?p=103022","title":{"rendered":"LA MARCHA Y EL M\u00c9XICO BRONCO"},"content":{"rendered":"\n<p><strong>Bernardo Guti\u00e9rrez Parra<br><\/strong><em>Desde el Caf\u00e9<\/em><\/p>\n\n\n\n<p>Mientras el gobierno de la CDMX calcul\u00f3 en 90 mil almas la concentraci\u00f3n de este domingo en el Z\u00f3calo (lo que hace suponer que mandaron otra vez a Mart\u00ed Batres a hacer el conteo), los organizadores dijeron que fueron 500 mil. Pero tan mentirosa es la primera cifra como exagerada la segunda.<\/p>\n\n\n<div class=\"wp-block-image\">\n<figure class=\"alignleft size-full is-resized\"><a href=\"https:\/\/lospoliticosveracruz.com.mx\/wp-content\/uploads\/2021\/10\/Zacauilt.jpg\"><img loading=\"lazy\" decoding=\"async\" src=\"https:\/\/lospoliticosveracruz.com.mx\/wp-content\/uploads\/2021\/10\/Zacauilt.jpg\" alt=\"\" class=\"wp-image-80558\" width=\"175\" height=\"350\"\/><\/a><\/figure><\/div>\n\n\n<p>Un c\u00e1lculo m\u00e1s serio indic\u00f3 que tomando en cuenta que varias de las arterias que desembocan al Z\u00f3calo estuvieron repletas, la asistencia fue de entre 350 mil y 400 mil personas, lo que es m\u00e1s apegado a la verdad.<\/p>\n\n\n\n<p>Para quienes est\u00e1bamos a la espera de emociones m\u00e1s fuertes (como una declaraci\u00f3n presidencial), fue una decepci\u00f3n que ayer el presidente simplemente desapareciera, pero ya vomitar\u00e1 hoy el odio que lo carcome.<\/p>\n\n\n\n<p>Lo que debi\u00f3 sacarlo de onda fue el grito de \u201cFuera L\u00f3pez\u201d que corearon los asistentes frente Palacio Nacional; grito que se replic\u00f3 en m\u00e1s de un centenar de ciudades del pa\u00eds y en varias del extranjero.<\/p>\n\n\n\n<p>Ni D\u00edaz Ordaz recibi\u00f3 tan multitudinario agravio.<\/p>\n\n\n\n<p>La marcha tambi\u00e9n debi\u00f3 acalambrarlo porque la gente descubri\u00f3 el valor de tomar las calles y le est\u00e1 gustando; porque el Z\u00f3calo dej\u00f3 de ser de su exclusividad, porque los mexicanos le perdieron el miedo y porque no s\u00f3lo est\u00e1n defendiendo al INE sino a la democracia. Y la van a defender con todo.<\/p>\n\n\n\n<p>Lo de ayer fue una bofetada en la jeta del soberbio que debi\u00f3 aturdirlo y hacerle ver que no es tan admirado e idolatrado como pensaba. Al menos no para un importante sector de la poblaci\u00f3n que incluso vot\u00f3 por \u00e9l en 2018, pero que no lo volver\u00e1 a hacer por su candidato o candidata en el 2024 y eso debe preocuparlo.<\/p>\n\n\n\n<p>Quiz\u00e1 la de hoy sea una de sus ma\u00f1aneras m\u00e1s concurridas, pero donde no dir\u00e1 nada nuevo. \u201cQuienes salieron a la calle fueron los reaccionarios, los conservadores que no quieren perder sus privilegios, los que quieren ver en libertad a Genaro Garc\u00eda Luna; los corruptos, los vividores, los ladrones, los fif\u00eds. El plan B es para quitarle dinero a los consejeros que ganan un dineral y d\u00e1rselo a los pobres, eso es todo. No veo el motivo del arg\u00fcende que est\u00e1n armando los neoliberales\u201d.<\/p>\n\n\n\n<p>Si sale con esa jalada (que de seguro lo har\u00e1) el n\u00famero de seguidores de la 4T comenzar\u00e1 a disminuir de manera lenta pero sistem\u00e1tica, a la par que se multiplicar\u00e1 el n\u00famero de inconformes que empezar\u00e1n a cuestionarlo.<\/p>\n\n\n\n<p>De los dos oradores que hubo en la concentraci\u00f3n, la periodista Beatriz Pag\u00e9s Rebollar fue la m\u00e1s encendida y apasionada. \u201cVengo aqu\u00ed para decir que el INE no se toca, que nuestro voto no se roba y para decir a quien nos quiera escuchar: estamos listos para impedir un golpe a la Constituci\u00f3n y a nuestras libertades.<\/p>\n\n\n\n<p>\u201cAqu\u00ed hay hombres y mujeres de conciencia libre, no tenemos miedo a los desplantes autoritarios que intentan acallarnos. No quer\u00edan que vini\u00e9ramos, pero aqu\u00ed estamos\u2026 Callar nos har\u00eda c\u00f3mplices de un crimen de Estado en contra de la democracia\u2026 Quieren mutilar al INE porque les estorba el voto libre, quieren desmembrarlo porque a la intolerancia le estorba una instituci\u00f3n aut\u00f3noma, fuerte y capaz. Ante el fracaso y la falta de resultados ya huelen su derrota y preparan la estafa. Buscan desaparecer al \u00e1rbitro para torcer la decisi\u00f3n ciudadana en el 24\u201d.<\/p>\n\n\n\n<p>Menos apasionado pero m\u00e1s directo, fue el ministro en retiro de la Suprema Corte, Jos\u00e9 Ram\u00f3n Cossio a quien d\u00edas atr\u00e1s L\u00f3pez Obrador llam\u00f3 corruptazo, hip\u00f3crita y conservador.<\/p>\n\n\n\n<p>\u201cEl presidente ha dicho que los ministros ser\u00e1n hip\u00f3critas si declaran la invalidez de sus reformas legales, (pero) los ministros ser\u00edan hip\u00f3critas si ocultan sus argumentos, si se apartan de sus precedentes o si distorsionan las votaciones en las que participen. El presidente ha dicho que si los ministros declaran la inconstitucionalidad de las reformas, ser\u00e1n aliados de los m\u00e1s privilegiados de nuestra poblaci\u00f3n, y esto no es as\u00ed. Los ministros podr\u00edan ser tenidos como defensores de los privilegios solo si debilitan a las instituciones electorales para que los poderes f\u00e1cticos, la delincuencia organizada incluida, puedan determinar el rumbo de las elecciones y la conformaci\u00f3n de nuestros representantes populares.<\/p>\n\n\n\n<p>\u201cEn las pr\u00f3ximas semanas, los se\u00f1ores y las se\u00f1oras ministras, tendr\u00e1n la oportunidad de demostrarse y de demostrarnos si los calificativos presidenciales tienen o no fundamento. Tengo la confianza de que todos ellos evidenciar\u00e1n que no son ciertas las expresiones del presidente y de sus colaboradores. Estoy seguro de que los ministros considerar\u00e1n que las irregularidades en los procesos legislativos tienen un serio potencial invalidatorio\u201d.<\/p>\n\n\n\n<p>Casi puedo apostar lector, a que el presidente tundir\u00e1 nuevamente a los ministros y si lo hace estar\u00e1 cavando su tumba pol\u00edtica porque, reitero, cada d\u00eda son menos los que creen en sus mentiras.<\/p>\n\n\n\n<p>Quiero pensar que la marcha de ayer despert\u00f3 a los mexicanos de esa modorra infinita que los ha tenido aletargados por generaciones. Si la marcha del 13 de noviembre los desperez\u00f3, quiero pensar que la de ayer les abri\u00f3 los ojos.<\/p>\n\n\n\n<p>La pelota est\u00e1 en el campo de la Suprema Corte de Justicia de la Naci\u00f3n y los ministros tienen de dos sopas; o se cubren de gloria mandando al diablo el Plan B de L\u00f3pez Obrador o de ignominia si lo aprueban.<\/p>\n\n\n\n<p>Si esto \u00faltimo sucede, que nadie se llame sorprendido si se despierta el M\u00e9xico bronco con sus furiosas y funestas consecuencias.<\/p>\n\n\n\n<p>bernardogup@hotmail.com<\/p>\n","protected":false},"excerpt":{"rendered":"<p>Bernardo Guti\u00e9rrez ParraDesde el Caf\u00e9 Mientras el gobierno de la CDMX calcul\u00f3 en 90 mil almas la concentraci\u00f3n de este domingo en el Z\u00f3calo (lo que hace suponer que mandaron otra vez a Mart\u00ed Batres a hacer el conteo), los organizadores dijeron que fueron 500 mil. Pero tan mentirosa es la primera cifra como exagerada [&hellip;]<\/p>\n","protected":false},"author":2,"featured_media":0,"comment_status":"closed","ping_status":"closed","sticky":false,"template":"","format":"standard","meta":{"_jetpack_newsletter_access":"","_jetpack_dont_email_post_to_subs":false,"_jetpack_newsletter_tier_id":0,"_jetpack_memberships_contains_paywalled_content":false,"_jetpack_memberships_contains_paid_content":false,"footnotes":""},"categories":[70],"tags":[17426,37380,34206,5494,15077,36513],"class_list":["post-103022","post","type-post","status-publish","format-standard","hentry","category-de-opinion","tag-4t","tag-beatriz-pages-rebollar","tag-bernardo-gutierrez-parra","tag-genaro-garcia-luna","tag-marti-batres","tag-plan-b"],"jetpack_featured_media_url":"","jetpack_sharing_enabled":true,"jetpack_shortlink":"https:\/\/wp.me\/p4Qcd3-qNE","_links":{"self":[{"href":"https:\/\/lospoliticosveracruz.com.mx\/index.php?rest_route=\/wp\/v2\/posts\/103022","targetHints":{"allow":["GET"]}}],"collection":[{"href":"https:\/\/lospoliticosveracruz.com.mx\/index.php?rest_route=\/wp\/v2\/posts"}],"about":[{"href":"https:\/\/lospoliticosveracruz.com.mx\/index.php?rest_route=\/wp\/v2\/types\/post"}],"author":[{"embeddable":true,"href":"https:\/\/lospoliticosveracruz.com.mx\/index.php?rest_route=\/wp\/v2\/users\/2"}],"replies":[{"embeddable":true,"href":"https:\/\/lospoliticosveracruz.com.mx\/index.php?rest_route=%2Fwp%2Fv2%2Fcomments&post=103022"}],"version-history":[{"count":1,"href":"https:\/\/lospoliticosveracruz.com.mx\/index.php?rest_route=\/wp\/v2\/posts\/103022\/revisions"}],"predecessor-version":[{"id":103023,"href":"https:\/\/lospoliticosveracruz.com.mx\/index.php?rest_route=\/wp\/v2\/posts\/103022\/revisions\/103023"}],"wp:attachment":[{"href":"https:\/\/lospoliticosveracruz.com.mx\/index.php?rest_route=%2Fwp%2Fv2%2Fmedia&parent=103022"}],"wp:term":[{"taxonomy":"category","embeddable":true,"href":"https:\/\/lospoliticosveracruz.com.mx\/index.php?rest_route=%2Fwp%2Fv2%2Fcategories&post=103022"},{"taxonomy":"post_tag","embeddable":true,"href":"https:\/\/lospoliticosveracruz.com.mx\/index.php?rest_route=%2Fwp%2Fv2%2Ftags&post=103022"}],"curies":[{"name":"wp","href":"https:\/\/api.w.org\/{rel}","templated":true}]}}