{"id":103350,"date":"2023-03-07T08:18:45","date_gmt":"2023-03-07T14:18:45","guid":{"rendered":"https:\/\/lospoliticosveracruz.com.mx\/?p=103350"},"modified":"2023-03-07T08:18:59","modified_gmt":"2023-03-07T14:18:59","slug":"mujeres-en-coyuntura-politica","status":"publish","type":"post","link":"https:\/\/lospoliticosveracruz.com.mx\/?p=103350","title":{"rendered":"MUJERES EN COYUNTURA POL\u00cdTICA"},"content":{"rendered":"\n<p><\/p>\n\n\n\n<p><strong>Yair Ademar Dom\u00ednguez<br><\/strong><em>Punto y Coma<\/em><\/p>\n\n\n\n<p>\u201cLas mujeres suelen ser m\u00e1s honestas, m\u00e1s responsables, m\u00e1s justas que los hombres\u201d. La frase es del presidente Andr\u00e9s Manuel L\u00f3pez Obrador y describe con perfecta claridad la pol\u00edtica de g\u00e9nero de la Cuarta Transformaci\u00f3n. S\u00ed, las mujeres suelen ser m\u00e1s honestas que los hombres, por eso los puestos de relevancia en los gobiernos de la 4T, del cambio verdadero en nuestro pa\u00eds son ocupados por ellas.&nbsp;<\/p>\n\n\n<div class=\"wp-block-image\">\n<figure class=\"alignleft size-medium\"><a href=\"https:\/\/lospoliticosveracruz.com.mx\/wp-content\/uploads\/2021\/10\/WhatsApp-Image-2021-10-02-at-15.20.25.jpeg\"><img loading=\"lazy\" decoding=\"async\" width=\"212\" height=\"300\" src=\"https:\/\/lospoliticosveracruz.com.mx\/wp-content\/uploads\/2021\/10\/WhatsApp-Image-2021-10-02-at-15.20.25-212x300.jpeg\" alt=\"\" class=\"wp-image-80177\" srcset=\"https:\/\/lospoliticosveracruz.com.mx\/wp-content\/uploads\/2021\/10\/WhatsApp-Image-2021-10-02-at-15.20.25-212x300.jpeg 212w, https:\/\/lospoliticosveracruz.com.mx\/wp-content\/uploads\/2021\/10\/WhatsApp-Image-2021-10-02-at-15.20.25-724x1024.jpeg 724w, https:\/\/lospoliticosveracruz.com.mx\/wp-content\/uploads\/2021\/10\/WhatsApp-Image-2021-10-02-at-15.20.25-768x1086.jpeg 768w, https:\/\/lospoliticosveracruz.com.mx\/wp-content\/uploads\/2021\/10\/WhatsApp-Image-2021-10-02-at-15.20.25.jpeg 905w\" sizes=\"auto, (max-width: 212px) 100vw, 212px\" \/><\/a><\/figure><\/div>\n\n\n<p>Veracruz y su gobernador Cuitl\u00e1huac Garc\u00eda Jim\u00e9nez han dado ejemplo de esta pol\u00edtica, con el impulso que se ha dado a las mujeres en el gabinete y en los espacios de los \u00f3rganos aut\u00f3nomos. El caso m\u00e1s reciente ha sido el del Tribunal Superior de Justicia del Estado de Veracruz y el del Instituto Electoral Veracruzano. La pol\u00edtica y la administraci\u00f3n de la justicia y del proceso electoral que se avecina, en manos de mujeres.<br>Por ello tambi\u00e9n, el mandatario nacional ha estado de acuerdo que sea una mujer la que se perfile para presidir el Consejo General del Instituto Nacional Electoral, una instancia a la que le han metido mano los grupos de poder neoliberales para controlar los procesos electorales. El presidente Andr\u00e9s Manuel L\u00f3pez Obrador ha sido muy claro al se\u00f1alar que a \u00e9l no le corresponde indicar qui\u00e9n podr\u00eda dirigir el \u00f3rgano electoral pero s\u00ed reconocer la val\u00eda de las mujeres.&nbsp;<\/p>\n\n\n\n<p>\u201cLo que s\u00ed es que me consta que las mujeres son muy responsables y son honestas. Cuando yo fui jefe de Gobierno la mayor\u00eda de los integrantes del gabinete eran mujeres, creo que, de 14, ocho mujeres; y ahora igual, casi la mitad son mujeres, y muy buenas, mucho muy buenas. Y nosotros hemos contribuido desde que est\u00e1bamos en la oposici\u00f3n, para que se abrieran espacios, que no se obstaculizara el avance de las mujeres en la participaci\u00f3n pol\u00edtica y en todos los campos de la vida p\u00fablica\u201d, expres\u00f3.<\/p>\n\n\n\n<p>\u201cContribuimos a que ahora en la legislatura la mitad sean mujeres y la mitad hombres, nosotros fuimos de los precursores de ese movimiento. Entonces, claro que s\u00ed, estamos totalmente de acuerdo en que se siga promoviendo la participaci\u00f3n de las mujeres, pero no s\u00f3lo por cuestiones de g\u00e9nero, sino porque aportan mucho\u201d.<\/p>\n\n\n\n<p>M\u00e1s claro ni el agua. La pol\u00edtica de la Cuarta Transformaci\u00f3n ha abierto espacios para los grupos minoritarios y para las mujeres, quienes desde hace muchos a\u00f1os han venido haciendo camino al andar, como escribi\u00f3 el poeta. S\u00ed, una a una, desde diversas trincheras, las mujeres han venido conquistando espacios y esa lucha, hay que decirlo con toda claridad, alcanz\u00f3 su mayor impulso en estos a\u00f1os, desde el arribo del presidente L\u00f3pez Obrador.<\/p>\n\n\n\n<p>Adem\u00e1s, si hay que exponer datos duros, amable lector, hay que se\u00f1alar que el impulso a las mujeres en la 4T no es s\u00f3lo de palabras o como estrategia demag\u00f3gica. No. Este a\u00f1o, como nunca en la historia, se est\u00e1n destinando 600 mil millones de pesos a programas de bienestar para 25 millones de hogares y la mayor\u00eda de eso va a mujeres. Mejor, imposible.<\/p>\n\n\n\n<p>Hay que reconocer este hecho hist\u00f3rico en la vida p\u00fablica del pa\u00eds. Y no se trata, como lo ha expresado el mandatario nacional, no s\u00f3lo de la participaci\u00f3n de la mujer en lo p\u00fablico, hay que tomar en cuenta que la mayor\u00eda de la poblaci\u00f3n de M\u00e9xico son mujeres, y que hay que luchar por la igualdad de la mujer en el campo, en las f\u00e1bricas, en la escuela, en todo. La mayor\u00eda de beneficiarios son mujeres en los programas de Bienestar, hasta en el programa Sembrando Vida y eso se llama congruencia en un gobierno que enarbola las causas de los m\u00e1s desprotegidos.&nbsp;<\/p>\n\n\n\n<p>As\u00ed que, estimado lector, aunque la lucha por los derechos de las mujeres sigue vigente, en el r\u00edo humano que este 08 de marzo recorrer\u00e1 las calles y llenar\u00e1 las plazas del pa\u00eds, hay que reconocer los logros de la 4T que llegaron para seguir empoderando a ni\u00f1as y mujeres en nuestro pa\u00eds.&nbsp;<\/p>\n\n\n\n<p>Comentarios: Facebook Yair Ademar Dominguez Twitter @YairAdemar<\/p>\n","protected":false},"excerpt":{"rendered":"<p>Yair Ademar Dom\u00ednguezPunto y Coma \u201cLas mujeres suelen ser m\u00e1s honestas, m\u00e1s responsables, m\u00e1s justas que los hombres\u201d. La frase es del presidente Andr\u00e9s Manuel L\u00f3pez Obrador y describe con perfecta claridad la pol\u00edtica de g\u00e9nero de la Cuarta Transformaci\u00f3n. S\u00ed, las mujeres suelen ser m\u00e1s honestas que los hombres, por eso los puestos de [&hellip;]<\/p>\n","protected":false},"author":2,"featured_media":0,"comment_status":"closed","ping_status":"closed","sticky":false,"template":"","format":"standard","meta":{"_jetpack_newsletter_access":"","_jetpack_dont_email_post_to_subs":false,"_jetpack_newsletter_tier_id":0,"_jetpack_memberships_contains_paywalled_content":false,"_jetpack_memberships_contains_paid_content":false,"footnotes":""},"categories":[70],"tags":[618,1563,1026,36513,195,20652],"class_list":["post-103350","post","type-post","status-publish","format-standard","hentry","category-de-opinion","tag-andres-manuel-lopez-obrador","tag-cuitlahuac-garcia-jimenez","tag-morena","tag-plan-b","tag-veracruz","tag-yair-ademar-dominguez"],"jetpack_featured_media_url":"","jetpack_sharing_enabled":true,"jetpack_shortlink":"https:\/\/wp.me\/p4Qcd3-qSW","_links":{"self":[{"href":"https:\/\/lospoliticosveracruz.com.mx\/index.php?rest_route=\/wp\/v2\/posts\/103350","targetHints":{"allow":["GET"]}}],"collection":[{"href":"https:\/\/lospoliticosveracruz.com.mx\/index.php?rest_route=\/wp\/v2\/posts"}],"about":[{"href":"https:\/\/lospoliticosveracruz.com.mx\/index.php?rest_route=\/wp\/v2\/types\/post"}],"author":[{"embeddable":true,"href":"https:\/\/lospoliticosveracruz.com.mx\/index.php?rest_route=\/wp\/v2\/users\/2"}],"replies":[{"embeddable":true,"href":"https:\/\/lospoliticosveracruz.com.mx\/index.php?rest_route=%2Fwp%2Fv2%2Fcomments&post=103350"}],"version-history":[{"count":1,"href":"https:\/\/lospoliticosveracruz.com.mx\/index.php?rest_route=\/wp\/v2\/posts\/103350\/revisions"}],"predecessor-version":[{"id":103351,"href":"https:\/\/lospoliticosveracruz.com.mx\/index.php?rest_route=\/wp\/v2\/posts\/103350\/revisions\/103351"}],"wp:attachment":[{"href":"https:\/\/lospoliticosveracruz.com.mx\/index.php?rest_route=%2Fwp%2Fv2%2Fmedia&parent=103350"}],"wp:term":[{"taxonomy":"category","embeddable":true,"href":"https:\/\/lospoliticosveracruz.com.mx\/index.php?rest_route=%2Fwp%2Fv2%2Fcategories&post=103350"},{"taxonomy":"post_tag","embeddable":true,"href":"https:\/\/lospoliticosveracruz.com.mx\/index.php?rest_route=%2Fwp%2Fv2%2Ftags&post=103350"}],"curies":[{"name":"wp","href":"https:\/\/api.w.org\/{rel}","templated":true}]}}