{"id":103362,"date":"2023-03-07T12:16:59","date_gmt":"2023-03-07T18:16:59","guid":{"rendered":"https:\/\/lospoliticosveracruz.com.mx\/?p=103362"},"modified":"2023-03-07T12:17:07","modified_gmt":"2023-03-07T18:17:07","slug":"unos-a-la-pena-y-otros-a-la-pepena","status":"publish","type":"post","link":"https:\/\/lospoliticosveracruz.com.mx\/?p=103362","title":{"rendered":"UNOS A LA PENA Y OTROS A LA PEPENA&nbsp;"},"content":{"rendered":"\n<p><strong>Inocencio Y\u00e1\u00f1ez Vicencio<\/strong><\/p>\n\n\n\n<p>Cuando velaban a alg\u00fan familiar en el pueblo, nos dec\u00edan: mucho ojo, que unos vienen a la pena y otros a la pepena, desconf\u00eden de los que m\u00e1s lloren. En politica sucede lo mismo. A la lucha unos van con el deseo de ayudar pero otros van con el deseo de obtener gananancias personales.<\/p>\n\n\n\n<figure class=\"wp-block-image size-full\"><a href=\"https:\/\/lospoliticosveracruz.com.mx\/wp-content\/uploads\/2022\/05\/Seguro-Julio-Cerecedo.jpg\"><img decoding=\"async\" src=\"https:\/\/lospoliticosveracruz.com.mx\/wp-content\/uploads\/2022\/05\/Seguro-Julio-Cerecedo.jpg\" alt=\"\" class=\"wp-image-90414\"\/><\/a><\/figure>\n\n\n\n<p>Nuestra gloriosa Revoluci\u00f3n de 1910 la encabez\u00f3 un hombre al que le gusta mucho compararse el actual presidente: Francisco I. Madero. Hombre perteneciente a las familias m\u00e1s ricas del pa\u00eds, beneficiaria de la dictadura porfrista, que por m\u00e1s de treinta a\u00f1os hab\u00eda asolado al pueblo mexicano. Madero decidi\u00f3 abanderar el movimiento revolucionario para que continuara el porfirismo sin Porfirio D\u00edaz, porque sosten\u00eda que el h\u00e9roe del 2 de abril, era un ya un viejo decr\u00e9pito, por eso, una vez que triunf\u00f3, trat\u00f3 de frenar el cambio social, limit\u00e1ndose a un cambio del personal gubernamental y a reformas pol\u00edticas, lo que provoc\u00f3 que\u00a0\u00a0Pascual Orozco, Emiliano Zapata y otro le desconocieran y con ello quedaran abiertas las puertas para la revancha militarista, capitaneada por el Chacal Victoriano Huerta; que oblig\u00f3 a los partidarios del cambio social a reagruparse para vencer a los revanchistas y una vez echados del poder, dar forma al programa social m\u00e1s avanzado de su \u00e9poca, que plasmaron en la Constituci\u00f3n de 1917 y una pol\u00edtica dirigida a desmantelar la estructura colonial y semi feudal, basada en el latifundio\u00a0\u00a0y la gran hacienda, que fue torpedeada desde el vecino del Norte, el p\u00falpito ( que desde el Vaticano en una c\u00e9lebre carta, desconocer\u00eda esa Constituci\u00f3n) y la oligarqu\u00eda criolla.\u00a0<\/p>\n\n\n\n<p>Hoy, como ayer y siempre, para frenar y echar la banda que irritando a la poblaci\u00f3n se vio favorecida por el voto popular en 2018, hay quienes trabajan para restituir el equilibrio republicano y las reglas del juego democr\u00e1tico&nbsp;&nbsp;y otros, como Movimiento Ciudadano, que consecuente con su verticalismo antidemocr\u00e1tico, al ser un \u00bb partido\u00bb de un s\u00f3lo hombre, propiedad de Dante Delgado, que compite con Javier Duarte, en reputaci\u00f3n,&nbsp;&nbsp;&nbsp;s\u00f3lo vive de PEPENAR figuras p\u00fablicas, para sumar votos y traducirlos en dinero.&nbsp;<\/p>\n\n\n\n<p>Desde que fund\u00f3 su \u00bb partido\u00bb , lo llam\u00f3 de izquierda. \u00bf C\u00f3mo puede ser de izquierda una organizaci\u00f3n jefaturada por una persona que desde el gobierno de Veracruz, ejecut\u00f3 el programa neoliberal de Carlos Salinas y ser se\u00f1alado de uno de los desv\u00edos m\u00e1s grandes de recursos, en la historia de nuestra entidad?<\/p>\n\n\n\n<p>S\u00f3lo para recordarles a todos esos oportunistas que claman porque se abandone el eje Izquierda-derecha, que no presuman de ignorantes&nbsp;&nbsp;en un su af\u00e1n de justificar su corrupci\u00f3n pol\u00edtica.&nbsp;&nbsp;Ese eje no es te\u00f3rico.&nbsp;&nbsp;Es pr\u00e1ctico.&nbsp;&nbsp;Sirve para graficar el espectro partidario, no necesariamente partidista. Sirgio en la Convenci\u00f3n de 1789, durante la Revoluci\u00f3n francesa. En el ala izquierda se sentaron los burgueses y quienes los apoyaron&nbsp;&nbsp;y en el ala derecha se sentaron la nobleza y el clero. Tan son t\u00e9rminos pr\u00e1cticos, que en la gesta francesa los burgurses se les ubic\u00f3 como de izquierda y hoy se les denomina de derecha, porque al principio la burgues\u00eda&nbsp;&nbsp;era revolucionaria, al luchar por la finalizaci\u00f3n de un r\u00e9gimen de servidumbre&nbsp;&nbsp;y no porque fuera buena gente sino porqie necesitaba liberar la mano de obra que estaba encasillada en los se\u00f1or\u00edos, para que fuera a engrosar las filas de mano de obra que requer\u00eda el capital y el patr\u00f3n para desarrollar el sistema capitalista.<\/p>\n\n\n\n<p>Dec\u00eda Norberto&nbsp;&nbsp;Bobbio que la izquierda era explicadas a partir del concepto de igualdad, porque no lo facilitaba el concepto de libertad. En el caso de libertad tenemos la libertad burguesa como no invasi\u00f3n de la esfera individual, tenemos la libertad positiva como autodeterminaci\u00f3n, la libertad republicana como no dominaci\u00f3n&#8230;Pudiera argumentarse que los griegos hablaban de igualdad de derechos (isonomia) y de igualdad en el uso de la palabra ( isegoria), pero para este caso tomamos como referente la igualdad social. Se es de izquierda en relaci\u00f3n a m\u00e1s o menos se busque la igualdad material.&nbsp;<\/p>\n\n\n\n<p>La pol\u00edtica surge como resultado de la diferencia social.&nbsp;&nbsp;Se hace pol\u00edtica cuando se toma parido. El centro es un punto muerto. Siempre que se hace pol\u00edtica, se hace movi\u00e9ndose hacia la izquierda o hac\u00eda la derecha. Puede matizarse. Podemos movernos mucho o poco. Por eso en los dos bandos hay moderados, puros o radicales. Eso no es de gustos. Eso depende los intereses que se representen o a los que se sirvan hist\u00f3ricamente. Hoy la burgues\u00eda se ubica a la derecha, porque se empe\u00f1a en mantener como sacras, inmutables e intocables las relaciones de desigualdad social.&nbsp;<\/p>\n\n\n\n<p>Los populistas y quienes les sirven o quienes les gui\u00f1en el ojo, podr\u00e1n tener mucho \u00e9xito electoral sustituyendo el eje izquierda-derecha por un eje distinto, como puede ser nosotros y ellos, pueblo y \u00e9lites pol\u00edtica corruptas, ricos y pobres, ciudadanos y pol\u00edticos, honestos y mafiosos&#8230;pero eso no invalida al eje izquierda- derecha. El jumento que sostiene, por ejemplo , que luchar por los desechos humanas puede servir para explicar los antagonismos est\u00e1 en el limbo. Como podr\u00eda calificarse de&nbsp;&nbsp;izquierda una persona que defiende el caracter natural de esos derechos ? Es absurdo. Como igual de absurdo resultar\u00eda pretender reemplazar el eje izquierda-derecha por el de autoritarismo-democracia, que la ciencia pol\u00edtica norteamericana, que es una ciencia legitimadora del regimen capitalista, ha impuesta para hacer aceptable y justificable la dominaci\u00f3n estadounidense. Nomas falta que esos sinverg\u00fcenzas que cada 26 de julio sal\u00edan a las calles a cantarle a la Revoluci\u00f3n cubana y hoy sin ning\u00fan recato la condenan, para acreditarse como dem\u00f3cratas y borrar el estigma de haber servido al gobierno de Yunes, que presume de haber recuperado bienes al margen de la ley; hoy, nos digan que es de izquierda aplaudir que nuestros connacionales sean juzgados en Estados Unidos por simples se\u00f1alamientos de criminales confesos, pero no dar cr\u00e9dito al reciente ex fiscal&nbsp;&nbsp;que declara que Amlo, es \u00bb facilitador de los c\u00e1rteles de la droga\u00bb<\/p>\n\n\n\n<p>Todo esto se agrava si tomamos en cuenta que dentro del PRI, PAN, PRD, hay serviles a Dante y compa\u00f1ia, que debieron ser expulsados por trabajar para otros partidos y aprovecharse para sus parientes y amigos de las pluris, ya andan como aves de rapi\u00f1q y sin ning\u00fan rubor&nbsp;&nbsp;exhibi\u00e9ndose con el alfil de Amlo.<\/p>\n\n\n\n<p>No obstante estar ya documentado que Dante y sus esbirros trabajan para minar a la real oposici\u00f3n y que Movimiento Ciudadano es \u00fanicamente una oposici\u00f3n simulada para abrirle paso a Morena, todav\u00eda hay incautos que no quieren ver que impulsar a Colosito es parte de una alianza con el Grupo Monterrey, que necesita un t\u00edtere&nbsp;&nbsp;y del roll que Amlo le dio a Dante para debilitar a los adversarios de Morena. La pol\u00edtica no se hace s\u00f3lo, pero s\u00f3lo si se pueden hacer, en nombre de la pol\u00edtica, grandes negocios.<\/p>\n","protected":false},"excerpt":{"rendered":"<p>Inocencio Y\u00e1\u00f1ez Vicencio Cuando velaban a alg\u00fan familiar en el pueblo, nos dec\u00edan: mucho ojo, que unos vienen a la pena y otros a la pepena, desconf\u00eden de los que m\u00e1s lloren. En politica sucede lo mismo. A la lucha unos van con el deseo de ayudar pero otros van con el deseo de obtener [&hellip;]<\/p>\n","protected":false},"author":2,"featured_media":0,"comment_status":"closed","ping_status":"closed","sticky":false,"template":"","format":"standard","meta":{"_jetpack_newsletter_access":"","_jetpack_dont_email_post_to_subs":false,"_jetpack_newsletter_tier_id":0,"_jetpack_memberships_contains_paywalled_content":false,"_jetpack_memberships_contains_paid_content":false,"footnotes":""},"categories":[1],"tags":[8256],"class_list":["post-103362","post","type-post","status-publish","format-standard","hentry","category-sin-categoria","tag-inocencio-yanez-vicencio"],"jetpack_featured_media_url":"","jetpack_sharing_enabled":true,"jetpack_shortlink":"https:\/\/wp.me\/p4Qcd3-qT8","_links":{"self":[{"href":"https:\/\/lospoliticosveracruz.com.mx\/index.php?rest_route=\/wp\/v2\/posts\/103362","targetHints":{"allow":["GET"]}}],"collection":[{"href":"https:\/\/lospoliticosveracruz.com.mx\/index.php?rest_route=\/wp\/v2\/posts"}],"about":[{"href":"https:\/\/lospoliticosveracruz.com.mx\/index.php?rest_route=\/wp\/v2\/types\/post"}],"author":[{"embeddable":true,"href":"https:\/\/lospoliticosveracruz.com.mx\/index.php?rest_route=\/wp\/v2\/users\/2"}],"replies":[{"embeddable":true,"href":"https:\/\/lospoliticosveracruz.com.mx\/index.php?rest_route=%2Fwp%2Fv2%2Fcomments&post=103362"}],"version-history":[{"count":1,"href":"https:\/\/lospoliticosveracruz.com.mx\/index.php?rest_route=\/wp\/v2\/posts\/103362\/revisions"}],"predecessor-version":[{"id":103363,"href":"https:\/\/lospoliticosveracruz.com.mx\/index.php?rest_route=\/wp\/v2\/posts\/103362\/revisions\/103363"}],"wp:attachment":[{"href":"https:\/\/lospoliticosveracruz.com.mx\/index.php?rest_route=%2Fwp%2Fv2%2Fmedia&parent=103362"}],"wp:term":[{"taxonomy":"category","embeddable":true,"href":"https:\/\/lospoliticosveracruz.com.mx\/index.php?rest_route=%2Fwp%2Fv2%2Fcategories&post=103362"},{"taxonomy":"post_tag","embeddable":true,"href":"https:\/\/lospoliticosveracruz.com.mx\/index.php?rest_route=%2Fwp%2Fv2%2Ftags&post=103362"}],"curies":[{"name":"wp","href":"https:\/\/api.w.org\/{rel}","templated":true}]}}