{"id":103469,"date":"2023-03-09T23:15:30","date_gmt":"2023-03-10T05:15:30","guid":{"rendered":"https:\/\/lospoliticosveracruz.com.mx\/?p=103469"},"modified":"2023-03-09T23:15:35","modified_gmt":"2023-03-10T05:15:35","slug":"mapa","status":"publish","type":"post","link":"https:\/\/lospoliticosveracruz.com.mx\/?p=103469","title":{"rendered":"MAPA"},"content":{"rendered":"\n<p><strong>Guadalupe H. Mar<\/strong><\/p>\n\n\n\n<p><em>Mira Pol\u00edtica<\/em>\u00a0<\/p>\n\n\n\n<p>OBLIGADA PROSPECTIVA \u2026\u00a0\u00a0\u00bfSab\u00edan ustedes amables lectoras y lectores que el a\u00f1o pasado los municipios con el mayor n\u00famero de feminicidios identificados por el Observatorio Universitario de Violencias contra las Mujeres, de la Universidad Veracruzana (OUVmujeres) fueron Xalapa, Medell\u00edn, Coatzacoalcos y Veracruz puerto y que estos datos se pueden consultar en un mapa desde cualquier parte del mundo con acceso a internet?<\/p>\n\n\n\n<figure class=\"wp-block-image size-full\"><a href=\"https:\/\/lospoliticosveracruz.com.mx\/wp-content\/uploads\/2022\/05\/Seguro-Julio-Cerecedo.jpg\"><img decoding=\"async\" src=\"https:\/\/lospoliticosveracruz.com.mx\/wp-content\/uploads\/2022\/05\/Seguro-Julio-Cerecedo.jpg\" alt=\"\" class=\"wp-image-90414\"\/><\/a><\/figure>\n\n\n\n<p>Pues bien, el OUVmujeres elabor\u00f3 este mapa de feminicidios y desapariciones identificados en el estado de Veracruz, en el que se pueden conocer estos casos registrados por municipios.<\/p>\n\n\n\n<p>En su presentaci\u00f3n el OUVmujeres que coordina la doctora Estela Casados Gonz\u00e1lez, investigadora de la Universidad Veracruzana, se explica que la propuesta del OUVMujeres nace ante la necesidad de hacer un an\u00e1lisis detallado de las violencias hacia aquellas que habitan la entidad veracruzana: homicidios de mujeres, feminicidios, desaparici\u00f3n femenina forzada y agresiones contra mujeres.<\/p>\n\n\n\n<p>Con el apoyo de estudiantes de la licenciatura en Antropolog\u00eda Social y de otras facultades no solo de Xalapa, obtienen informaci\u00f3n de portales informativos y medios impresos, adem\u00e1s de p\u00e1ginas web oficiales de la Fiscal\u00eda General del estado de Veracruz, comunicados de prensa de instancias oficiales y redes sociales.<\/p>\n\n\n\n<p>Con este mapa, se le facilitar\u00eda el trabajo a quienes, por sus encargos administrativos, tienen la responsabilidad de dar seguimiento a las dos Alertas, la primera por Violencia de G\u00e9nero Contra las Mujeres y la segunda por Agravio Comparado por discriminaci\u00f3n normativa en derechos sexuales y reproductivos, la primera declarada por el gobierno federal en noviembre de 2016, hace m\u00e1s de seis a\u00f1os, en tanto que la segunda fue a finales de 2017.<\/p>\n\n\n\n<p>Y decimos se les facilitar\u00eda, pues de acuerdo a las estrategias de inteligencia policiaca, lo primero que se debe elaborar para atacar una grave problem\u00e1tica como los feminicidios, es un mapa donde se indiquen los municipios, barrios, colonias y fraccionamientos considerados como focos rojos, por el n\u00famero de casos de violencias contra las mujeres.<\/p>\n\n\n\n<p>Conociendo cu\u00e1les son las zonas de incidencia de este delito, es como se delinea una estrategia a seguir, con acciones conjuntas de los tres niveles de gobierno para frenar delitos de alto impacto como los feminicidios.<\/p>\n\n\n\n<p>Cheque el mapa https:\/\/www.uv.mx\/apps\/cuo\/ouvmujeres\/ouvmmap\/ y se dar\u00e1 cuenta de algo m\u00e1s grave, que al paso de los a\u00f1os, los mismos municipios inicialmente mencionados, mantienen sus primeros lugares en feminicidios. \u00bfPor qu\u00e9?, muy buena pregunta para los que dicen y dicen, pero no hacen.<\/p>\n\n\n\n<p>M\u00c9XICO ANFITRI\u00d3N \u2026 En noviembre pr\u00f3ximo, M\u00e9xico y concretamente la capital del pa\u00eds, ser\u00e1 la sede de la 79 asamblea de la Sociedad Interamericana de Prensa (SIP).<\/p>\n\n\n\n<p>Esto lo confirm\u00f3 el periodista Roberto Rock, vicepresidente de la SIP, quien escribi\u00f3 en una de sus redes sociales que esta asamblea ser\u00e1 una oportunidad relevante para alentar el debate sobre la libertad de expresi\u00f3n en el pa\u00eds y el reto del continente. Bien.<\/p>\n\n\n\n<p>LEJOS DE XALAPA \u2026 Lectores de la zona sur del estado, concretamente de \u201cPuerto M\u00e9xico\u201d o Coatzacoalcos, nos escribieron preocupados por la situaci\u00f3n econ\u00f3mica de ese municipio, antes poderoso polo econ\u00f3mico del estado de Veracruz, pues hace unos d\u00edas, no muchos, se dio a conocer que cerraba el \u00faltimo de los establecimientos comerciales instalados en lo que se llam\u00f3 \u201cPlaza Patio\u201d, del tipo de la de \u201cAm\u00e9ricas\u201d en Xalapa y en Boca del R\u00edo.<\/p>\n\n\n\n<p>En septiembre pasado, la empresa Cinepolis cerr\u00f3 sus puertas en esa plaza, desapareciendo as\u00ed uno de los negocios ancla de esa zona comercial muy bien ubicada que inici\u00f3 operaciones en el a\u00f1o de 2010.<\/p>\n\n\n\n<p>El pr\u00e1cticamente cierre de esta plaza comercial, es reflejo de la precariedad que prevalece en Coatzacoalcos por falta de inversiones, promoci\u00f3n y atenci\u00f3n de quienes constitucionalmente tienen la responsabilidad de procurar el crecimiento econ\u00f3mico del sur de Veracruz, que tambi\u00e9n existe.<\/p>\n\n\n\n<p>Cierto que de Xalapa a Coatzacoalcos distan m\u00e1s de 400 kil\u00f3metros y se requieren m\u00e1s de cinco horas de camino, pero caray, para eso los veracruzanos pagamos con nuestros impuestos helic\u00f3pteros y suburbans climatizadas, para que ni siquiera se despeinen en ir al sur del estado a preguntar cuando menos qu\u00e9 se les ofrece.<\/p>\n\n\n\n<p>D\u00cdGALO SIN MIEDO \u2026 Al correo electr\u00f3nico: guadalupehmar@yahoo.com<\/p>\n\n\n\n<p><\/p>\n","protected":false},"excerpt":{"rendered":"<p>Guadalupe H. Mar Mira Pol\u00edtica\u00a0 OBLIGADA PROSPECTIVA \u2026\u00a0\u00a0\u00bfSab\u00edan ustedes amables lectoras y lectores que el a\u00f1o pasado los municipios con el mayor n\u00famero de feminicidios identificados por el Observatorio Universitario de Violencias contra las Mujeres, de la Universidad Veracruzana (OUVmujeres) fueron Xalapa, Medell\u00edn, Coatzacoalcos y Veracruz puerto y que estos datos se pueden consultar en [&hellip;]<\/p>\n","protected":false},"author":2,"featured_media":0,"comment_status":"closed","ping_status":"closed","sticky":false,"template":"","format":"standard","meta":{"_jetpack_newsletter_access":"","_jetpack_dont_email_post_to_subs":false,"_jetpack_newsletter_tier_id":0,"_jetpack_memberships_contains_paywalled_content":false,"_jetpack_memberships_contains_paid_content":false,"footnotes":""},"categories":[70],"tags":[5702,10978,32816],"class_list":["post-103469","post","type-post","status-publish","format-standard","hentry","category-de-opinion","tag-estela-casados-gonzalez","tag-observatorio-universitario-de-violencias-contra-las-mujeres","tag-ouvmujeres"],"jetpack_featured_media_url":"","jetpack_sharing_enabled":true,"jetpack_shortlink":"https:\/\/wp.me\/s4Qcd3-mapa","_links":{"self":[{"href":"https:\/\/lospoliticosveracruz.com.mx\/index.php?rest_route=\/wp\/v2\/posts\/103469","targetHints":{"allow":["GET"]}}],"collection":[{"href":"https:\/\/lospoliticosveracruz.com.mx\/index.php?rest_route=\/wp\/v2\/posts"}],"about":[{"href":"https:\/\/lospoliticosveracruz.com.mx\/index.php?rest_route=\/wp\/v2\/types\/post"}],"author":[{"embeddable":true,"href":"https:\/\/lospoliticosveracruz.com.mx\/index.php?rest_route=\/wp\/v2\/users\/2"}],"replies":[{"embeddable":true,"href":"https:\/\/lospoliticosveracruz.com.mx\/index.php?rest_route=%2Fwp%2Fv2%2Fcomments&post=103469"}],"version-history":[{"count":1,"href":"https:\/\/lospoliticosveracruz.com.mx\/index.php?rest_route=\/wp\/v2\/posts\/103469\/revisions"}],"predecessor-version":[{"id":103470,"href":"https:\/\/lospoliticosveracruz.com.mx\/index.php?rest_route=\/wp\/v2\/posts\/103469\/revisions\/103470"}],"wp:attachment":[{"href":"https:\/\/lospoliticosveracruz.com.mx\/index.php?rest_route=%2Fwp%2Fv2%2Fmedia&parent=103469"}],"wp:term":[{"taxonomy":"category","embeddable":true,"href":"https:\/\/lospoliticosveracruz.com.mx\/index.php?rest_route=%2Fwp%2Fv2%2Fcategories&post=103469"},{"taxonomy":"post_tag","embeddable":true,"href":"https:\/\/lospoliticosveracruz.com.mx\/index.php?rest_route=%2Fwp%2Fv2%2Ftags&post=103469"}],"curies":[{"name":"wp","href":"https:\/\/api.w.org\/{rel}","templated":true}]}}