{"id":103545,"date":"2023-03-12T06:51:56","date_gmt":"2023-03-12T12:51:56","guid":{"rendered":"https:\/\/lospoliticosveracruz.com.mx\/?p=103545"},"modified":"2023-03-12T06:52:02","modified_gmt":"2023-03-12T12:52:02","slug":"pvem-en-veracruz-el-fiel-de-la-balanza","status":"publish","type":"post","link":"https:\/\/lospoliticosveracruz.com.mx\/?p=103545","title":{"rendered":"PVEM EN VERACRUZ, EL FIEL DE LA BALANZA"},"content":{"rendered":"\n<p><strong>Ricardo Chua<\/strong><\/p>\n\n\n\n<p><em>Sale y Vale<\/em><\/p>\n\n\n\n<p>Mucho se dijo en la semana de la reuni\u00f3n de Javier Herrera, Manuel Velasco con Rocio Nahle\u2026 Sobre de que esa reuni\u00f3n fue para pactar ir con MORENA en Veracruz al 2024 y para garantizarles a los \u00abVerdes\u00bb una posici\u00f3n al Senado por esta entidad\u2026 Ahora con la movilidad de Alberto \u00abEl Cisne\u00bb Silva en el Estado, es evidente que el PVEM va con MORENA.. Pero de ALIADOS, no de \u00abempleados\u00bb.. No sometidos a Palacio de Gobierno.. Van a la par, saben que su voto es el \u00abFiel de la Balanza\u00bb\u2026<\/p>\n\n\n\n<p>Para el PVEM queda claro que ellos pueden \u00abjugar\u00bb al Senado teniendo la primera o segunda f\u00f3rmula.. Pero les respetar\u00e1n este espacio en Veracruz\u2026 Por eso, el escenario que se pueda dar es que Javier Herrera hasta la \u00abjuegue\u00bb de manera plurinominal y que \u00abEl Cisne\u00bb Silva vaya de uninominal\u2026 Junto con la mujer que lance MORENA para este cargo de elecci\u00f3n popular.. As\u00ed lo ha decidido Manuel Velasco\u2026 Y no hay reversa.. Todos estar\u00edan de acuerdo con esas posiciones..<\/p>\n\n\n\n<p>Es m\u00e1s se dice dentro del PVEM en Veracruz\u2026 Que si en MORENA o en Palacio de Gobierno empiezan a decir que no les pueden dar a los \u00abVerdes\u00bb una posici\u00f3n al Senado, entonces, estos mismos empezar\u00e1n a buscar OTROS ALIADOS aunque sean opositores a los Morenos.. Sobre todo que se ve que el Estado de M\u00e9xico les queda muy complicado el triunfo para MORENA\u2026 Por eso, para reforzar m\u00e1s al PVEM va a empezar a subir m\u00e1s espectaculares de \u00abEl Cisne\u00bb en Xalapa y Veracruz\u2026<\/p>\n\n\n\n<p>Se puede decir, que los del PVEM no son masoquistas de la pol\u00edtica, pero seguramente quieren estar al lado correcto de la historia.. Por eso, es que \u00abEl Cisne\u00bb Silva se mueve con todo lo que puede para resposicionarlos.. Por ello, es que quiz\u00e1s Javier Herrera sea un candidato \u00abpluri\u00bb al Senado por esta alianza.. Pero Silva Ramos la jugar\u00eda para demostrar que puede ser parte de un proyecto ganador\u2026 Su caminar en la pol\u00edtica desde hace tantos a\u00f1os\u2026 Le da esa ventaja..<\/p>\n\n\n\n<p>Por ello, es que se mueve con todo en Veracruz\u2026 Y ayer con la presencia del l\u00edder del PVEM en la entidad, Eleaney Sesma gestion\u00f3 para que Gloria Elisa Bravo Bravo, tomara protesta como coordinadora distrital de las mujeres del PVEM en Veracruz\u2026 D\u00e1ndole un espacio a una mujer en la pol\u00edtica.. Donde ella nunca ha militado en un partido, pero el recuerdo de un pol\u00edtico que llen\u00f3 sus expectativas, hoy los veracruzanos siguen hablando de \u00e9l, Fidel Herrera Beltr\u00e1n,hizo que se metiera de llen\u00f3 en esto de la pol\u00edtica..<\/p>\n\n\n\n<p>Gloria Bravo dijo que trabajando de cerca con Javier Herrera Borunda, secretario de organizaci\u00f3n del PVEM\u2026 Se puede empezar a transformar la vida de las mujeres en Veracruz y eso lo har\u00e1 desde su cargo partidista.. En el evento tambi\u00e9n destac\u00f3 la presencia de l\u00edderes del PVEM como Carlos Marcelo Ruiz S\u00e1nchez, Nino Baxzi, Tom\u00e1s Mundo as\u00ed como ex alcaldes, regidores y dirigentes del partido.. Los cuales tambi\u00e9n le dieron el respaldo a Javier Herrera y al \u00abCisne\u00bb Silva.. Ah\u00ed est\u00e1n los candidatos\u2026 CONSUMATUM EST\u2026<\/p>\n\n\n\n<p>LAS CIRUG\u00cdAS GRATIS EN MEDELL\u00cdN.. Debido al acercamiento de la Fundaci\u00f3n de \u00abMovimiento, MEMO AC\u00bb., que encabeza el empresario veracruzano , Guillermo Herrada Jim\u00e9nez con la Fundaci\u00f3n \u00abS\u00e1nchez Ancira\u00bb y Hospital \u00abCovadonga\u00bb, se brindar\u00e1n cirug\u00edas gratuitas a familias de escasos recursos del municipio de Medell\u00edn de Bravo\u2026 Las cirug\u00edas ser\u00e1n de labio leporino y\/o paladar hendido a ni\u00f1os, as\u00ed como cirug\u00edas de cataratas a adultos entre los 40 y 60 a\u00f1os de edad que por motivos econ\u00f3micos no hayan podido atenderse estos padecimientos.<\/p>\n\n\n\n<p>Resultado de esto, es poder acercar a la gente de Medell\u00edn el programa de la Fundaci\u00f3n S\u00e1nchez Ancira \u00abPara Ver un mundo mejor\u00bb, que es un Programa M\u00e9dico Oftalmol\u00f3gico que busca a trav\u00e9s de cirug\u00edas de cataratas gratuitas, lograr mejorar la salud de la poblaci\u00f3n vulnerable.. De igual forma, se atender\u00e1n ni\u00f1os que requieran cirug\u00edas de labio leporino y\/o paladar hendido, lo que mejorar\u00e1 la calidad de vida de los pacientes, en el aspecto funcional, social y psic\u00f3logo..<\/p>\n\n\n\n<p>As\u00ed que para todos aquellos medellinenses interesados, deben acudir al consultorio de la doctora, Betsab\u00e9 Sol\u00eds Neri, en la calle los Carriles, en la localidad de El Tejar, quien realizar\u00e1 una prevaloraci\u00f3n\u2026 Se les recomienda a quienes requieran de este apoyo y que ya cuenten con un diagn\u00f3stico o historial m\u00e9dico donde se detalle el padecimiento, llevarlo al momento de la valoraci\u00f3n, esto para agilizar los tr\u00e1mites y que las intervenciones sean realizadas a la brevedad\u2026<\/p>\n\n\n\n<p>Guillermo Herrada Jim\u00e9nez de la mano de todos los integrantes de la Fundaci\u00f3n MEMO AC.. Han venido realizando acciones en el municipio de Medell\u00edn de Bravo.. Pero siempre tratando de llevar beneficios y oportunidades a las comunidades m\u00e1s vulnerables.. Se ha llevado abarrotes a bajo costo a varios puntos de la ciudad, as\u00ed como la venta de productos de canasta b\u00e1sica en puntos establecidos como lo son las Casas MEMO, se han otorgado mastograf\u00edas gratuitas y apoyo con \u00fatiles escolares a ni\u00f1os con buen desempe\u00f1o acad\u00e9mico\u2026 AMEN..<\/p>\n","protected":false},"excerpt":{"rendered":"<p>Ricardo Chua Sale y Vale Mucho se dijo en la semana de la reuni\u00f3n de Javier Herrera, Manuel Velasco con Rocio Nahle\u2026 Sobre de que esa reuni\u00f3n fue para pactar ir con MORENA en Veracruz al 2024 y para garantizarles a los \u00abVerdes\u00bb una posici\u00f3n al Senado por esta entidad\u2026 Ahora con la movilidad de [&hellip;]<\/p>\n","protected":false},"author":2,"featured_media":0,"comment_status":"closed","ping_status":"closed","sticky":false,"template":"","format":"standard","meta":{"_jetpack_newsletter_access":"","_jetpack_dont_email_post_to_subs":false,"_jetpack_newsletter_tier_id":0,"_jetpack_memberships_contains_paywalled_content":false,"_jetpack_memberships_contains_paid_content":false,"footnotes":""},"categories":[70],"tags":[23786,1124,1026,264,711,195],"class_list":["post-103545","post","type-post","status-publish","format-standard","hentry","category-de-opinion","tag-guillermo-herrada-jimenez","tag-javier-herrera-borunda","tag-morena","tag-pvem","tag-senado","tag-veracruz"],"jetpack_featured_media_url":"","jetpack_sharing_enabled":true,"jetpack_shortlink":"https:\/\/wp.me\/p4Qcd3-qW5","_links":{"self":[{"href":"https:\/\/lospoliticosveracruz.com.mx\/index.php?rest_route=\/wp\/v2\/posts\/103545","targetHints":{"allow":["GET"]}}],"collection":[{"href":"https:\/\/lospoliticosveracruz.com.mx\/index.php?rest_route=\/wp\/v2\/posts"}],"about":[{"href":"https:\/\/lospoliticosveracruz.com.mx\/index.php?rest_route=\/wp\/v2\/types\/post"}],"author":[{"embeddable":true,"href":"https:\/\/lospoliticosveracruz.com.mx\/index.php?rest_route=\/wp\/v2\/users\/2"}],"replies":[{"embeddable":true,"href":"https:\/\/lospoliticosveracruz.com.mx\/index.php?rest_route=%2Fwp%2Fv2%2Fcomments&post=103545"}],"version-history":[{"count":1,"href":"https:\/\/lospoliticosveracruz.com.mx\/index.php?rest_route=\/wp\/v2\/posts\/103545\/revisions"}],"predecessor-version":[{"id":103547,"href":"https:\/\/lospoliticosveracruz.com.mx\/index.php?rest_route=\/wp\/v2\/posts\/103545\/revisions\/103547"}],"wp:attachment":[{"href":"https:\/\/lospoliticosveracruz.com.mx\/index.php?rest_route=%2Fwp%2Fv2%2Fmedia&parent=103545"}],"wp:term":[{"taxonomy":"category","embeddable":true,"href":"https:\/\/lospoliticosveracruz.com.mx\/index.php?rest_route=%2Fwp%2Fv2%2Fcategories&post=103545"},{"taxonomy":"post_tag","embeddable":true,"href":"https:\/\/lospoliticosveracruz.com.mx\/index.php?rest_route=%2Fwp%2Fv2%2Ftags&post=103545"}],"curies":[{"name":"wp","href":"https:\/\/api.w.org\/{rel}","templated":true}]}}