{"id":103558,"date":"2023-03-13T07:29:37","date_gmt":"2023-03-13T13:29:37","guid":{"rendered":"https:\/\/lospoliticosveracruz.com.mx\/?p=103558"},"modified":"2023-03-13T07:29:42","modified_gmt":"2023-03-13T13:29:42","slug":"datos","status":"publish","type":"post","link":"https:\/\/lospoliticosveracruz.com.mx\/?p=103558","title":{"rendered":"DATOS"},"content":{"rendered":"\n<p><strong>GuadalupeH. Mar<br><\/strong><em>Mira Pol\u00edtica<\/em><\/p>\n\n\n\n<p>LA OTRA VERSI\u00d3N \u2026 Un funcionario del gobierno estatal veracruzano de muy, muy alto nivel, reci\u00e9n declar\u00f3 a los medios de comunicaci\u00f3n que en Veracruz se abati\u00f3, o sea, se acab\u00f3, el manejo irregular de transporte de pasajeros que se ofrec\u00edan a trav\u00e9s de las plataformas Uber e InDrive.<\/p>\n\n\n\n<figure class=\"wp-block-embed is-type-video is-provider-youtube wp-block-embed-youtube wp-embed-aspect-16-9 wp-has-aspect-ratio\"><div class=\"wp-block-embed__wrapper\">\n<span class=\"embed-youtube\" style=\"text-align:center; display: block;\"><iframe loading=\"lazy\" class=\"youtube-player\" width=\"750\" height=\"422\" src=\"https:\/\/www.youtube.com\/embed\/Nxe-vxf8GuY?version=3&#038;rel=1&#038;showsearch=0&#038;showinfo=1&#038;iv_load_policy=1&#038;fs=1&#038;hl=es-ES&#038;autohide=2&#038;wmode=transparent\" allowfullscreen=\"true\" style=\"border:0;\" sandbox=\"allow-scripts allow-same-origin allow-popups allow-presentation allow-popups-to-escape-sandbox\"><\/iframe><\/span>\n<\/div><\/figure>\n\n\n\n<p><br>Esto gracias al apabullante despliegue de elementos policiacos que han detenido a uno, o cuando mucho a dos personas que con sus autom\u00f3viles prestaban el servicio de transporte de personas sin contar con la obligada concesi\u00f3n que otorga el gobierno estatal, eventos que merecieron amplia cobertura medi\u00e1tica.<br>Tales aseveraciones nos hicieron recordar a un ex delegado de Tr\u00e1nsito en el municipio de Veracruz, a Humberto \u201cPolo\u201d Troncoso Olivares, por cierto, tambi\u00e9n buen bailar\u00edn de salsa, quien hizo famosa aquella frase de que \u201ct\u00fa como que me cabuleas y yo como que te creo\u201d.<br>Lo recordamos y traemos a colaci\u00f3n porque cierto es que es raro encontrarse con particulares que presten el servicio de transporte de personas a trav\u00e9s de la plataforma Uber, m\u00e1s no as\u00ed con la de InDrive, que operan no uno, ni dos, sino decenas de taxistas con sus respectivas unidades, muchas de ellas viejos modelos de autom\u00f3viles, de lo cual suponemos no le han dado parte al funcionario del gobierno estatal veracruzano de muy, muy alto nivel quien jura y perjura que eso no existe en Veracruz.<br>En la zona metropolitana Veracruz-Boca del R\u00edo-Medell\u00edn-Alvarado, es harto conocido que el InDrive si funciona y en su mayor\u00eda son taxistas quienes prestan el servicio convencidos de que, si no puedes con tu enemigo, \u00fanetele.<br>A trav\u00e9s de InDrive, el usuario de esta regi\u00f3n y seguramente de otras, se pone de acuerdo o se \u201capalabra\u201d r\u00e1pidamente con el taxista que utiliza esta plataforma, evitando as\u00ed tener que salir a la calle a buscar un \u201clibre\u201d.<br>El punto es que al menos la plataforma InDrive si funciona en Veracruz.<br>APARECI\u00d3 EL PEINE \u2026 Lo que se supo tambi\u00e9n por ese funcionario del gobierno estatal veracruzano de muy, muy alto nivel quien lo declar\u00f3 a los medios de comunicaci\u00f3n, es que los directivos de las organizaciones de taxistas han solicitado al gobierno del estado, les autorice el incremento en las tarifas de los taxis, considerada como una de las dos medidas emergentes para salvar de la quiebra a este sector.<br>La segunda, insistimos, dicen que ya se las cumpli\u00f3 el gobierno estatal y fue la de abatir o desaparecer \u201cel manejo irregular de las aplicaciones que ofrec\u00edan el servicio de Uber e InDrive\u201d.<br>Seguramente en los pr\u00f3ximos d\u00edas el gobierno del estado de Veracruz, a trav\u00e9s de la Direcci\u00f3n General de Tr\u00e1nsito y Seguridad Vial, har\u00e1 oficial el incremento en las tarifas de los taxis, que a decir de los taxistas es lo \u00fanico que salvar\u00e1 a este sector.<br>Por cierto, nada se ha dicho de los cientos de taxis piratas que impunemente operan en todo el estado de Veracruz, tema del cual como de Bruno, no se habla.<br>VALIENTE DENUNCIA \u2026 La noche del s\u00e1bado anterior, un joven que caminaba por las calles de la ciudad y puerto de Veracruz buscando precisamente un taxi, fue interceptado por una patrulla municipal con n\u00famero P115 con dos elementos y un infante de Marina.<br>El joven accedi\u00f3 a la revisi\u00f3n policiaca mostrando que no tra\u00eda nada il\u00edcito, ni en los calcetines, pero si dos mil pesos en la cartera, los cuales le incautaron los elementos policiacos sin mediar argumento alguno.<br>La familia de este joven utiliz\u00f3 la red social Facebook para exponer el caso, https:\/\/bit.ly\/3ZZ72HN que seguramente ser\u00e1 denunciado en la Fiscal\u00eda General del Estado.<br>LA PRIMERA D\u00c9CADA \u2026 En este mes de marzo, el Centro de Estudios de G\u00e9nero de la Universidad Veracruzana (CEGUV) cumple sus primeros 10 a\u00f1os de fundaci\u00f3n, lo cual por supuesto es motivo de festejo y orgullo por la labor realizada en esta d\u00e9cada.<br>La doctora Mar\u00eda Eugenia Guadarrama Olivera, Coordinadora y fundadora del CEGUV, destac\u00f3 que actualmente este Centro es una entidad acad\u00e9mica en crecimiento, que realiza investigaci\u00f3n con perspectiva de g\u00e9nero y feminista, con una maestr\u00eda reconocida por el Sistema Nacional de Posgrados, que cuenta con un cuerpo acad\u00e9mico En Consolidaci\u00f3n, que cuenta con personal habilitado que mantiene en desarrollo permanente actividades de investigaci\u00f3n, de docencia, de vinculaci\u00f3n, as\u00ed como de difusi\u00f3n de resultados, fortalezas, que dijo, nos permiten hoy celebrar 10 a\u00f1os como CEGUV y 13 a\u00f1os como grupo de trabajo, que han tenido como motor permanente el feminismo.<br>D\u00cdGALO SIN MIEDO \u2026 Al correo electr\u00f3nico guadalupehmar@yahoo.com<\/p>\n","protected":false},"excerpt":{"rendered":"<p>GuadalupeH. MarMira Pol\u00edtica LA OTRA VERSI\u00d3N \u2026 Un funcionario del gobierno estatal veracruzano de muy, muy alto nivel, reci\u00e9n declar\u00f3 a los medios de comunicaci\u00f3n que en Veracruz se abati\u00f3, o sea, se acab\u00f3, el manejo irregular de transporte de pasajeros que se ofrec\u00edan a trav\u00e9s de las plataformas Uber e InDrive. Esto gracias al [&hellip;]<\/p>\n","protected":false},"author":2,"featured_media":0,"comment_status":"closed","ping_status":"closed","sticky":false,"template":"","format":"standard","meta":{"_jetpack_newsletter_access":"","_jetpack_dont_email_post_to_subs":false,"_jetpack_newsletter_tier_id":0,"_jetpack_memberships_contains_paywalled_content":false,"_jetpack_memberships_contains_paid_content":false,"footnotes":""},"categories":[70],"tags":[1309,36995,37517,37514,3627,37516,37515,9304],"class_list":["post-103558","post","type-post","status-publish","format-standard","hentry","category-de-opinion","tag-direccion-general-de-transito-y-seguridad-vial","tag-guadalupeh-mar","tag-humberto-polo-troncoso-olivares","tag-indrive","tag-taxistas","tag-transito-en-el-municipio-de-veracruz","tag-transporte-de-pasajeros","tag-uber"],"jetpack_featured_media_url":"","jetpack_sharing_enabled":true,"jetpack_shortlink":"https:\/\/wp.me\/s4Qcd3-datos","_links":{"self":[{"href":"https:\/\/lospoliticosveracruz.com.mx\/index.php?rest_route=\/wp\/v2\/posts\/103558","targetHints":{"allow":["GET"]}}],"collection":[{"href":"https:\/\/lospoliticosveracruz.com.mx\/index.php?rest_route=\/wp\/v2\/posts"}],"about":[{"href":"https:\/\/lospoliticosveracruz.com.mx\/index.php?rest_route=\/wp\/v2\/types\/post"}],"author":[{"embeddable":true,"href":"https:\/\/lospoliticosveracruz.com.mx\/index.php?rest_route=\/wp\/v2\/users\/2"}],"replies":[{"embeddable":true,"href":"https:\/\/lospoliticosveracruz.com.mx\/index.php?rest_route=%2Fwp%2Fv2%2Fcomments&post=103558"}],"version-history":[{"count":1,"href":"https:\/\/lospoliticosveracruz.com.mx\/index.php?rest_route=\/wp\/v2\/posts\/103558\/revisions"}],"predecessor-version":[{"id":103559,"href":"https:\/\/lospoliticosveracruz.com.mx\/index.php?rest_route=\/wp\/v2\/posts\/103558\/revisions\/103559"}],"wp:attachment":[{"href":"https:\/\/lospoliticosveracruz.com.mx\/index.php?rest_route=%2Fwp%2Fv2%2Fmedia&parent=103558"}],"wp:term":[{"taxonomy":"category","embeddable":true,"href":"https:\/\/lospoliticosveracruz.com.mx\/index.php?rest_route=%2Fwp%2Fv2%2Fcategories&post=103558"},{"taxonomy":"post_tag","embeddable":true,"href":"https:\/\/lospoliticosveracruz.com.mx\/index.php?rest_route=%2Fwp%2Fv2%2Ftags&post=103558"}],"curies":[{"name":"wp","href":"https:\/\/api.w.org\/{rel}","templated":true}]}}