{"id":103621,"date":"2023-03-14T07:47:13","date_gmt":"2023-03-14T13:47:13","guid":{"rendered":"https:\/\/lospoliticosveracruz.com.mx\/?p=103621"},"modified":"2023-03-14T07:47:17","modified_gmt":"2023-03-14T13:47:17","slug":"cero-y-van-cuantas-injusticias","status":"publish","type":"post","link":"https:\/\/lospoliticosveracruz.com.mx\/?p=103621","title":{"rendered":"CERO Y VAN\u2026 \u00bfCU\u00c1NTAS INJUSTICIAS?"},"content":{"rendered":"\n<p><strong>Bernardo Guti\u00e9rrez Parra<br><\/strong><em>Desde el Caf\u00e9<\/em><\/p>\n\n\n\n<p>El 28 de febrero la maestra Ver\u00f3nica Hern\u00e1ndez Trujillo sali\u00f3 del Centro de Atenci\u00f3n M\u00faltiple de Orizaba donde impart\u00eda clases, subi\u00f3 a su veh\u00edculo y cuando iba a arrancarlo alguien se le acerc\u00f3 y la mat\u00f3 a balazos. El asesinato conmocion\u00f3 a los orizabe\u00f1os porque la maestra era querida y apreciada.<\/p>\n\n\n<div class=\"wp-block-image\">\n<figure class=\"alignleft size-full is-resized\"><a href=\"https:\/\/lospoliticosveracruz.com.mx\/wp-content\/uploads\/2023\/02\/Vinissimo.jpg\"><img loading=\"lazy\" decoding=\"async\" src=\"https:\/\/lospoliticosveracruz.com.mx\/wp-content\/uploads\/2023\/02\/Vinissimo.jpg\" alt=\"\" class=\"wp-image-102752\" width=\"175\" height=\"178\"\/><\/a><\/figure><\/div>\n\n\n<p>Una c\u00e1mara de videovigilancia capt\u00f3 el momento en que una mujer enfundada en una sudadera oscura que le cubre la parte posterior de la cabeza, corre en sentido contrario al lugar del crimen.<\/p>\n\n\n\n<p>Horas despu\u00e9s agentes de la Polic\u00eda Ministerial identificaron a Ivonne N como la presunta asesina, pero como no pudieron localizarla se llevaron a su pareja, Jes\u00fas Alberto Viveros Caballero acusado de \u201cfacilitar la huida\u201d.<\/p>\n\n\n\n<p>Jes\u00fas Alberto es un empresario que fue candidato a la presidencia municipal de Ciudad Mendoza, pero al que en unos segundos le cambi\u00f3 la vida pues fue sacado de su casa sin una orden de aprehensi\u00f3n y a empellones mientras preguntaba de qu\u00e9 se le acusaba.<\/p>\n\n\n\n<p>Como la Fiscal\u00eda del Estado no ha podido comprobar su participaci\u00f3n en el crimen, le empujaron la nueva versi\u00f3n de \u201cultrajes a la autoridad\u201d en su modalidad de \u201cdelitos contra la seguridad p\u00fablica\u201d.<\/p>\n\n\n\n<p>Amigos y familiares salieron a las calles a exigir su liberaci\u00f3n pues aseguran que Jes\u00fas Alberto es un hombre de trabajo. Temen que a base de golpes y torturas lo \u201cpersuadan\u201d de su participaci\u00f3n en el asesinato y pase muchos a\u00f1os en prisi\u00f3n.<\/p>\n\n\n\n<p>De nada valieron las suplicas de la madre al gobernador Cuitl\u00e1huac Garc\u00eda que le recomend\u00f3: \u201cBusque un abogado y p\u00eddale que vigile el debido proceso\u201d.<\/p>\n\n\n\n<p>Y en lo que son peras o manzanas el empresario pasar\u00e1 semanas, meses o a\u00f1os encarcelado por un crimen en el que (como se ha demostrado hasta hoy), estuvo lejos de participar.<br>El 29 de junio del 2020 dos sujetos armados ingresaron al domicilio de la maestra Guadalupe Mart\u00ednez Aguilar, rectora de la Universidad Valladolid y la mataron.<\/p>\n\n\n\n<p>Ese d\u00eda y a la hora del asesinato, Yuli Raquel hac\u00eda trabajos de jardiner\u00eda en una escuela primaria de una alcald\u00eda de la CDMX, pero en diciembre de ese a\u00f1o fue detenida por elementos de la Fiscal\u00eda Estatal como presunta implicada en el crimen.<\/p>\n\n\n\n<p>Desde entonces la joven vive una pesadilla inenarrable ya que fue condenada a 60 a\u00f1os de prisi\u00f3n.<\/p>\n\n\n\n<p>Esto a pesar de que demostr\u00f3 fehacientemente que nunca hab\u00eda estado en Veracruz, a pesar de que dos de los implicados dicen que no la conocen y a pesar de que la hija de la rectora subi\u00f3 un video a las redes donde denuncia que la autora del asesinato \u201cfue mi t\u00eda\u201d, la hermana de su mam\u00e1, con quien hab\u00eda tenido diferencias de car\u00e1cter econ\u00f3mico.<\/p>\n\n\n\n<p>Mientras la vida pasa, Yuli Raquel sigue enterrada en vida por un crimen que no cometi\u00f3.<\/p>\n\n\n\n<p>Este lunes se cumplieron dos a\u00f1os de la detenci\u00f3n de Rogelio Franco Cast\u00e1n, ex secretario de Gobierno en el bienio de Miguel \u00c1ngel Yunes Linares. Lo acusaron de ultrajes a la autoridad pero como el delito es inconstitucional le inventaron otros. Rogelio se ha defendido con amparos, pero el gobierno de Cuitl\u00e1huac Garc\u00eda ha respondido con m\u00e1s acusaciones y es uno de varios presos pol\u00edticos que sufren las injusticias de un sujeto represor y autoritario.<\/p>\n\n\n\n<p>El delito de ultrajes ya no existe, est\u00e1 proscrito, sin embargo, a\u00fan hay en Veracruz m\u00e1s de mil personas purgando un encierro por este flagelo. Se supone que unos saldr\u00e1n pronto, \u00bfcu\u00e1ndo es pronto?, qui\u00e9n sabe. Pero a otros se les reclasificar\u00e1 el delito para que sigan en prisi\u00f3n; igual que Rogelio Franco.<\/p>\n\n\n\n<p>Como puede observarse con estos botones de muestra, la justicia est\u00e1 lejos de llegar a la entidad.<\/p>\n\n\n\n<p>Eso sin contar con los cotidianos abusos policiacos que sufren los ciudadanos de a pie. El acoso, hostigamiento y abuso sexual de los mandos de la SSP a las mujeres polic\u00edas, los levantones de los polic\u00edas a sus propios compa\u00f1eros y otras lindezas.<\/p>\n\n\n\n<p>Todo esto lector, son apenas unos ejemplos de las barbaridades solapadas o cometidas por un gobierno arbitrario e injusto que ha destrozado familias y vidas, y que tiene en la zozobra a ocho millones de veracruzanos porque nadie est\u00e1 exento de sufrir una injusticia o atropello.<\/p>\n\n\n\n<p>Un gobierno que prometi\u00f3 un \u201ccambio verdadero\u201d y que ha resultado igual o peor a los que le antecedieron.<\/p>\n\n\n\n<p><strong>La SEV entrega plazas y organiza talleres para padres<\/strong><\/p>\n\n\n\n<p>La semana anterior la Secretar\u00eda de Educaci\u00f3n de Veracruz (SEV) inici\u00f3 la asignaci\u00f3n de 223 plazas definitivas de Educaci\u00f3n B\u00e1sica y Media Superior, correspondientes al ciclo escolar 2022-2023, conforme al listado nominal.<\/p>\n\n\n\n<p>La SEV comenz\u00f3 la oferta de 223 plazas definitivas, de las cuales 218 son de sostenimiento federal y estatal de Educaci\u00f3n B\u00e1sica y cinco para Telebachillerato estatal.<\/p>\n\n\n\n<p>Durante su mensaje, el titular de la SEV, Zenyazen Escobar Garc\u00eda, resalt\u00f3 la transformaci\u00f3n real que se vive en el estado, tanto en el aspecto de infraestructura escolar como acad\u00e9mico, hecho que se debe a la sinergia de trabajar con mujeres y hombres valientes y comprometidos.<\/p>\n\n\n\n<p>En el municipio de Tantoyuca y al participar en el taller Escuela para Padres: \u00bfC\u00f3mo favorecer el desarrollo socioemocional de mi hija(o)?, Zenyazen Escobar resalt\u00f3 la importancia de la salud emocional en madres y padres de familia, porque se reflejar\u00e1 en la actitud de sus hijas e hijos. El taller se imparti\u00f3 en las instalaciones del Instituto Tecnol\u00f3gico Superior de Tantoyuca.<\/p>\n\n\n\n<p>Ante la presencia de integrantes de los Consejos de Participaci\u00f3n Escolar de 510 instituciones de Educaci\u00f3n B\u00e1sica de los municipios de Tantoyuca, Chalma, Ixcatepec, Plat\u00f3n S\u00e1nchez y Tempoal, Zenyazen enfatiz\u00f3 la importancia del balance emocional en las personas adultas, porque se reflejar\u00e1 en el hogar y en las aulas a trav\u00e9s de sus hijas e hijos. \u201cNo hay que olvidar que la escuela es el segundo hogar, pero el primero es la casa, de ah\u00ed que solicito el apoyo de mam\u00e1s y pap\u00e1s, porque al trabajar juntos se lograr\u00e1 la formaci\u00f3n de las y los j\u00f3venes que requiere el pa\u00eds\u201d dijo el funcionario.<\/p>\n\n\n\n<p>Escobar Garc\u00eda dio un mensaje e hizo reflexionar a los asistentes al compartirles tres consejos: \u201cNunca tomes atajos en tu vida, caminos m\u00e1s cortos y desconocidos te pueden costar la vida\u201d, \u201cNunca seas curioso de aquello que representa el mal, pues la curiosidad por el mal puede ser fatal\u201d, y \u201cNunca tomes decisiones en los momentos de odio y dolor, porque puedes arrepentirte demasiado tarde\u201d.<\/p>\n\n\n\n<p>Como parte de las acciones encaminadas al cuidado de la salud emocional, la SEV a trav\u00e9s de la Subsecretar\u00eda de Educaci\u00f3n B\u00e1sica, organiz\u00f3 este taller con la finalidad de otorgar a madres y padres de familia elementos para que conozcan y favorezcan el desarrollo integral de la afectividad de sus hijas e hijos, y los apoyen en su aprendizaje. As\u00ed tambi\u00e9n, en su desarrollo f\u00edsico a trav\u00e9s del deporte.<\/p>\n\n\n\n<p>bernardogup@hotmail.com<\/p>\n","protected":false},"excerpt":{"rendered":"<p>Bernardo Guti\u00e9rrez ParraDesde el Caf\u00e9 El 28 de febrero la maestra Ver\u00f3nica Hern\u00e1ndez Trujillo sali\u00f3 del Centro de Atenci\u00f3n M\u00faltiple de Orizaba donde impart\u00eda clases, subi\u00f3 a su veh\u00edculo y cuando iba a arrancarlo alguien se le acerc\u00f3 y la mat\u00f3 a balazos. El asesinato conmocion\u00f3 a los orizabe\u00f1os porque la maestra era querida y [&hellip;]<\/p>\n","protected":false},"author":2,"featured_media":0,"comment_status":"closed","ping_status":"closed","sticky":false,"template":"","format":"standard","meta":{"_jetpack_newsletter_access":"","_jetpack_dont_email_post_to_subs":false,"_jetpack_newsletter_tier_id":0,"_jetpack_memberships_contains_paywalled_content":false,"_jetpack_memberships_contains_paid_content":false,"footnotes":""},"categories":[70],"tags":[34206,37532,1563,37533,1026,808,88,359,195,12372],"class_list":["post-103621","post","type-post","status-publish","format-standard","hentry","category-de-opinion","tag-bernardo-gutierrez-parra","tag-centro-de-atencion-multiple-de-orizaba","tag-cuitlahuac-garcia-jimenez","tag-jesus-alberto-viveros-caballero","tag-morena","tag-rogelio-franco-castan","tag-sev","tag-ssp","tag-veracruz","tag-zenyazen-escobar-garcia"],"jetpack_featured_media_url":"","jetpack_sharing_enabled":true,"jetpack_shortlink":"https:\/\/wp.me\/p4Qcd3-qXj","_links":{"self":[{"href":"https:\/\/lospoliticosveracruz.com.mx\/index.php?rest_route=\/wp\/v2\/posts\/103621","targetHints":{"allow":["GET"]}}],"collection":[{"href":"https:\/\/lospoliticosveracruz.com.mx\/index.php?rest_route=\/wp\/v2\/posts"}],"about":[{"href":"https:\/\/lospoliticosveracruz.com.mx\/index.php?rest_route=\/wp\/v2\/types\/post"}],"author":[{"embeddable":true,"href":"https:\/\/lospoliticosveracruz.com.mx\/index.php?rest_route=\/wp\/v2\/users\/2"}],"replies":[{"embeddable":true,"href":"https:\/\/lospoliticosveracruz.com.mx\/index.php?rest_route=%2Fwp%2Fv2%2Fcomments&post=103621"}],"version-history":[{"count":1,"href":"https:\/\/lospoliticosveracruz.com.mx\/index.php?rest_route=\/wp\/v2\/posts\/103621\/revisions"}],"predecessor-version":[{"id":103622,"href":"https:\/\/lospoliticosveracruz.com.mx\/index.php?rest_route=\/wp\/v2\/posts\/103621\/revisions\/103622"}],"wp:attachment":[{"href":"https:\/\/lospoliticosveracruz.com.mx\/index.php?rest_route=%2Fwp%2Fv2%2Fmedia&parent=103621"}],"wp:term":[{"taxonomy":"category","embeddable":true,"href":"https:\/\/lospoliticosveracruz.com.mx\/index.php?rest_route=%2Fwp%2Fv2%2Fcategories&post=103621"},{"taxonomy":"post_tag","embeddable":true,"href":"https:\/\/lospoliticosveracruz.com.mx\/index.php?rest_route=%2Fwp%2Fv2%2Ftags&post=103621"}],"curies":[{"name":"wp","href":"https:\/\/api.w.org\/{rel}","templated":true}]}}