{"id":103713,"date":"2023-03-15T21:55:56","date_gmt":"2023-03-16T03:55:56","guid":{"rendered":"https:\/\/lospoliticosveracruz.com.mx\/?p=103713"},"modified":"2023-03-15T21:56:09","modified_gmt":"2023-03-16T03:56:09","slug":"marcos-isleno-saca-el-cobre","status":"publish","type":"post","link":"https:\/\/lospoliticosveracruz.com.mx\/?p=103713","title":{"rendered":"MARCOS ISLE\u00d1O SACA EL COBRE"},"content":{"rendered":"\n<p><\/p>\n\n\n\n<p><strong>Enrique Yasser Pompeyo<br><\/strong><em>Mesa de Redacci\u00f3n<\/em><\/p>\n\n\n\n<p>El alcalde de Medell\u00edn, Marcos Isle\u00f1o, adem\u00e1s de agresor de mujeres tambi\u00e9n ha sacado el cobre con el negocio de la privatizaci\u00f3n del agua.<\/p>\n\n\n\n<p>Ahora, este edil pretende concesionar el servicio del vital l\u00edquido de los fraccionamientos Puente Moreno y Lagos de Puente Moreno a Grupo Barqu\u00edn.<\/p>\n\n\n<div class=\"wp-block-image\">\n<figure class=\"alignleft size-medium\"><a href=\"https:\/\/lospoliticosveracruz.com.mx\/wp-content\/uploads\/2021\/10\/Zacauilt.jpg\"><img decoding=\"async\" src=\"https:\/\/lospoliticosveracruz.com.mx\/wp-content\/uploads\/2021\/10\/Zacauilt-150x300.jpg\" alt=\"\" class=\"wp-image-80558\"\/><\/a><\/figure><\/div>\n\n\n<p>Diputados locales de la regi\u00f3n han dejado claro que el agua no es un negocio, sino un derecho, por lo que, aseguran, defender\u00e1n a la poblaci\u00f3n de cualquier intento privatizador.<\/p>\n\n\n\n<p>La intenci\u00f3n de Marcos Isle\u00f1o no deber\u00eda tener cabida en un gobierno emanado de la Cuarta Transformaci\u00f3n, de manera que legisladores han adelantado que en el Congreso de Veracruz, la solicitud del Ayuntamiento de Medell\u00edn no pasar\u00e1.<\/p>\n\n\n\n<p>Hace unos d\u00edas hubo una multitudinaria marcha del pueblo medellinense para exigir al presidente municipal Marcos Isle\u00f1o que d\u00e9 marcha atr\u00e1s a la solicitud de concesionar el servicio de agua.<\/p>\n\n\n\n<p>En esa movilizaci\u00f3n particip\u00f3 el diputado local Maleno Rosales Torres, quien asegur\u00f3 que en el tema del agua siempre estar\u00e1 del lado del pueblo, nunca de los empresarios, y menos, de los \u201cabusadores\u201d como Urbanizadora Medell\u00edn.<\/p>\n\n\n\n<p>La marcha fue convocada por Ang\u00e9lica Navarro, lideresa de los ex trabajadores de SAS en Medell\u00edn; ah\u00ed, el legislador dej\u00f3 en claro que su compromiso es con la gente, no con los empresarios.<\/p>\n\n\n\n<p>Cuando uno empieza a agarrar dinero -precis\u00f3- ah\u00ed est\u00e1n los resultados: se tienen que hincar con el patr\u00f3n.<\/p>\n\n\n\n<p>Maleno Rosales fue claro: \u201cno se va a aprobar ese intento privatizador, se va a defender el agua porque en la Cuarta Transformaci\u00f3n se tiene prohibido entregar a particulares cualquier bien del pueblo\u201d.<\/p>\n\n\n\n<p>Quienes conocen a Marcos Isle\u00f1o no les sorprende que se pronuncie a favor de otorgar una concesi\u00f3n a un particular.<\/p>\n\n\n\n<p>Sin embargo, lo que deber\u00eda hacer el alcalde es enviar una solicitud al Congreso en el que indique que el Ayuntamiento se sale del convenio con Grupo MAS y as\u00ed el Congreso pueda hacer m\u00e1s para romper la concesi\u00f3n.<\/p>\n\n\n\n<p>El diputado y la poblaci\u00f3n tienen claro qui\u00e9n es el \u201ccacique\u201d, es decir, Barqu\u00edn, due\u00f1o de Urbanizadora Medell\u00edn; como se observa, tiene acuerdos con el alcalde y con otros, adem\u00e1s de que le rinden pleites\u00eda.<\/p>\n\n\n\n<p>En manos de los diputados y, particularmente de la mayor\u00eda morenista, est\u00e1 impedir este jugoso negocio para Marcos Isle\u00f1o.<\/p>\n\n\n\n<p>enriquepompeyo@hotmail.com<\/p>\n","protected":false},"excerpt":{"rendered":"<p>Enrique Yasser PompeyoMesa de Redacci\u00f3n El alcalde de Medell\u00edn, Marcos Isle\u00f1o, adem\u00e1s de agresor de mujeres tambi\u00e9n ha sacado el cobre con el negocio de la privatizaci\u00f3n del agua. Ahora, este edil pretende concesionar el servicio del vital l\u00edquido de los fraccionamientos Puente Moreno y Lagos de Puente Moreno a Grupo Barqu\u00edn. Diputados locales de [&hellip;]<\/p>\n","protected":false},"author":2,"featured_media":0,"comment_status":"closed","ping_status":"closed","sticky":false,"template":"","format":"standard","meta":{"_jetpack_newsletter_access":"","_jetpack_dont_email_post_to_subs":false,"_jetpack_newsletter_tier_id":0,"_jetpack_memberships_contains_paywalled_content":false,"_jetpack_memberships_contains_paid_content":false,"footnotes":""},"categories":[70],"tags":[15477,19748,1389],"class_list":["post-103713","post","type-post","status-publish","format-standard","hentry","category-de-opinion","tag-enrique-yasser-pompeyo","tag-marcos-isleno","tag-medellin"],"jetpack_featured_media_url":"","jetpack_sharing_enabled":true,"jetpack_shortlink":"https:\/\/wp.me\/p4Qcd3-qYN","_links":{"self":[{"href":"https:\/\/lospoliticosveracruz.com.mx\/index.php?rest_route=\/wp\/v2\/posts\/103713","targetHints":{"allow":["GET"]}}],"collection":[{"href":"https:\/\/lospoliticosveracruz.com.mx\/index.php?rest_route=\/wp\/v2\/posts"}],"about":[{"href":"https:\/\/lospoliticosveracruz.com.mx\/index.php?rest_route=\/wp\/v2\/types\/post"}],"author":[{"embeddable":true,"href":"https:\/\/lospoliticosveracruz.com.mx\/index.php?rest_route=\/wp\/v2\/users\/2"}],"replies":[{"embeddable":true,"href":"https:\/\/lospoliticosveracruz.com.mx\/index.php?rest_route=%2Fwp%2Fv2%2Fcomments&post=103713"}],"version-history":[{"count":2,"href":"https:\/\/lospoliticosveracruz.com.mx\/index.php?rest_route=\/wp\/v2\/posts\/103713\/revisions"}],"predecessor-version":[{"id":103716,"href":"https:\/\/lospoliticosveracruz.com.mx\/index.php?rest_route=\/wp\/v2\/posts\/103713\/revisions\/103716"}],"wp:attachment":[{"href":"https:\/\/lospoliticosveracruz.com.mx\/index.php?rest_route=%2Fwp%2Fv2%2Fmedia&parent=103713"}],"wp:term":[{"taxonomy":"category","embeddable":true,"href":"https:\/\/lospoliticosveracruz.com.mx\/index.php?rest_route=%2Fwp%2Fv2%2Fcategories&post=103713"},{"taxonomy":"post_tag","embeddable":true,"href":"https:\/\/lospoliticosveracruz.com.mx\/index.php?rest_route=%2Fwp%2Fv2%2Ftags&post=103713"}],"curies":[{"name":"wp","href":"https:\/\/api.w.org\/{rel}","templated":true}]}}