{"id":103840,"date":"2023-03-20T07:49:41","date_gmt":"2023-03-20T13:49:41","guid":{"rendered":"https:\/\/lospoliticosveracruz.com.mx\/?p=103840"},"modified":"2023-03-20T07:49:46","modified_gmt":"2023-03-20T13:49:46","slug":"desaparecer-a-los-periodistas","status":"publish","type":"post","link":"https:\/\/lospoliticosveracruz.com.mx\/?p=103840","title":{"rendered":"DESAPARECER A LOS PERIODISTAS"},"content":{"rendered":"\n<p><\/p>\n\n\n\n<p><strong>Bernardo Guti\u00e9rrez Parra<br><\/strong><em>Desde el Caf\u00e9<\/em><\/p>\n\n\n\n<p>Cuando Andr\u00e9s Manuel L\u00f3pez Obrador dijo que dar\u00eda a conocer los nombres de periodistas chayoteros, su popularidad y credibilidad estaban por las nubes. Eran los primeros meses del 2019 y nadie pon\u00eda en duda que su fama de dem\u00f3crata justo, austero e incorruptible, le otorgaban la calidad moral necesaria para exhibir a los mercenarios de la pluma.<\/p>\n\n\n\n<figure class=\"wp-block-embed is-type-video is-provider-youtube wp-block-embed-youtube wp-embed-aspect-16-9 wp-has-aspect-ratio\"><div class=\"wp-block-embed__wrapper\">\n<span class=\"embed-youtube\" style=\"text-align:center; display: block;\"><iframe loading=\"lazy\" class=\"youtube-player\" width=\"750\" height=\"422\" src=\"https:\/\/www.youtube.com\/embed\/Nxe-vxf8GuY?version=3&#038;rel=1&#038;showsearch=0&#038;showinfo=1&#038;iv_load_policy=1&#038;fs=1&#038;hl=es-ES&#038;autohide=2&#038;wmode=transparent\" allowfullscreen=\"true\" style=\"border:0;\" sandbox=\"allow-scripts allow-same-origin allow-popups allow-presentation allow-popups-to-escape-sandbox\"><\/iframe><\/span>\n<\/div><\/figure>\n\n\n\n<p>El 24 de mayo su gobierno filtr\u00f3 al diario Reforma una lista con 36 presuntos choyeteros junto con las cantidades que recibieron del gobierno de Enrique Pe\u00f1a Nieto.<\/p>\n\n\n\n<p>Ese mismo d\u00eda, los supuestos chayoteados lo desmintieron al manifestar que las cantidades mencionadas no eran producto de embute alguno, sino de convenios legalmente suscritos que incluso generaban impuestos. Y el que se defendieran con prontitud sin duda evit\u00f3 un mal mayor.<\/p>\n\n\n\n<p>\u201cLo que quer\u00eda el presidente (porque te aseguro que eso deseaba), era que la gente nos linchara donde nos encontrara para luego, desde sus ma\u00f1aneras, reprobar el ataque y hacer como que nos defend\u00eda\u201d me dijo en ese entonces uno de los columnistas que apareci\u00f3 en la lista.<\/p>\n\n\n\n<p>\u201cLo que hizo L\u00f3pez Obrador fue dar a conocer los nombres de 36 periodistas que se supone recibimos 1,081 millones de pesos entre todos. Pero fuimos decenas de la capital y de provincia los que suscribimos convenios con el gobierno de Pe\u00f1a que sumaron billones de pesos. Y lo justo es que hubiera nombrado a todos\u201d, agreg\u00f3.<\/p>\n\n\n\n<p>\u201c\u00bfSabes por qu\u00e9 s\u00f3lo mencion\u00f3 a 36?\u201d, me pregunt\u00f3. \u201cPorque son los m\u00e1s cr\u00edticos con su gobierno\u201d contest\u00e9. \u201cNo, si as\u00ed fuera la lista ser\u00eda interminable. Nos se\u00f1al\u00f3 porque somos los que m\u00e1s odia. Y el mensaje a sus seguidores fue \u2018donde los encuentren t\u00fandanlos\u2019. Y ese es nuestro temor\u201d.<\/p>\n\n\n\n<p>Y por lo visto el temor continuar\u00e1.<\/p>\n\n\n\n<p>Este s\u00e1bado durante la manifestaci\u00f3n a favor del presidente en el Z\u00f3calo (porque a eso fueron los acarreados y no a conmemorar la Expropiaci\u00f3n Petrolera), personas de la tercera edad repartieron un panfleto con tintes supuestamente b\u00edblicos:<\/p>\n\n\n\n<p>\u201cTodo aquel que tenga malos pensamientos para mi presidente Lic. Andr\u00e9s Manuel L\u00f3pez Obrador, hijo predilecto de reyes de mi coraz\u00f3n, hijo del cielo y de la tierra, los malos pensamientos que tengan y que por medio de periodistas que se venden por unas monedas de plata como en el tiempo de Judas, tiempo final como el Apocalipsis. Tiempo para los malos y ser\u00e1n desaparecidos\u201d.<\/p>\n\n\n\n<p>Quien sea estudioso de la Biblia sabr\u00e1 que algo del texto fue sacado de extractos b\u00edblicos y pegado de manera perversa con la intenci\u00f3n de da\u00f1ar.<\/p>\n\n\n\n<p>Quiz\u00e1 un rengl\u00f3n se tom\u00f3 de Proverbios 21:7-9 que dice: \u201cLa maldad de los malos acabar\u00e1 con ellos pues se niegan a practicar la justicia\u201d. Pero estas palabras fueron retorcidas inicuamente al pasarlas al panfleto. Y a rengl\u00f3n seguido tambi\u00e9n en Proverbios, vienen diez palabras que no se incluyeron en el panfleto, pero que le quedan como anillo al dedo a ya sabes qui\u00e9n, lector. \u201cLos perversos siempre est\u00e1n tratando de enga\u00f1ar a los dem\u00e1s\u201d.<\/p>\n\n\n\n<p>El resto del libelo parece escrito por un orate: \u201cAlerta, alerta, nos quieren destruir\u2026 con misiles. Orar Padre Nuestro 13-3-26 PRI, PAN, PRD los de la INEA, senadores, INE mafiosos, por ellos comenzaron los problemas. Basta ya. Salinas, Elektra, Banamex y otros bancos est\u00e1n saqueando baciando (sic) las arcas de M\u00e9xico. Alerta con el litigio es de M\u00e9xico (es evidente que el orate quiso decir litio). Nos quieren robar, alerta\u201d y otras lindezas.<\/p>\n\n\n\n<p>Volviendo al punto, mal escrito y lo que sea el mensaje del panfleto es muy claro: Aquel periodista que critique a Andr\u00e9s Manuel ser\u00e1 desaparecido.<\/p>\n\n\n\n<p>En cualquier pa\u00eds democr\u00e1tico hubieran detenido a los panfleteros para interrogarlos hasta dar con el autor intelectual y llevarlo ante un juez por incitar a la violencia y el asesinato. Pero aqu\u00ed no pas\u00f3 nada.<\/p>\n\n\n\n<p>Otros fan\u00e1ticos de AMLO quemaron una imagen de la presidenta de la Suprema Corte, Norma Pi\u00f1a, lo que desat\u00f3 un alud de protestas en las redes, al grado que el presidente mand\u00f3 a su esposa a calmar a la raza.<\/p>\n\n\n\n<p>Y do\u00f1a Beatriz escribi\u00f3 entre otras cosas bonitas: \u201cSubamos en nivel, no la violencia. M\u00e1s amor urgentemente\u201d.<\/p>\n\n\n\n<p>En lo personal quisiera creerle, pero me niego a aceptar que ignore que es su marido el principal responsable de vomitar odio e incitar a la violencia.<\/p>\n\n\n\n<p>A los periodistas Andr\u00e9s Manuel les ha dicho de todo: vendidos, rateros, rastreros, c\u00ednicos, d\u00e9spotas, conservadores, ladinos, aspiracionistas, deshonestos, hip\u00f3critas, falsarios, neoliberales, mafia del poder, corruptos, indignos, serviles, miserables y por supuesto chayoteros. Y si a lo anterior le agregamos lo del panfleto\u2026 futa.<\/p>\n\n\n\n<p>\u00bfQu\u00e9 hacer cuando cualquier periodista en cualquier punto del pa\u00eds puede estar en la mira de un fan\u00e1tico o un lun\u00e1tico?<\/p>\n\n\n\n<p>A falta de apoyo y protecci\u00f3n, porque no los tenemos, el \u00fanico camino es recurrir al auxilio, benevolencia y amparo del santo de nuestra devoci\u00f3n y de la Divina Providencia.<\/p>\n\n\n\n<p>Y es que en serio lector, no hay de otra.<\/p>\n\n\n\n<p>bernardogup@hotmail.com<\/p>\n","protected":false},"excerpt":{"rendered":"<p>Bernardo Guti\u00e9rrez ParraDesde el Caf\u00e9 Cuando Andr\u00e9s Manuel L\u00f3pez Obrador dijo que dar\u00eda a conocer los nombres de periodistas chayoteros, su popularidad y credibilidad estaban por las nubes. Eran los primeros meses del 2019 y nadie pon\u00eda en duda que su fama de dem\u00f3crata justo, austero e incorruptible, le otorgaban la calidad moral necesaria para [&hellip;]<\/p>\n","protected":false},"author":2,"featured_media":0,"comment_status":"closed","ping_status":"closed","sticky":false,"template":"","format":"standard","meta":{"_jetpack_newsletter_access":"","_jetpack_dont_email_post_to_subs":false,"_jetpack_newsletter_tier_id":0,"_jetpack_memberships_contains_paywalled_content":false,"_jetpack_memberships_contains_paid_content":false,"footnotes":""},"categories":[70],"tags":[618,34206,2010,1026],"class_list":["post-103840","post","type-post","status-publish","format-standard","hentry","category-de-opinion","tag-andres-manuel-lopez-obrador","tag-bernardo-gutierrez-parra","tag-expropiacion-petrolera","tag-morena"],"jetpack_featured_media_url":"","jetpack_sharing_enabled":true,"jetpack_shortlink":"https:\/\/wp.me\/p4Qcd3-r0Q","_links":{"self":[{"href":"https:\/\/lospoliticosveracruz.com.mx\/index.php?rest_route=\/wp\/v2\/posts\/103840","targetHints":{"allow":["GET"]}}],"collection":[{"href":"https:\/\/lospoliticosveracruz.com.mx\/index.php?rest_route=\/wp\/v2\/posts"}],"about":[{"href":"https:\/\/lospoliticosveracruz.com.mx\/index.php?rest_route=\/wp\/v2\/types\/post"}],"author":[{"embeddable":true,"href":"https:\/\/lospoliticosveracruz.com.mx\/index.php?rest_route=\/wp\/v2\/users\/2"}],"replies":[{"embeddable":true,"href":"https:\/\/lospoliticosveracruz.com.mx\/index.php?rest_route=%2Fwp%2Fv2%2Fcomments&post=103840"}],"version-history":[{"count":1,"href":"https:\/\/lospoliticosveracruz.com.mx\/index.php?rest_route=\/wp\/v2\/posts\/103840\/revisions"}],"predecessor-version":[{"id":103841,"href":"https:\/\/lospoliticosveracruz.com.mx\/index.php?rest_route=\/wp\/v2\/posts\/103840\/revisions\/103841"}],"wp:attachment":[{"href":"https:\/\/lospoliticosveracruz.com.mx\/index.php?rest_route=%2Fwp%2Fv2%2Fmedia&parent=103840"}],"wp:term":[{"taxonomy":"category","embeddable":true,"href":"https:\/\/lospoliticosveracruz.com.mx\/index.php?rest_route=%2Fwp%2Fv2%2Fcategories&post=103840"},{"taxonomy":"post_tag","embeddable":true,"href":"https:\/\/lospoliticosveracruz.com.mx\/index.php?rest_route=%2Fwp%2Fv2%2Ftags&post=103840"}],"curies":[{"name":"wp","href":"https:\/\/api.w.org\/{rel}","templated":true}]}}