{"id":104018,"date":"2023-03-23T08:40:45","date_gmt":"2023-03-23T14:40:45","guid":{"rendered":"https:\/\/lospoliticosveracruz.com.mx\/?p=104018"},"modified":"2023-03-23T08:40:53","modified_gmt":"2023-03-23T14:40:53","slug":"riqueza-cultural-con-pobreza-extrema","status":"publish","type":"post","link":"https:\/\/lospoliticosveracruz.com.mx\/?p=104018","title":{"rendered":"RIQUEZA CULTURAL CON POBREZA EXTREMA"},"content":{"rendered":"\n<p><strong>Luis Alberto Romero<br><\/strong><em>Hora cero<\/em><\/p>\n\n\n\n<p>Cultura, arte, gastronom\u00eda e historia se exponen en la Cumbre Taj\u00edn, un evento que se ha desarrollado de forma ininterrumpida desde el a\u00f1o 2000 en la regi\u00f3n totonaca de Veracruz, por iniciativa del ex gobernador Miguel Alem\u00e1n.<\/p>\n\n\n\n<figure class=\"wp-block-embed is-type-video is-provider-youtube wp-block-embed-youtube wp-embed-aspect-16-9 wp-has-aspect-ratio\"><div class=\"wp-block-embed__wrapper\">\n<span class=\"embed-youtube\" style=\"text-align:center; display: block;\"><iframe loading=\"lazy\" class=\"youtube-player\" width=\"750\" height=\"422\" src=\"https:\/\/www.youtube.com\/embed\/Nxe-vxf8GuY?version=3&#038;rel=1&#038;showsearch=0&#038;showinfo=1&#038;iv_load_policy=1&#038;fs=1&#038;hl=es-ES&#038;autohide=2&#038;wmode=transparent\" allowfullscreen=\"true\" style=\"border:0;\" sandbox=\"allow-scripts allow-same-origin allow-popups allow-presentation allow-popups-to-escape-sandbox\"><\/iframe><\/span>\n<\/div><\/figure>\n\n\n\n<p>Si bien la primera edici\u00f3n de la Cumbre Taj\u00edn fue rica en rituales, ceremonias, talleres, medicina alternativa, danza, gastronom\u00eda, exposiciones y conferencias, con el paso de los a\u00f1os la mayor atenci\u00f3n se centr\u00f3 en los espect\u00e1culos art\u00edsticos y menos en los eventos culturales.<\/p>\n\n\n\n<p>Este mi\u00e9rcoles arranc\u00f3 dicho evento en Papantla, con una cartelera art\u00edstica y cultural aceptable; m\u00e1s de mil actividades tendr\u00e1 la Cumbre 2023; pero lo verdaderamente importante es la rentabilidad en t\u00e9rminos tur\u00edsticos, dado que cada peso que se invierte para atraer visitantes a una zona que enfrenta un rezago ancestral, es dinero bien invertido.<\/p>\n\n\n\n<p>Por otro lado, habr\u00eda que reconocer que Cumbre Taj\u00edn no ha representado un beneficio real para la calidad de vida de los pueblos originarios de la zona totonaca, que siguen igual de marginados y pobres que antes.<\/p>\n\n\n\n<p>En Papantla, por ejemplo, m\u00e1s de 65 por ciento de la poblaci\u00f3n se encuentra en pobreza; y una cuarta parte de los habitantes del municipio enfrentan un nivel extremo de carencias. La tasa de analfabetismo supera el 9 por ciento. En este lugar, como en todo Veracruz, destaca la elevada dependencia de las remesas.<\/p>\n\n\n\n<p>En Coyutla, en condici\u00f3n de pobreza se encuentran 9 de cada 10 personas; y en pobreza extrema, el 52 por ciento de la poblaci\u00f3n.<\/p>\n\n\n\n<p>En Espinal casi el 79 por ciento de la gente es pobre; la pobreza extrema supera los 30 puntos porcentuales; y casi la mitad de los habitantes no cuenta con servicios de salud.<\/p>\n\n\n\n<p>Coahuitl\u00e1n: en pobreza sobrevive el 91.9 por ciento de los habitantes; casi el 55 por ciento est\u00e1 en pobreza extrema; adem\u00e1s, la incidencia de la carencia por acceso a la alimentaci\u00f3n supera el 43 por ciento.<\/p>\n\n\n\n<p>Filomeno Mata: 92.7 por ciento en pobreza; 62 por ciento, en un nivel extremo de carencias; y m\u00e1s del 56 por ciento enfrenta problemas de acceso a la alimentaci\u00f3n.<\/p>\n\n\n\n<p>Mecatl\u00e1n: 93.5 por ciento en pobreza; y en pobreza extrema se encuentra el 63.8 por ciento de la poblaci\u00f3n.<\/p>\n\n\n\n<p>Lo mismo pasa en Coxquihui, donde la pobreza llega al 90.3; y la pobreza extrema, al 52.7.<\/p>\n\n\n\n<p>El com\u00fan denominador en todo el Totonacapan es el rezago, la pobreza y las graves carencias sociales. No hay un indicador de desarrollo social en el que esta zona se encuentre bien; ni siquiera cuentan esos municipios con buenas v\u00edas de comunicaci\u00f3n.<\/p>\n\n\n\n<p>El rezago es ancestral en esta regi\u00f3n de Veracruz.<\/p>\n\n\n\n<p>La Cumbre Taj\u00edn es una buena ventana para exponer la riqueza cultural de esta regi\u00f3n; sin embargo, tambi\u00e9n es una oportunidad para recordar la deuda hist\u00f3rica de este pa\u00eds con los pueblos ind\u00edgenas, que enfrentan altos niveles de pobreza. @luisromero85<\/p>\n","protected":false},"excerpt":{"rendered":"<p>Luis Alberto RomeroHora cero Cultura, arte, gastronom\u00eda e historia se exponen en la Cumbre Taj\u00edn, un evento que se ha desarrollado de forma ininterrumpida desde el a\u00f1o 2000 en la regi\u00f3n totonaca de Veracruz, por iniciativa del ex gobernador Miguel Alem\u00e1n. Si bien la primera edici\u00f3n de la Cumbre Taj\u00edn fue rica en rituales, ceremonias, [&hellip;]<\/p>\n","protected":false},"author":2,"featured_media":0,"comment_status":"closed","ping_status":"closed","sticky":false,"template":"","format":"standard","meta":{"_jetpack_newsletter_access":"","_jetpack_dont_email_post_to_subs":false,"_jetpack_newsletter_tier_id":0,"_jetpack_memberships_contains_paywalled_content":false,"_jetpack_memberships_contains_paid_content":false,"footnotes":""},"categories":[1],"tags":[2153,2669,3315,2201],"class_list":["post-104018","post","type-post","status-publish","format-standard","hentry","category-sin-categoria","tag-cumbre-tajin","tag-luis-alberto-romero","tag-papantla","tag-totonacapan"],"jetpack_featured_media_url":"","jetpack_sharing_enabled":true,"jetpack_shortlink":"https:\/\/wp.me\/p4Qcd3-r3I","_links":{"self":[{"href":"https:\/\/lospoliticosveracruz.com.mx\/index.php?rest_route=\/wp\/v2\/posts\/104018","targetHints":{"allow":["GET"]}}],"collection":[{"href":"https:\/\/lospoliticosveracruz.com.mx\/index.php?rest_route=\/wp\/v2\/posts"}],"about":[{"href":"https:\/\/lospoliticosveracruz.com.mx\/index.php?rest_route=\/wp\/v2\/types\/post"}],"author":[{"embeddable":true,"href":"https:\/\/lospoliticosveracruz.com.mx\/index.php?rest_route=\/wp\/v2\/users\/2"}],"replies":[{"embeddable":true,"href":"https:\/\/lospoliticosveracruz.com.mx\/index.php?rest_route=%2Fwp%2Fv2%2Fcomments&post=104018"}],"version-history":[{"count":1,"href":"https:\/\/lospoliticosveracruz.com.mx\/index.php?rest_route=\/wp\/v2\/posts\/104018\/revisions"}],"predecessor-version":[{"id":104019,"href":"https:\/\/lospoliticosveracruz.com.mx\/index.php?rest_route=\/wp\/v2\/posts\/104018\/revisions\/104019"}],"wp:attachment":[{"href":"https:\/\/lospoliticosveracruz.com.mx\/index.php?rest_route=%2Fwp%2Fv2%2Fmedia&parent=104018"}],"wp:term":[{"taxonomy":"category","embeddable":true,"href":"https:\/\/lospoliticosveracruz.com.mx\/index.php?rest_route=%2Fwp%2Fv2%2Fcategories&post=104018"},{"taxonomy":"post_tag","embeddable":true,"href":"https:\/\/lospoliticosveracruz.com.mx\/index.php?rest_route=%2Fwp%2Fv2%2Ftags&post=104018"}],"curies":[{"name":"wp","href":"https:\/\/api.w.org\/{rel}","templated":true}]}}