{"id":104040,"date":"2023-03-23T20:10:53","date_gmt":"2023-03-24T02:10:53","guid":{"rendered":"https:\/\/lospoliticosveracruz.com.mx\/?p=104040"},"modified":"2023-03-23T20:11:06","modified_gmt":"2023-03-24T02:11:06","slug":"asaltos-a-tiendas-de-conveniencia","status":"publish","type":"post","link":"https:\/\/lospoliticosveracruz.com.mx\/?p=104040","title":{"rendered":"ASALTOS A TIENDAS DE CONVENIENCIA"},"content":{"rendered":"\n<p><strong>Enrique Yasser Pompeyo<br><\/strong><em>Mesa de Redacci\u00f3n<\/em><\/p>\n\n\n\n<p>Las tiendas de conveniencia se han vuelto blanco f\u00e1cil de los delincuentes no s\u00f3lo en Xalapa, sino en otros municipios de la entidad.<\/p>\n\n\n\n<figure class=\"wp-block-image size-full\"><a href=\"https:\/\/lospoliticosveracruz.com.mx\/wp-content\/uploads\/2022\/05\/Seguro-Julio-Cerecedo.jpg\"><img decoding=\"async\" src=\"https:\/\/lospoliticosveracruz.com.mx\/wp-content\/uploads\/2022\/05\/Seguro-Julio-Cerecedo.jpg\" alt=\"\" class=\"wp-image-90414\"\/><\/a><\/figure>\n\n\n\n<p>Esos negocios manejan mucho dinero en efectivo y hay poca vigilancia, adem\u00e1s de que no cuentan con seguridad privada.<\/p>\n\n\n\n<p>Este jueves, por ejemplo, se registr\u00f3 un asalto en un Oxxo que se ubica por el pante\u00f3n Palo Verde.<\/p>\n\n\n\n<p>Hace unas semanas se registr\u00f3 otro robo en otra tienda de la misma cadena que se ubica por los condominios de Agua Santa Dos.<\/p>\n\n\n\n<p>\u00bfQu\u00e9 est\u00e1 fallando en materia de prevenci\u00f3n del delito?<\/p>\n\n\n\n<p>Desde hace tiempo se ha mencionado que existen los llamados botones de seguridad, pero se desconoce si las tiendas de conveniencia cuentan con esos aparatos.<\/p>\n\n\n\n<p>Si bien estos hechos delictivos se presentan en todo el territorio veracruzano, la situaci\u00f3n genera m\u00e1s preocupaci\u00f3n por darse en la ciudad capital.<\/p>\n\n\n\n<p>\u00bfExisten estrategias de seguridad? \u00bfHay coordinaci\u00f3n entre los diferentes niveles de gobierno y las corporaciones policiales?<\/p>\n\n\n\n<p>Porque estos asaltos generan incertidumbre entre la poblaci\u00f3n xalape\u00f1a que no est\u00e1 tan acostumbrada a este tipo de situaciones.<\/p>\n\n\n\n<p>Representantes de las diferentes c\u00e1maras empresariales han solicitado de manera reiterada a las autoridades gubernamentales que se mejoren las acciones en seguridad, pues la violencia y los hechos delincuenciales inhiben la generaci\u00f3n de inversiones.<\/p>\n\n\n\n<p>La ciudad y sus habitantes no pueden estar a merced de los delincuentes.<\/p>\n\n\n\n<p>Ser\u00eda lamentable que Xalapa, siendo la capital, cayera en manos de las bandas criminales.<\/p>\n\n\n\n<p>enriquepompeyo@hotmail.com<\/p>\n","protected":false},"excerpt":{"rendered":"<p>Enrique Yasser PompeyoMesa de Redacci\u00f3n Las tiendas de conveniencia se han vuelto blanco f\u00e1cil de los delincuentes no s\u00f3lo en Xalapa, sino en otros municipios de la entidad. Esos negocios manejan mucho dinero en efectivo y hay poca vigilancia, adem\u00e1s de que no cuentan con seguridad privada. Este jueves, por ejemplo, se registr\u00f3 un asalto [&hellip;]<\/p>\n","protected":false},"author":2,"featured_media":0,"comment_status":"closed","ping_status":"closed","sticky":false,"template":"","format":"standard","meta":{"_jetpack_newsletter_access":"","_jetpack_dont_email_post_to_subs":false,"_jetpack_newsletter_tier_id":0,"_jetpack_memberships_contains_paywalled_content":false,"_jetpack_memberships_contains_paid_content":false,"footnotes":""},"categories":[70],"tags":[15477,602],"class_list":["post-104040","post","type-post","status-publish","format-standard","hentry","category-de-opinion","tag-enrique-yasser-pompeyo","tag-oxxo"],"jetpack_featured_media_url":"","jetpack_sharing_enabled":true,"jetpack_shortlink":"https:\/\/wp.me\/p4Qcd3-r44","_links":{"self":[{"href":"https:\/\/lospoliticosveracruz.com.mx\/index.php?rest_route=\/wp\/v2\/posts\/104040","targetHints":{"allow":["GET"]}}],"collection":[{"href":"https:\/\/lospoliticosveracruz.com.mx\/index.php?rest_route=\/wp\/v2\/posts"}],"about":[{"href":"https:\/\/lospoliticosveracruz.com.mx\/index.php?rest_route=\/wp\/v2\/types\/post"}],"author":[{"embeddable":true,"href":"https:\/\/lospoliticosveracruz.com.mx\/index.php?rest_route=\/wp\/v2\/users\/2"}],"replies":[{"embeddable":true,"href":"https:\/\/lospoliticosveracruz.com.mx\/index.php?rest_route=%2Fwp%2Fv2%2Fcomments&post=104040"}],"version-history":[{"count":1,"href":"https:\/\/lospoliticosveracruz.com.mx\/index.php?rest_route=\/wp\/v2\/posts\/104040\/revisions"}],"predecessor-version":[{"id":104042,"href":"https:\/\/lospoliticosveracruz.com.mx\/index.php?rest_route=\/wp\/v2\/posts\/104040\/revisions\/104042"}],"wp:attachment":[{"href":"https:\/\/lospoliticosveracruz.com.mx\/index.php?rest_route=%2Fwp%2Fv2%2Fmedia&parent=104040"}],"wp:term":[{"taxonomy":"category","embeddable":true,"href":"https:\/\/lospoliticosveracruz.com.mx\/index.php?rest_route=%2Fwp%2Fv2%2Fcategories&post=104040"},{"taxonomy":"post_tag","embeddable":true,"href":"https:\/\/lospoliticosveracruz.com.mx\/index.php?rest_route=%2Fwp%2Fv2%2Ftags&post=104040"}],"curies":[{"name":"wp","href":"https:\/\/api.w.org\/{rel}","templated":true}]}}