{"id":104182,"date":"2023-03-28T07:50:54","date_gmt":"2023-03-28T13:50:54","guid":{"rendered":"https:\/\/lospoliticosveracruz.com.mx\/?p=104182"},"modified":"2023-03-28T07:51:02","modified_gmt":"2023-03-28T13:51:02","slug":"un-escano-el-pacto-del-pvem","status":"publish","type":"post","link":"https:\/\/lospoliticosveracruz.com.mx\/?p=104182","title":{"rendered":"UN ESCA\u00d1O, EL PACTO DEL PVEM"},"content":{"rendered":"\n<p><\/p>\n\n\n\n<p><strong>Ricardo Chua<br><\/strong><em>Sale y Vale<\/em><\/p>\n\n\n\n<p>EXCLUSIVA. LA FIESTA DE PADILLA.. Hace dos semanas en CDMX se celebr\u00f3 una fiesta privada, donde hubo lista para que no hubiera \u00abcolados\u00bb al fest\u00edn, el anfitri\u00f3n fue el constructor, Fernando Padilla, que celebraba el cumplea\u00f1os de uno de sus hijos.. Obvio hubo pol\u00edticos, empresarios amigos del millonario personaje, muy cercano a gobiernos priistas en Veracruz y Puebla, y, ahora, en MORENA.. El invitado especial fue Ad\u00e1n Augusto L\u00f3pez, secretario de Gobernaci\u00f3n y cercano a Padilla.. Pero ah\u00ed hubo dos revelaciones sobre \u00abJarochilandia\u00bb..<\/p>\n\n\n<div class=\"wp-block-image\">\n<figure class=\"alignleft size-full is-resized\"><a href=\"https:\/\/lospoliticosveracruz.com.mx\/wp-content\/uploads\/2023\/02\/Vinissimo.jpg\"><img loading=\"lazy\" decoding=\"async\" src=\"https:\/\/lospoliticosveracruz.com.mx\/wp-content\/uploads\/2023\/02\/Vinissimo.jpg\" alt=\"\" class=\"wp-image-102752\" width=\"175\" height=\"178\"\/><\/a><\/figure><\/div>\n\n\n<p>La primera es que el PVEM ya tiene el \u00abpacto\u00bb en Palacio Nacional para que vaya Javier Herrera Borunda, como aspirante al Senado por la alianza con MORENA-PVEM-PT en 2024\u2026 Un acuerdo hecho con el Presidente, Andr\u00e9s Manuel L\u00f3pez Obrador y que fue ratificado hace unos d\u00edas, despu\u00e9s de la fiesta, por el comit\u00e9 nacional de MORENA que maneja Mario Delgado\u2026 Es un pacto hecho porque los \u00abVerdes\u00bb estuvieron a punto de quedar fuera de la alianza con MORENA en el Estado de M\u00e9xico y eso fue la derrota de Delfina G\u00f3mez\u2026<\/p>\n\n\n\n<p>Ese primer acuerdo fue avalado por, al menos, dos aspirantes a gobernador de Veracruz por MORENA\u2026 Ya que ellos, si desean la alianza con el PVEM, ya que muchos seguidores que todav\u00eda tienen recuerdos memorables de Fidel Herrera Beltr\u00e1n\u2026 Y eso les traer\u00eda votos a la alianza con el PT para que puedan ganar sin \u00abpasar sustos\u00bb ya que la figura de Javier Herrera podr\u00eda \u00abjalar\u00bb a muchos indefinidos para esta elecci\u00f3n, pero que recuerdan con cari\u00f1o al \u00abT\u00edo Fide\u00bb\u2026 Por eso quieren a Javier en la boleta\u2026<\/p>\n\n\n\n<p>Por algo, el propio Manuel Velasco Coello, el mandamas del PVEM nacional, anda luci\u00e9ndose por todos lados con Herrera Borunda.. Y en la reuni\u00f3n que tenga que ver con el tema Veracruz, Manuel siempre est\u00e1 a lado de Javier\u2026 En pocas palabras, el senador chiapaneco anda haciendo su \u00abchamba\u00bb para empezar su proyecto al 2030\u2026 Teniendo muchas figuras en el poder pol\u00edtico en varios estados del pa\u00eds.. Pero esa es otra historia.. Por ello, quiere empoderar a Javier en Veracruz\u2026 El cuarto estado m\u00e1s importante electoralmente de M\u00e9xico..<\/p>\n\n\n\n<p>Sin embargo, como siempre en la vida hay un \u00abpinche pero\u00bb.. La segunda revelaci\u00f3n es que en esa fiesta se supo que el \u00abCachorro Fiel\u00bb habr\u00eda sido \u00abtentado\u00bb por otras fuerzas pol\u00edticas opositoras\u2026 De que si lo desean, en este momento, lo empiezan a promover como uno de sus precandidatos a Gobernador por Veracruz en 2024\u2026 Buscando la manera de que la alianza opositora en ese a\u00f1o, lo nomine como su aspirante oficial por esa coalici\u00f3n.. Algo il\u00f3gico, pero en la pol\u00edtica, la l\u00f3gica tampoco existe..<\/p>\n\n\n\n<p>Lo est\u00e1n \u00abtentando\u00bb para que sea un aspirante oficial donde pueda ir de candidato de la alianza opositora y hasta de Movimiento Ciudadano\u2026 Una tesis muy fuerte y muy atractiva para el electorado opositor a MORENA\u2026 Sobre todo sabiendo que muchos ex priistas operaron a favor de MORENA en 2018, pero ahora viendo la participaci\u00f3n del hijo de Fidel Herrera Beltr\u00e1n, podr\u00edan voltear el apoyo y d\u00e1rselo al \u00abcachorro fiel\u00bb poniendo muy dif\u00edcil la contienda a MORENA\u2026 Ya que si eso pasa, el PVEM en Veracruz no ir\u00e1 en alianza con los Morenos..<\/p>\n\n\n\n<p>Nada m\u00e1s de imaginar de ir en una alianza opositora en donde est\u00e9n unidos trabajando en un proyecto pol\u00edtico: Javier Herrera, Anil\u00fa Ingram, Juan Manuel D\u00edez Francos, Los Yunes \u00abAzules\u00bb, Patricia Lobeira, Los Yunes \u00abRojos\u00bb, Marl\u00f3n Ram\u00edrez, Joaqu\u00edn Guzm\u00e1n, Julen y Bingen Rementer\u00eda.. Ser\u00eda un \u00abcoctel\u00bb pol\u00edtico muy peligroso para Palacio de Gobierno y MORENA al 2024 en Veracruz\u2026 Y a todos les tocar\u00eda una \u00abrebanada de ese pastel\u00bb.. Se les respetar\u00eda intereses y posiciones.. \u00bfQu\u00e9 m\u00e1s pueden pedir?..<\/p>\n\n\n\n<p>Esa situaci\u00f3n tambi\u00e9n se toc\u00f3 en algunas mesas de la reuni\u00f3n de esa fiesta del empresario, Fernando Padilla\u2026 Donde la mayor\u00eda de los asistentes que se enteraron de estos comentarios, se\u00f1alaron que eran dos escenarios muy probables.. Ya que en Veracruz, el apellido Herrera, claro que a\u00fan pesa y mucho.. De lo \u00fanico que tambi\u00e9n coincidieron la mayor\u00eda de los asistentes era que el candidato Presidencial de MORENA ser\u00eda: Ad\u00e1n Augusto L\u00f3pez Hern\u00e1ndez\u2026 TA CA\u00d1\u00d3N..<\/p>\n\n\n\n<p>EN RESUMEN. Sin duda, esa fiesta fue demasiado \u00abgrilla\u00bb para los invitados al banquete.. Pero lo que es un hecho es que la figura de Fidel Herrera Beltr\u00e1n en Veracruz\u2026 A pesar de que tiene m\u00e1s de 12 a\u00f1os que dej\u00f3 el poder.. Sigue siendo muy atractiva para MORENA y todos los partidos de la oposici\u00f3n.. Y ello, mantiene a Javier Herrera en su figura de \u00abpr\u00edncipe\u00bb con suerte.. EL QUE ENTENDI\u00d3, ENTENDI\u00d3.. AMEN\u2026<\/p>\n","protected":false},"excerpt":{"rendered":"<p>Ricardo ChuaSale y Vale EXCLUSIVA. LA FIESTA DE PADILLA.. Hace dos semanas en CDMX se celebr\u00f3 una fiesta privada, donde hubo lista para que no hubiera \u00abcolados\u00bb al fest\u00edn, el anfitri\u00f3n fue el constructor, Fernando Padilla, que celebraba el cumplea\u00f1os de uno de sus hijos.. Obvio hubo pol\u00edticos, empresarios amigos del millonario personaje, muy cercano [&hellip;]<\/p>\n","protected":false},"author":2,"featured_media":0,"comment_status":"closed","ping_status":"closed","sticky":false,"template":"","format":"standard","meta":{"_jetpack_newsletter_access":"","_jetpack_dont_email_post_to_subs":false,"_jetpack_newsletter_tier_id":0,"_jetpack_memberships_contains_paywalled_content":false,"_jetpack_memberships_contains_paid_content":false,"footnotes":""},"categories":[70],"tags":[7622,36868,3471,1124,3072,26576,37710,37709,964,12596,30927,2327,28254,28660],"class_list":["post-104182","post","type-post","status-publish","format-standard","hentry","category-de-opinion","tag-delfina-gomez","tag-fernando-padilla","tag-javier-herrera","tag-javier-herrera-borunda","tag-joaquin-guzman","tag-juan-manuel-diez-francos-2","tag-los-yunes-azules-2","tag-los-yunes-rojos","tag-manuel-velasco-coello","tag-mario-delgado","tag-marlon-ramirez-3","tag-movimiento-ciudadano","tag-patricia-lobeira","tag-ricardo-chua-2"],"jetpack_featured_media_url":"","jetpack_sharing_enabled":true,"jetpack_shortlink":"https:\/\/wp.me\/p4Qcd3-r6m","_links":{"self":[{"href":"https:\/\/lospoliticosveracruz.com.mx\/index.php?rest_route=\/wp\/v2\/posts\/104182","targetHints":{"allow":["GET"]}}],"collection":[{"href":"https:\/\/lospoliticosveracruz.com.mx\/index.php?rest_route=\/wp\/v2\/posts"}],"about":[{"href":"https:\/\/lospoliticosveracruz.com.mx\/index.php?rest_route=\/wp\/v2\/types\/post"}],"author":[{"embeddable":true,"href":"https:\/\/lospoliticosveracruz.com.mx\/index.php?rest_route=\/wp\/v2\/users\/2"}],"replies":[{"embeddable":true,"href":"https:\/\/lospoliticosveracruz.com.mx\/index.php?rest_route=%2Fwp%2Fv2%2Fcomments&post=104182"}],"version-history":[{"count":1,"href":"https:\/\/lospoliticosveracruz.com.mx\/index.php?rest_route=\/wp\/v2\/posts\/104182\/revisions"}],"predecessor-version":[{"id":104184,"href":"https:\/\/lospoliticosveracruz.com.mx\/index.php?rest_route=\/wp\/v2\/posts\/104182\/revisions\/104184"}],"wp:attachment":[{"href":"https:\/\/lospoliticosveracruz.com.mx\/index.php?rest_route=%2Fwp%2Fv2%2Fmedia&parent=104182"}],"wp:term":[{"taxonomy":"category","embeddable":true,"href":"https:\/\/lospoliticosveracruz.com.mx\/index.php?rest_route=%2Fwp%2Fv2%2Fcategories&post=104182"},{"taxonomy":"post_tag","embeddable":true,"href":"https:\/\/lospoliticosveracruz.com.mx\/index.php?rest_route=%2Fwp%2Fv2%2Ftags&post=104182"}],"curies":[{"name":"wp","href":"https:\/\/api.w.org\/{rel}","templated":true}]}}