{"id":104245,"date":"2023-03-29T07:43:35","date_gmt":"2023-03-29T13:43:35","guid":{"rendered":"https:\/\/lospoliticosveracruz.com.mx\/?p=104245"},"modified":"2023-03-29T07:43:39","modified_gmt":"2023-03-29T13:43:39","slug":"la-tragedia-fue-culpa-de-los-migrantes-y-de-ebrard","status":"publish","type":"post","link":"https:\/\/lospoliticosveracruz.com.mx\/?p=104245","title":{"rendered":"LA TRAGEDIA fue culpa de los migrantes\u2026 y de Ebrard"},"content":{"rendered":"\n<p><\/p>\n\n\n\n<p><strong>Bernardo Guti\u00e9rrez Parra<\/strong><br><em>Desde el Caf\u00e9<\/em><\/p>\n\n\n\n<p>El s\u00e1bado 18 de marzo en su mega concentraci\u00f3n zocalera para dulcificarle el ego, Andr\u00e9s Manuel L\u00f3pez Obrador dijo a sus corcholatas: \u201cNada de zigzagueos ni de titubeos\u201d. Es decir; derechitos y sin salirse del huacal.<\/p>\n\n\n<div class=\"wp-block-image\">\n<figure class=\"alignleft size-medium\"><a href=\"https:\/\/lospoliticosveracruz.com.mx\/wp-content\/uploads\/2021\/10\/Zacauilt.jpg\"><img decoding=\"async\" src=\"https:\/\/lospoliticosveracruz.com.mx\/wp-content\/uploads\/2021\/10\/Zacauilt-150x300.jpg\" alt=\"\" class=\"wp-image-80558\"\/><\/a><\/figure><\/div>\n\n\n<p>El mensaje lo entendieron Claudia Sheinbaum y Ad\u00e1n Augusto L\u00f3pez; no as\u00ed el canciller Marcelo Ebrard que dos d\u00edas despu\u00e9s durante la presentaci\u00f3n de su libro \u201cEl camino de M\u00e9xico\u201d en el Palacio de Miner\u00eda, afirm\u00f3 que nuestro pa\u00eds est\u00e1 a tiempo de \u201ccambiar para siempre\u201d y ser una naci\u00f3n de \u201cclase media mayoritaria\u201d.<\/p>\n\n\n\n<p>Esto fue una afrenta para el presidente que odia como a sus pecados a la clase media.<\/p>\n\n\n\n<p>Desde ese d\u00eda circula con m\u00e1s fuerza la versi\u00f3n de que, sabedor que el tabasque\u00f1o ya tiene a su candidata, Marcelo se ir\u00e1 de Morena y buscar\u00e1 que la coalici\u00f3n PAN-PRI-PRD (cuya caballada est\u00e1 de a tiro muy escu\u00e1lida), lo lleve de abanderado para el 2024. O como \u00faltimo recurso aceptar\u00e1 el patrocinio de Movimiento Ciudadano.<\/p>\n\n\n\n<p>He dicho en otras ocasiones que si Ebrard se quiere mover sin el permiso presidencial, bastar\u00e1 con que se filtre a los medios la investigaci\u00f3n de la empresa noruega Det Norske Veritas (DNV) sobre la tragedia de la L\u00ednea 12 del Metro para meterlo en cintura, porque en esa investigaci\u00f3n sale bien embarrado.<\/p>\n\n\n\n<p>Pero al parecer no habr\u00e1 necesidad de llegar a tanto; migrantes procedentes de Colombia, Venezuela, El Salvador, Guatemala, Honduras y Ecuador pueden acabar con sus aspiraciones e incluso con su carrera pol\u00edtica.<\/p>\n\n\n\n<p>Como bien sabes lector, este lunes por la noche murieron calcinados en un albergue del Instituto Nacional de Migraci\u00f3n de Ciudad Ju\u00e1rez 38 migrantes y hubo 28 heridos.<\/p>\n\n\n\n<p>M\u00e1s que albergados, los migrantes estaban encerrados en una especie de celda con una puerta con barrotes que ten\u00eda candado. Un video muestra que cuando empez\u00f3 el incendio varios se acercaron a la puerta a pedir que la abrieran, uno incluso la patea in\u00fatilmente mientras tres guardias huyen para evitar las llamas y los dejan a su suerte.<\/p>\n\n\n\n<p>\u00bfQu\u00e9 tiene que ver en esto Marcelo Ebrard?<\/p>\n\n\n\n<p>Hasta ayer por la ma\u00f1ana nada, pero despu\u00e9s que el secretario de Gobernaci\u00f3n Ad\u00e1n Augusto L\u00f3pez dio una entrevista al periodista Joaqu\u00edn L\u00f3pez D\u00f3riga, al parecer tendr\u00e1 que ver y mucho.<\/p>\n\n\n\n<p>Ad\u00e1n Augusto dijo: \u201cAunque formalmente es la Secretar\u00eda de Gobernaci\u00f3n (la encargada del INM), para efectos administrativos hay un acuerdo al interior del gobierno y es Marcelo, el secretario de Relaciones Exteriores, quien se encarga del tema migratorio\u201d.<\/p>\n\n\n\n<p>A rengl\u00f3n seguido agreg\u00f3 que la migraci\u00f3n es un asunto compartido y se dijo dispuesto a \u201cdar la cara\u201d por el incendio. Pero no lo har\u00e1. Al final los 38 migrantes calcinados pasar\u00e1n al caj\u00f3n del olvido, pero si sus deudos exigen dar con los responsables, ah\u00ed estar\u00e1 Marcelo por cortes\u00eda de Ad\u00e1n Augusto que hizo una declaraci\u00f3n falaz y cargada de sevicia.<\/p>\n\n\n\n<p>Desde su nacimiento el 19 de octubre de 1993, el INM es un \u00f3rgano t\u00e9cnico desconcentrado de la administraci\u00f3n p\u00fablica federal, DEPENDIENTE de la Secretar\u00eda de Gobernaci\u00f3n; al menos as\u00ed lo dice el Diario Oficial de la Federaci\u00f3n de esa fecha. Luego entonces, uno de los responsables de la tragedia deber\u00eda serlo en primera instancia el secretario de Gobernaci\u00f3n.<\/p>\n\n\n\n<p>El 19 de septiembre del 2019 se cre\u00f3 con car\u00e1cter de transitorio, la Comisi\u00f3n Intersecretarial de Atenci\u00f3n Integral en Materia Migratoria dependiente de la Secretar\u00eda de Relaciones Exteriores \u201cque coordinar\u00e1 las pol\u00edticas, programas y acciones de varias dependencias\u201d.<\/p>\n\n\n\n<p>Es decir, la SRE regula los trabajos de otras dependencias en cuanto al tema migratorio se refiere, pero no es la encargada de la operaci\u00f3n de los albergues migratorios, ni de contratar y vigilar el desempe\u00f1o de su personal. De eso se encarga la secretar\u00eda de Gobernaci\u00f3n cuyo titular, lo repito, es Ad\u00e1n Augusto L\u00f3pez.<\/p>\n\n\n\n<p>Pero el descont\u00f3n no se lo quita nadie a Marcelo Ebrard.<\/p>\n\n\n\n<p>Sin darle muchas vueltas, lo que sucedi\u00f3 en Tijuana es responsabilidad total de este gobierno. Aunque queriendo minimizarlo, L\u00f3pez Obrador le dedic\u00f3 apenas unos minutos en su ma\u00f1anera de ayer. \u201cEs un hecho muy lamentable\u201d dijo. Y sin tener a\u00fan el peritaje oficial culp\u00f3 a los migrantes de la tragedia. \u201cSe pusieron a quemar colchonetas\u201d.<\/p>\n\n\n\n<p>Pero como el asunto va escalando hoy volver\u00e1 a tocar el tema. Y predecible como es seguramente dir\u00e1: \u201cEs parte de la descomposici\u00f3n que heredamos de los gobiernos corruptos y neoliberales\u201d, pasando c\u00ednicamente por alto la descomposici\u00f3n, corrupci\u00f3n, pobreza y muerte que \u00e9l heredar\u00e1 al gobierno que lo suceda.<\/p>\n\n\n\n<p>Conociendo su perversidad, podr\u00eda jurar que Andr\u00e9s Manuel aprovech\u00f3 la tragedia para enviarle algo m\u00e1s que un calambrazo a Marcelo mediante su ujier Ad\u00e1n Augusto. Porque el titular de Gobernaci\u00f3n no dijo lo que dijo por sus pistolas; se lo dictaron en Palacio Nacional.<\/p>\n\n\n\n<p>\u00bfQu\u00e9 har\u00e1 el canciller?<\/p>\n\n\n\n<p>Tiene dos caminos.<\/p>\n\n\n\n<p>Romper en definitiva con L\u00f3pez Obrador y buscar la presidencia de la Rep\u00fablica por otro lado con la de broncas que eso le acarrear\u00e1. O quedarse en Morena y aceptar el premio de consolaci\u00f3n que le d\u00e9 Claudia Sheinbaum cuando sea presidenta, porque ya dijo que lo incluir\u00e1 en su gabinete.<\/p>\n\n\n\n<p>Pronto lo sabremos, lector.<\/p>\n\n\n\n<p>bernardogup@hotmail.com<\/p>\n","protected":false},"excerpt":{"rendered":"<p>Bernardo Guti\u00e9rrez ParraDesde el Caf\u00e9 El s\u00e1bado 18 de marzo en su mega concentraci\u00f3n zocalera para dulcificarle el ego, Andr\u00e9s Manuel L\u00f3pez Obrador dijo a sus corcholatas: \u201cNada de zigzagueos ni de titubeos\u201d. Es decir; derechitos y sin salirse del huacal. El mensaje lo entendieron Claudia Sheinbaum y Ad\u00e1n Augusto L\u00f3pez; no as\u00ed el canciller [&hellip;]<\/p>\n","protected":false},"author":2,"featured_media":0,"comment_status":"closed","ping_status":"closed","sticky":false,"template":"","format":"standard","meta":{"_jetpack_newsletter_access":"","_jetpack_dont_email_post_to_subs":false,"_jetpack_newsletter_tier_id":0,"_jetpack_memberships_contains_paywalled_content":false,"_jetpack_memberships_contains_paid_content":false,"footnotes":""},"categories":[70],"tags":[34206,9627,9548,14703,3453],"class_list":["post-104245","post","type-post","status-publish","format-standard","hentry","category-de-opinion","tag-bernardo-gutierrez-parra","tag-claudia-sheinbaum","tag-instituto-nacional-de-migracion","tag-marcelo-ebrard","tag-migrantes"],"jetpack_featured_media_url":"","jetpack_sharing_enabled":true,"jetpack_shortlink":"https:\/\/wp.me\/p4Qcd3-r7n","_links":{"self":[{"href":"https:\/\/lospoliticosveracruz.com.mx\/index.php?rest_route=\/wp\/v2\/posts\/104245","targetHints":{"allow":["GET"]}}],"collection":[{"href":"https:\/\/lospoliticosveracruz.com.mx\/index.php?rest_route=\/wp\/v2\/posts"}],"about":[{"href":"https:\/\/lospoliticosveracruz.com.mx\/index.php?rest_route=\/wp\/v2\/types\/post"}],"author":[{"embeddable":true,"href":"https:\/\/lospoliticosveracruz.com.mx\/index.php?rest_route=\/wp\/v2\/users\/2"}],"replies":[{"embeddable":true,"href":"https:\/\/lospoliticosveracruz.com.mx\/index.php?rest_route=%2Fwp%2Fv2%2Fcomments&post=104245"}],"version-history":[{"count":1,"href":"https:\/\/lospoliticosveracruz.com.mx\/index.php?rest_route=\/wp\/v2\/posts\/104245\/revisions"}],"predecessor-version":[{"id":104246,"href":"https:\/\/lospoliticosveracruz.com.mx\/index.php?rest_route=\/wp\/v2\/posts\/104245\/revisions\/104246"}],"wp:attachment":[{"href":"https:\/\/lospoliticosveracruz.com.mx\/index.php?rest_route=%2Fwp%2Fv2%2Fmedia&parent=104245"}],"wp:term":[{"taxonomy":"category","embeddable":true,"href":"https:\/\/lospoliticosveracruz.com.mx\/index.php?rest_route=%2Fwp%2Fv2%2Fcategories&post=104245"},{"taxonomy":"post_tag","embeddable":true,"href":"https:\/\/lospoliticosveracruz.com.mx\/index.php?rest_route=%2Fwp%2Fv2%2Ftags&post=104245"}],"curies":[{"name":"wp","href":"https:\/\/api.w.org\/{rel}","templated":true}]}}