{"id":104258,"date":"2023-03-29T08:37:07","date_gmt":"2023-03-29T14:37:07","guid":{"rendered":"https:\/\/lospoliticosveracruz.com.mx\/?p=104258"},"modified":"2023-03-29T08:37:23","modified_gmt":"2023-03-29T14:37:23","slug":"con-los-ninos-no","status":"publish","type":"post","link":"https:\/\/lospoliticosveracruz.com.mx\/?p=104258","title":{"rendered":"CON LOS NI\u00d1OS NO"},"content":{"rendered":"\n<p><\/p>\n\n\n\n<p><strong>Sergio Gonz\u00e1lez Levet<\/strong><\/p>\n\n\n\n<p><em>Sin tacto<\/em><\/p>\n\n\n\n<p>La sociedad veracruzana se impact\u00f3 ayer una vez m\u00e1s con la noticia de que un alumno de primaria, un infante de apenas 13 a\u00f1os de edad, hab\u00eda tomado la determinaci\u00f3n de arrojarse al vac\u00edo desde el segundo piso de su escuela, la primaria privada Guillermo A. Sherwell, y se reportaba grave aunque estable en el Hospital General de C\u00f3rdoba.<\/p>\n\n\n\n<figure class=\"wp-block-embed is-type-video is-provider-youtube wp-block-embed-youtube wp-embed-aspect-16-9 wp-has-aspect-ratio\"><div class=\"wp-block-embed__wrapper\">\n<span class=\"embed-youtube\" style=\"text-align:center; display: block;\"><iframe loading=\"lazy\" class=\"youtube-player\" width=\"750\" height=\"422\" src=\"https:\/\/www.youtube.com\/embed\/Nxe-vxf8GuY?version=3&#038;rel=1&#038;showsearch=0&#038;showinfo=1&#038;iv_load_policy=1&#038;fs=1&#038;hl=es-ES&#038;autohide=2&#038;wmode=transparent\" allowfullscreen=\"true\" style=\"border:0;\" sandbox=\"allow-scripts allow-same-origin allow-popups allow-presentation allow-popups-to-escape-sandbox\"><\/iframe><\/span>\n<\/div><\/figure>\n\n\n\n<p>&nbsp;&nbsp;&nbsp;&nbsp; El secretario de Educaci\u00f3n de Veracruz Zenyazen Escobar, se reconoce, acudi\u00f3 con prontitud a acompa\u00f1ar y dar apoyo a los padres del menor. Fue \u00e9l quien mantuvo informados a los medios sobre el estado del ni\u00f1o, y el \u00faltimo reporte de anoche dec\u00eda que no hab\u00eda sufrido ning\u00fan da\u00f1o cerebral, ten\u00eda alguna leve complicaci\u00f3n abdominal y presentaba fracturas en ambas piernas y un brazo.<\/p>\n\n\n\n<p>&nbsp;&nbsp;&nbsp;&nbsp; Pero est\u00e1 vivo, se va a salvar y pronto estar\u00e1 de nuevo jugando y corriendo como todos los ni\u00f1os de su edad.<\/p>\n\n\n\n<p>&nbsp;&nbsp;&nbsp;&nbsp; Eso es una gran noticia.<\/p>\n\n\n\n<p>&nbsp;&nbsp;&nbsp;&nbsp; Lo que preocupa es pensar qu\u00e9 fue lo que origin\u00f3 que un peque\u00f1o haya tratado de quitarse la vida. Como sociedad, debemos preguntarnos todos qu\u00e9 estamos haciendo o qu\u00e9 estamos permitiendo para que se d\u00e9 una situaci\u00f3n as\u00ed, que cada d\u00eda est\u00e1 m\u00e1s presente en la cotidianidad de las escuelas, lo que es una grave preocupaci\u00f3n.<\/p>\n\n\n\n<p>&nbsp;&nbsp;&nbsp;&nbsp; El ni\u00f1o que hoy est\u00e1 en el hospital es una v\u00edctima m\u00e1s del bullying escolar. Por lo que se sabe, entr\u00f3 en discusi\u00f3n con algunos compa\u00f1eros y con su propia maestra por un asunto de 50 pesos, y fue tal el acoso que recibi\u00f3, la presi\u00f3n sobre su mente infantil y sobre su coraz\u00f3n naciente, que en un arrebato se lanz\u00f3 al vac\u00edo.<\/p>\n\n\n\n<p>&nbsp;&nbsp;&nbsp;&nbsp; La autoridad escolar y la escuela han protegido a la maestra que abus\u00f3 de su condici\u00f3n en el sal\u00f3n de clase, y con eso volvimos a la discusi\u00f3n permanente de si los ni\u00f1os deben ser educados en su casa y no en las instituciones educativas.<\/p>\n\n\n\n<p>&nbsp;&nbsp;&nbsp;&nbsp; Yo no s\u00e9, pero puedo asegurar que mi maestro de primaria (un recuerdo imborrable, profesor Rafael Balderas, que hace m\u00e1s de medio siglo me ense\u00f1aste a escribir sin faltas de ortograf\u00eda, y a sumar y restar con probidad)\u2026 mi mentor de la primaria, dec\u00eda, nunca hubiera permitido que uno de sus alumnos sufriera la injusticia del acoso de cualquiera de sus compa\u00f1eros.<\/p>\n\n\n\n<p>&nbsp;&nbsp;&nbsp;&nbsp; Yo no s\u00e9, pero aparte de lo que traigan de sus hogares, los buenos docentes deben saber lo que est\u00e1n pasando con cada uno de sus alumnos y tomar medidas para evitar males mayores y hasta menores.<\/p>\n\n\n\n<p>&nbsp;&nbsp;&nbsp;&nbsp; Trato de entender cu\u00e1l es la l\u00f3gica de los ni\u00f1os de primaria y secundaria, que piensan que abusar de un compa\u00f1ero d\u00e9bil es muestra de alg\u00fan tipo de heroicidad. Hace apenas unos d\u00edas, una alumna de secundaria mat\u00f3 a golpes a una condisc\u00edpula, y es de pavor enterarse de c\u00f3mo situaciones de este tipo de multiplican en nuestras escuelas y ponen en peligro la existencia de menores que debieran estar seguros y ser cuidados con cari\u00f1o y conciencia.<\/p>\n\n\n\n<p>&nbsp;&nbsp;&nbsp;&nbsp; La violencia se ha apoderado de nosotros, hay que trabajar mucho para que no se ense\u00f1oree en las escuelas. Ah\u00ed no, por favor.<\/p>\n\n\n\n<p>sglevet@gmail.com<\/p>\n","protected":false},"excerpt":{"rendered":"<p>Sergio Gonz\u00e1lez Levet Sin tacto La sociedad veracruzana se impact\u00f3 ayer una vez m\u00e1s con la noticia de que un alumno de primaria, un infante de apenas 13 a\u00f1os de edad, hab\u00eda tomado la determinaci\u00f3n de arrojarse al vac\u00edo desde el segundo piso de su escuela, la primaria privada Guillermo A. Sherwell, y se reportaba [&hellip;]<\/p>\n","protected":false},"author":2,"featured_media":0,"comment_status":"closed","ping_status":"closed","sticky":false,"template":"","format":"standard","meta":{"_jetpack_newsletter_access":"","_jetpack_dont_email_post_to_subs":false,"_jetpack_newsletter_tier_id":0,"_jetpack_memberships_contains_paywalled_content":false,"_jetpack_memberships_contains_paid_content":false,"footnotes":""},"categories":[70],"tags":[37760,751,37722,1282],"class_list":["post-104258","post","type-post","status-publish","format-standard","hentry","category-de-opinion","tag-bullying-escolar","tag-cordoba","tag-escuela-primaria-guillermo-a-sherwell","tag-sergio-gonzalez-levet"],"jetpack_featured_media_url":"","jetpack_sharing_enabled":true,"jetpack_shortlink":"https:\/\/wp.me\/p4Qcd3-r7A","_links":{"self":[{"href":"https:\/\/lospoliticosveracruz.com.mx\/index.php?rest_route=\/wp\/v2\/posts\/104258","targetHints":{"allow":["GET"]}}],"collection":[{"href":"https:\/\/lospoliticosveracruz.com.mx\/index.php?rest_route=\/wp\/v2\/posts"}],"about":[{"href":"https:\/\/lospoliticosveracruz.com.mx\/index.php?rest_route=\/wp\/v2\/types\/post"}],"author":[{"embeddable":true,"href":"https:\/\/lospoliticosveracruz.com.mx\/index.php?rest_route=\/wp\/v2\/users\/2"}],"replies":[{"embeddable":true,"href":"https:\/\/lospoliticosveracruz.com.mx\/index.php?rest_route=%2Fwp%2Fv2%2Fcomments&post=104258"}],"version-history":[{"count":1,"href":"https:\/\/lospoliticosveracruz.com.mx\/index.php?rest_route=\/wp\/v2\/posts\/104258\/revisions"}],"predecessor-version":[{"id":104259,"href":"https:\/\/lospoliticosveracruz.com.mx\/index.php?rest_route=\/wp\/v2\/posts\/104258\/revisions\/104259"}],"wp:attachment":[{"href":"https:\/\/lospoliticosveracruz.com.mx\/index.php?rest_route=%2Fwp%2Fv2%2Fmedia&parent=104258"}],"wp:term":[{"taxonomy":"category","embeddable":true,"href":"https:\/\/lospoliticosveracruz.com.mx\/index.php?rest_route=%2Fwp%2Fv2%2Fcategories&post=104258"},{"taxonomy":"post_tag","embeddable":true,"href":"https:\/\/lospoliticosveracruz.com.mx\/index.php?rest_route=%2Fwp%2Fv2%2Ftags&post=104258"}],"curies":[{"name":"wp","href":"https:\/\/api.w.org\/{rel}","templated":true}]}}