{"id":104263,"date":"2023-03-29T10:26:51","date_gmt":"2023-03-29T16:26:51","guid":{"rendered":"https:\/\/lospoliticosveracruz.com.mx\/?p=104263"},"modified":"2023-03-29T10:27:08","modified_gmt":"2023-03-29T16:27:08","slug":"sucesion-2024-las-encuestas","status":"publish","type":"post","link":"https:\/\/lospoliticosveracruz.com.mx\/?p=104263","title":{"rendered":"SUCESI\u00d3N 2024: LAS ENCUESTAS"},"content":{"rendered":"\n<p><strong>Luis Alberto Romero\u00a0<\/strong><\/p>\n\n\n\n<p><em>Hora cero\u00a0<\/em><\/p>\n\n\n\n<p>Con relaci\u00f3n a la sucesi\u00f3n veracruzana se han difundido trabajos avalados con la firma de todo tipo de empresas especializadas en encuestas y estudios de opini\u00f3n. Una de las m\u00e1s recientes es la de Massive Caller, sobre la \u201cintenci\u00f3n al voto, gubernatura 2024\u201d, que marca una clar\u00edsima ventaja de Morena sobre la oposici\u00f3n.\u00a0<br><\/p>\n\n\n<div class=\"wp-block-image\">\n<figure class=\"alignleft size-medium\"><a href=\"https:\/\/lospoliticosveracruz.com.mx\/wp-content\/uploads\/2023\/02\/Estancia.jpg\"><img decoding=\"async\" src=\"https:\/\/lospoliticosveracruz.com.mx\/wp-content\/uploads\/2023\/02\/Estancia-190x300.jpg\" alt=\"\" class=\"wp-image-102751\"\/><\/a><\/figure><\/div>\n\n\n<p>El mencionado trabajo, que circul\u00f3 profusamente en redes sociales, destaca que si hoy fueran las elecciones, Morena alcanzar\u00eda el 51.7 por ciento de los votos, contra 23.6 de la alianza PAN-PRI-PRD. El 19 por ciento de los ciudadanos consultados expres\u00f3 indecisi\u00f3n.&nbsp;<\/p>\n\n\n\n<p>Pero ni siquiera si ese alto porcentaje de indecisos se volcara en un apoyo en masa a la coalici\u00f3n opositora, \u00e9sta resultar\u00eda competitiva.&nbsp;<\/p>\n\n\n\n<p>Massive Caller destaca que los pol\u00edticos de oposici\u00f3n m\u00e1s aceptados son Miguel \u00c1ngel Yunes, del PAN; Jos\u00e9 Francisco Yunes, de PRI; Juan Manuel Diez Francos, tambi\u00e9n del tricolor; y Julen Rementer\u00eda, del albiazul.&nbsp;<\/p>\n\n\n\n<p>En cuanto a Morena, los cuatro personajes con m\u00e1s alto nivel de apoyo son, de acuerdo con dicha encuesta, Roc\u00edo Nahle, Ricardo Ahued, Zenyazen Escobar y Manuel Huerta.&nbsp;<\/p>\n\n\n\n<p>Llama la atenci\u00f3n, por cierto, que el secretario de Educaci\u00f3n, Zenyazen Escobar, es el integrante del gabinete estatal mejor posicionado.&nbsp;<\/p>\n\n\n\n<p>Indica tambi\u00e9n que la mitad de los encuestados conoce o ha o\u00eddo hablar de los hermanos Miguel \u00c1ngel y Fernando Yunes; que 4 de cada 10 ubican a la secretaria de Energ\u00eda y que el porcentaje de identificaci\u00f3n de Julen Rementer\u00eda, Pepe Yunes, Manuel Huerta, Ricardo Ahued, Patricia Lobeira, Zenyazen Escobar y Sergio Guti\u00e9rrez se ubica entre el 24 y el 35 por ciento.&nbsp;&nbsp;<\/p>\n\n\n\n<p>Todos ellos, tomando como base el mencionado estudio, presentan un nivel competitivo, dado que en el peor de los casos les conoce uno de cada cuatro veracruzanos.&nbsp;<\/p>\n\n\n\n<p>La de Massive Caller, que no incluye los cruces de los probables candidatos, es una m\u00e1s de las encuestas que se han levantado en Veracruz en el marco de la carrera sucesoria.&nbsp;&nbsp;<\/p>\n\n\n\n<p>Al interior de Morena circula otro trabajo, no difundido en medios dado que se trata de consumo interno, que ubica a Pepe Yunes, Dante Delgado, Miguel \u00c1ngel Yunes y Julen Rementer\u00eda como los pol\u00edticos opositores m\u00e1s conocidos por los veracruzanos.&nbsp;<\/p>\n\n\n\n<p>En esa encuesta no figura el alcalde de Orizaba, quien pr\u00e1cticamente se ha descartado de la sucesi\u00f3n, por ser un personaje de mucho peso \u00fanicamente en la zona centro, pero poco conocido en otras regiones&nbsp;&nbsp;de la entidad.&nbsp;<\/p>\n\n\n\n<p>Lo que revela ese trabajo es que pr\u00e1cticamente con cualquiera de sus probables aspirantes, Morena tendr\u00eda el mismo nivel de votaci\u00f3n.&nbsp;<\/p>\n\n\n\n<p>En lo que coinciden ambos estudios de opini\u00f3n es en dos puntos: la muy elevada aceptaci\u00f3n registrada por el presidente L\u00f3pez Obrador y en general la marca Morena; y el rechazo ciudadano al PRI \u2013partido pol\u00edtico con m\u00e1s negativos en Veracruz\u2013.&nbsp; &nbsp;<\/p>\n\n\n\n<p>Para la jornada electoral de 2024 faltan 14 meses y una semana; habr\u00e1 que ver el movimiento de las preferencias electorales, y seguir los procesos de selecci\u00f3n de candidatos, aunque todo podr\u00eda reducirse a una carrera con s\u00f3lo dos protagonistas: el abanderado de Morena, sea quien sea, y el representante de la oposici\u00f3n, que seguramente ser\u00e1 Pepe Yunes o Julen Rementer\u00eda. @luisromero85<\/p>\n","protected":false},"excerpt":{"rendered":"<p>Luis Alberto Romero\u00a0 Hora cero\u00a0 Con relaci\u00f3n a la sucesi\u00f3n veracruzana se han difundido trabajos avalados con la firma de todo tipo de empresas especializadas en encuestas y estudios de opini\u00f3n. Una de las m\u00e1s recientes es la de Massive Caller, sobre la \u201cintenci\u00f3n al voto, gubernatura 2024\u201d, que marca una clar\u00edsima ventaja de Morena [&hellip;]<\/p>\n","protected":false},"author":2,"featured_media":0,"comment_status":"closed","ping_status":"closed","sticky":false,"template":"","format":"standard","meta":{"_jetpack_newsletter_access":"","_jetpack_dont_email_post_to_subs":false,"_jetpack_newsletter_tier_id":0,"_jetpack_memberships_contains_paywalled_content":false,"_jetpack_memberships_contains_paid_content":false,"footnotes":""},"categories":[70],"tags":[3732,1640,1130,2669],"class_list":["post-104263","post","type-post","status-publish","format-standard","hentry","category-de-opinion","tag-jose-francisco-yunes","tag-juan-manuel-diez-francos","tag-julen-rementeria","tag-luis-alberto-romero"],"jetpack_featured_media_url":"","jetpack_sharing_enabled":true,"jetpack_shortlink":"https:\/\/wp.me\/p4Qcd3-r7F","_links":{"self":[{"href":"https:\/\/lospoliticosveracruz.com.mx\/index.php?rest_route=\/wp\/v2\/posts\/104263","targetHints":{"allow":["GET"]}}],"collection":[{"href":"https:\/\/lospoliticosveracruz.com.mx\/index.php?rest_route=\/wp\/v2\/posts"}],"about":[{"href":"https:\/\/lospoliticosveracruz.com.mx\/index.php?rest_route=\/wp\/v2\/types\/post"}],"author":[{"embeddable":true,"href":"https:\/\/lospoliticosveracruz.com.mx\/index.php?rest_route=\/wp\/v2\/users\/2"}],"replies":[{"embeddable":true,"href":"https:\/\/lospoliticosveracruz.com.mx\/index.php?rest_route=%2Fwp%2Fv2%2Fcomments&post=104263"}],"version-history":[{"count":1,"href":"https:\/\/lospoliticosveracruz.com.mx\/index.php?rest_route=\/wp\/v2\/posts\/104263\/revisions"}],"predecessor-version":[{"id":104264,"href":"https:\/\/lospoliticosveracruz.com.mx\/index.php?rest_route=\/wp\/v2\/posts\/104263\/revisions\/104264"}],"wp:attachment":[{"href":"https:\/\/lospoliticosveracruz.com.mx\/index.php?rest_route=%2Fwp%2Fv2%2Fmedia&parent=104263"}],"wp:term":[{"taxonomy":"category","embeddable":true,"href":"https:\/\/lospoliticosveracruz.com.mx\/index.php?rest_route=%2Fwp%2Fv2%2Fcategories&post=104263"},{"taxonomy":"post_tag","embeddable":true,"href":"https:\/\/lospoliticosveracruz.com.mx\/index.php?rest_route=%2Fwp%2Fv2%2Ftags&post=104263"}],"curies":[{"name":"wp","href":"https:\/\/api.w.org\/{rel}","templated":true}]}}