{"id":104378,"date":"2023-03-31T07:26:57","date_gmt":"2023-03-31T13:26:57","guid":{"rendered":"https:\/\/lospoliticosveracruz.com.mx\/?p=104378"},"modified":"2023-03-31T07:27:04","modified_gmt":"2023-03-31T13:27:04","slug":"son-un-peligro-para-ellas-pero-todos-andan-sueltos","status":"publish","type":"post","link":"https:\/\/lospoliticosveracruz.com.mx\/?p=104378","title":{"rendered":"SON UN PELIGRO para ellas, pero todos andan sueltos"},"content":{"rendered":"\n<p><strong>Bernardo Guti\u00e9rrez Parra<\/strong><br><em>Desde el Caf\u00e9<\/em><\/p>\n\n\n\n<p>En diciembre del 2020 el delegado del Bienestar, Manuel Huerta Ladr\u00f3n de Guevara, fue denunciado por violar presuntamente a una mujer que le pidi\u00f3 empleo. En junio del 2022 la Fiscal\u00eda General del Estado determin\u00f3 que \u201cno hab\u00eda pruebas suficientes\u201d para sustentar la responsabilidad del funcionario. Y m\u00e1s que congelado, el caso se empantan\u00f3. Manuel Huerta est\u00e1 con la mira puesta en la gubernatura y la vida sigue.<\/p>\n\n\n<div class=\"wp-block-image\">\n<figure class=\"alignleft size-medium\"><a href=\"https:\/\/lospoliticosveracruz.com.mx\/wp-content\/uploads\/2021\/10\/Zacauilt.jpg\"><img decoding=\"async\" src=\"https:\/\/lospoliticosveracruz.com.mx\/wp-content\/uploads\/2021\/10\/Zacauilt-150x300.jpg\" alt=\"\" class=\"wp-image-80558\"\/><\/a><\/figure><\/div>\n\n\n<p>El 23 de enero de este a\u00f1o el presidente del colectivo \u201cResistencia Ciudadana Xalape\u00f1a\u201d Ricardo Alarc\u00f3n, denunci\u00f3 el acoso sexual que sufren trabajadoras al interior de la Secretar\u00eda de Seguridad P\u00fablica (SSP) por parte del personal administrativo. Ricardo afirm\u00f3 que hay una supuesta red de favores sexuales en la Torre Central de la SSP y que al menos 17 mujeres han sido afectadas.<\/p>\n\n\n\n<p>Al d\u00eda siguiente el titular de la SSP, Cuauht\u00e9moc Z\u00fa\u00f1iga Bonilla, rechaz\u00f3 el se\u00f1alamiento. \u201cPor supuesto que es falso, no tenemos esa informaci\u00f3n, si hay alguna denuncia siempre la hemos turnado a asuntos internos que es el \u00f3rgano al que le toca hacer la investigaci\u00f3n correspondiente\u201d.<\/p>\n\n\n\n<p>Pero el se\u00f1alamiento no era falso.<\/p>\n\n\n\n<p>Este lunes la contralora General del Estado, Mercedes Santoyo, dijo que su dependencia investiga 170 denuncias de acoso sexual contra trabajadores de diversas dependencias, entre las que destacan la Secretar\u00eda de Seguridad P\u00fablica, la de Educaci\u00f3n y la Secretar\u00eda de Finanzas. Agreg\u00f3 que como parte de ese trabajo se investiga una presunta red de favores sexuales al interior de la SSP.<\/p>\n\n\n\n<p>Fue entonces que don Cuauht\u00e9moc recul\u00f3. Tras reconocer que hay \u201calgunos casos\u201d de acoso en su dependencia dijo: \u201cNo los vamos a tolerar\u201d. Y ya.<\/p>\n\n\n\n<p>\u00bfHay detenidos por las 170 denuncias? No, s\u00f3lo dos funcionarios inhabilitados, dijo do\u00f1a Mercedes Santoyo.<\/p>\n\n\n\n<p>En el puerto de Veracruz estall\u00f3 una bomba cuando la ex novia del regidor de Morena Sebasti\u00e1n Cano Rodr\u00edguez, lo acus\u00f3 de haber abusado de ella de manera f\u00edsica, econ\u00f3mica, psicol\u00f3gica y sexual cuando eran menores de edad.<\/p>\n\n\n\n<p>Tras la acusaci\u00f3n le cayeron al moreno 15 se\u00f1alamientos en cascada por acoso y abuso sexual. Y a pesar de que ya existen denuncias penales en su contra, ni siquiera ha sido llamado a declarar.<\/p>\n\n\n\n<p>Esto molest\u00f3 a las regidoras que encabezadas por la priista Belem Palmeros Exome reventaron la sesi\u00f3n del mi\u00e9rcoles. \u201cDisc\u00falpenme compa\u00f1eros y compa\u00f1eras, pero las mujeres regidoras hemos decidido no estar presentes en la sesi\u00f3n de Cabildo del d\u00eda de hoy, no podemos estar compartiendo una mesa con un presunto violador, as\u00ed que perd\u00f3n, alcaldesa, pero las mujeres regidoras nos vamos a retirar\u201d dijo Belem.<\/p>\n\n\n\n<p>Atr\u00e1s de Belem y las regidoras, tambi\u00e9n salieron la alcaldesa Patricia Lobeira y los ediles del PAN.<\/p>\n\n\n\n<p>En la Universidad Veracruzana tambi\u00e9n se cuecen habas. El rector Mart\u00edn Aguilar S\u00e1nchez, reconoci\u00f3 que tienen registradas 77 denuncias por acoso y hostigamiento sexual principalmente en Veracruz, Xalapa y Poza Rica. \u00bfY qu\u00e9 se hace con los acosadores? Depende de la situaci\u00f3n es como se aplican las sanciones, dijo el rector y estas pueden ser exhortos o amonestaciones.<\/p>\n\n\n\n<p>Futa\u2026.<\/p>\n\n\n\n<p>Te acabas de enterar lector, de m\u00e1s de 200 casos donde se ha documentado (o se est\u00e1 documentando) el acoso, hostigamiento y abuso sexual de sujetos que aprovech\u00e1ndose de la superioridad que les da ostentar un cargo p\u00fablico o universitario, agreden impunemente a las mujeres y son un peligro real para ellas.<\/p>\n\n\n\n<p>Pero no hay ninguno que haya sido presentado ante un juez y menos que est\u00e9 en prisi\u00f3n. Para desventura y zozobra de las veracruzanas todos andan sueltos.<\/p>\n\n\n\n<p><strong>Desde hace una semana hay nuevo delegado en el PRI<\/strong><\/p>\n\n\n\n<p>El jueves de la semana anterior, tom\u00f3 protesta como nuevo delegado del PRI en Veracruz Pedro Guti\u00e9rrez Guti\u00e9rrez en la sede de ese partido. Y ah\u00ed dijo a los tricolores: \u201cVengo a sumarme al esfuerzo, al talento, a la inteligencia, a la emoci\u00f3n de todos y cada uno de ustedes. Tendremos la oportunidad de intercambiar opiniones y puntos de vista sin presiones, para mejorar el trabajo pol\u00edtico del partido y tener la perspectiva de ganar los pr\u00f3ximos comicios electorales\u201d.<\/p>\n\n\n\n<p>El delegado puntualiz\u00f3 que quien quiera ganar la presidencia de la Rep\u00fablica, tiene que pensar en ganar Veracruz, porque adem\u00e1s, no hay elecciones que se parezcan, ni triunfos ni derrotas permanentes, ni circunstancias en condiciones que sean las mismas en cada proceso; \u201cpor eso tanto en el Comit\u00e9 Nacional como seguramente en el Comit\u00e9 Estatal, estamos trabajando todos los d\u00edas para construir las estrategias para organizarnos y poder tener a los mejores proyectos pol\u00edticos para competir en el 2024\u201d.<\/p>\n\n\n\n<p>En su intervenci\u00f3n, Marlon Ram\u00edrez Mar\u00edn, l\u00edder estatal del PRI expres\u00f3: \u201cLlegas a un PRI heroico, a un estado que tiene una importancia fundamental, me parece que el gran legado de esta dirigencia y de quienes integran este comit\u00e9, sectores y organizaciones, consiste en hacerle entender a todos los que est\u00e1n all\u00e1 afuera, que no entendieron cu\u00e1l deb\u00eda ser nuestro papel, que es, que tenemos una oportunidad.\u201d<\/p>\n\n\n\n<p>Tras hacer una breve exposici\u00f3n de lo que ha pasado el PRI veracruzano en los \u00faltimos a\u00f1os, Marlon dijo al nuevo delegado: \u201cHermano esta es tu casa, que bueno que sea en tu persona con quien el CEN siga encaminando, atestiguando los trabajos que se hacen en el priismo de Veracruz. Lo que nos toque hacer, lo que me toque hacer como priista lo voy a hacer, la determinaci\u00f3n que tome el PRI respecto del proceso y de quien tenga que dirigirlo, contar\u00e1 siempre con nuestra imparcialidad y con nuestro benepl\u00e1cito\u201d.<\/p>\n\n\n\n<p>Por su parte, la secretaria general del tricolor, Arianna \u00c1ngeles Aguirre, refiri\u00f3 que hoy m\u00e1s que nunca el PRI necesita de la fortaleza, de la suma, de la unidad; \u201clos tiempos no est\u00e1n para dividir, el PRI necesita de las mujeres, de los j\u00f3venes, de los hombres, de las personas con discapacidad, de los adultos mayores, de todos; de humildad y sencillez, del reconocimiento al interior de las faltas y errores, as\u00ed como de reconocer los aciertos y virtudes del partido como es el servir a la gente\u201d.<\/p>\n\n\n\n<p>bernardogup@hotmail.com<\/p>\n","protected":false},"excerpt":{"rendered":"<p>Bernardo Guti\u00e9rrez ParraDesde el Caf\u00e9 En diciembre del 2020 el delegado del Bienestar, Manuel Huerta Ladr\u00f3n de Guevara, fue denunciado por violar presuntamente a una mujer que le pidi\u00f3 empleo. En junio del 2022 la Fiscal\u00eda General del Estado determin\u00f3 que \u201cno hab\u00eda pruebas suficientes\u201d para sustentar la responsabilidad del funcionario. Y m\u00e1s que congelado, [&hellip;]<\/p>\n","protected":false},"author":2,"featured_media":0,"comment_status":"closed","ping_status":"closed","sticky":false,"template":"","format":"standard","meta":{"_jetpack_newsletter_access":"","_jetpack_dont_email_post_to_subs":false,"_jetpack_newsletter_tier_id":0,"_jetpack_memberships_contains_paywalled_content":false,"_jetpack_memberships_contains_paid_content":false,"footnotes":""},"categories":[70],"tags":[11174,34206,17020,37798,15981,1850,2908,29146,13913,1026,37802,31753,4555,359,172,195],"class_list":["post-104378","post","type-post","status-publish","format-standard","hentry","category-de-opinion","tag-belem-palmeros-exsome","tag-bernardo-gutierrez-parra","tag-bienestar","tag-colectivo-resistencia-ciudadana-xalapena","tag-cuauhtemoc-zuniga-bonilla","tag-manuel-huerta-ladron-de-guevara","tag-marlon-ramirez-marin","tag-martin-aguilar-sanchez-2","tag-mercedes-santoyo","tag-morena","tag-ricardo-alarcon","tag-sebastian-cano-rodriguez","tag-secretaria-de-seguridad-publica","tag-ssp","tag-uv","tag-veracruz"],"jetpack_featured_media_url":"","jetpack_sharing_enabled":true,"jetpack_shortlink":"https:\/\/wp.me\/p4Qcd3-r9w","_links":{"self":[{"href":"https:\/\/lospoliticosveracruz.com.mx\/index.php?rest_route=\/wp\/v2\/posts\/104378","targetHints":{"allow":["GET"]}}],"collection":[{"href":"https:\/\/lospoliticosveracruz.com.mx\/index.php?rest_route=\/wp\/v2\/posts"}],"about":[{"href":"https:\/\/lospoliticosveracruz.com.mx\/index.php?rest_route=\/wp\/v2\/types\/post"}],"author":[{"embeddable":true,"href":"https:\/\/lospoliticosveracruz.com.mx\/index.php?rest_route=\/wp\/v2\/users\/2"}],"replies":[{"embeddable":true,"href":"https:\/\/lospoliticosveracruz.com.mx\/index.php?rest_route=%2Fwp%2Fv2%2Fcomments&post=104378"}],"version-history":[{"count":1,"href":"https:\/\/lospoliticosveracruz.com.mx\/index.php?rest_route=\/wp\/v2\/posts\/104378\/revisions"}],"predecessor-version":[{"id":104379,"href":"https:\/\/lospoliticosveracruz.com.mx\/index.php?rest_route=\/wp\/v2\/posts\/104378\/revisions\/104379"}],"wp:attachment":[{"href":"https:\/\/lospoliticosveracruz.com.mx\/index.php?rest_route=%2Fwp%2Fv2%2Fmedia&parent=104378"}],"wp:term":[{"taxonomy":"category","embeddable":true,"href":"https:\/\/lospoliticosveracruz.com.mx\/index.php?rest_route=%2Fwp%2Fv2%2Fcategories&post=104378"},{"taxonomy":"post_tag","embeddable":true,"href":"https:\/\/lospoliticosveracruz.com.mx\/index.php?rest_route=%2Fwp%2Fv2%2Ftags&post=104378"}],"curies":[{"name":"wp","href":"https:\/\/api.w.org\/{rel}","templated":true}]}}