{"id":104496,"date":"2023-04-03T19:00:51","date_gmt":"2023-04-04T00:00:51","guid":{"rendered":"https:\/\/lospoliticosveracruz.com.mx\/?p=104496"},"modified":"2023-04-03T19:01:00","modified_gmt":"2023-04-04T00:01:00","slug":"cd-mendoza-la-de-oro","status":"publish","type":"post","link":"https:\/\/lospoliticosveracruz.com.mx\/?p=104496","title":{"rendered":"CD. MENDOZA, LA DE ORO!"},"content":{"rendered":"\n<p><\/p>\n\n\n\n<p><\/p>\n\n\n\n<p>Camerino Z. Mendoza<br>La Administraci\u00f3n Municipal 2022-2025 de Camerino Z. Mendoza, que preside H\u00e9ctor Rodr\u00edguez Cort\u00e9s, ocupa el Primer Lugar de un total de 2469 municipios que conforman el territorio nacional, esto relativo al reporte del avance del \u201cCuarto Trimestre 2022\u201d, en el \u201cSistema de Recursos Federales Transferidos\u201d (SRFT), implementado por la Secretar\u00eda de Hacienda y Cr\u00e9dito P\u00fablico (SHCP).<br>Lo anterior es resultado del esfuerzo y esmero en el cumplimiento de la normatividad aplicable en los reportes trimestrales de los Recursos Federales que son transferidos; as\u00ed fue notificado mediante oficio signado por Ana Rosa Aguilar Viveros, Subsecretaria de Egresos de la Secretar\u00eda de Finanzas y Planeaci\u00f3n del Estado.<br>Lo anterior fue dado a conocer por el Presidente Municipal, H\u00e9ctor Rodr\u00edguez Cort\u00e9s, el cual mencion\u00f3 \u201cme es grato compartirles la felicitaci\u00f3n que recibimos por parte de la Subsecretar\u00eda de Egresos de la Sefiplan, ya que la administraci\u00f3n que me honro en presidir, ocupa el primer lugar a nivel nacional en el \u00cdndice de Calidad de la Informaci\u00f3n (ICI), en cuanto al reporte del avance de los Recursos Federales que son transferidos, en el Sistema de Recursos Federales Transferidos, implementado por la Secretar\u00eda de Hacienda y Cr\u00e9dito P\u00fablico, todo esto lo hacemos siguiendo las pol\u00edticas p\u00fablicas de nuestro Se\u00f1or Presidente de la Rep\u00fablica, Andr\u00e9s Manuel L\u00f3pez Obrador y de nuestro Gobernador Cuitl\u00e1huac Garc\u00eda Jim\u00e9nez, en cuanto a la transparencia y rendici\u00f3n de cuentas de los recursos p\u00fablicos, lo cual seguiremos haciendo para no defraudar la confianza que la ciudadan\u00eda deposito en un servidor, con acciones como estas seguimos transformando a Camerino Z. Mendoza\u201d.<br>Por \u00faltimo, el mun\u00edcipe hizo hincapi\u00e9 en que su administraci\u00f3n seguir\u00e1 manej\u00e1ndose con total transparencia, apegada siempre a la ley, por lo que agradeci\u00f3 a la ciudadan\u00eda la confianza que le han brindado a su administraci\u00f3n.<\/p>\n","protected":false},"excerpt":{"rendered":"<p>Camerino Z. MendozaLa Administraci\u00f3n Municipal 2022-2025 de Camerino Z. Mendoza, que preside H\u00e9ctor Rodr\u00edguez Cort\u00e9s, ocupa el Primer Lugar de un total de 2469 municipios que conforman el territorio nacional, esto relativo al reporte del avance del \u201cCuarto Trimestre 2022\u201d, en el \u201cSistema de Recursos Federales Transferidos\u201d (SRFT), implementado por la Secretar\u00eda de Hacienda y [&hellip;]<\/p>\n","protected":false},"author":2,"featured_media":0,"comment_status":"closed","ping_status":"closed","sticky":false,"template":"","format":"standard","meta":{"_jetpack_newsletter_access":"","_jetpack_dont_email_post_to_subs":false,"_jetpack_newsletter_tier_id":0,"_jetpack_memberships_contains_paywalled_content":false,"_jetpack_memberships_contains_paid_content":false,"footnotes":""},"categories":[72],"tags":[13790,37832,6605],"class_list":["post-104496","post","type-post","status-publish","format-standard","hentry","category-palomazos","tag-camerino-z-mendoza","tag-ide-hector-rodriguez-cortes","tag-secretaria-de-hacienda-y-credito-publico"],"jetpack_featured_media_url":"","jetpack_sharing_enabled":true,"jetpack_shortlink":"https:\/\/wp.me\/p4Qcd3-rbq","_links":{"self":[{"href":"https:\/\/lospoliticosveracruz.com.mx\/index.php?rest_route=\/wp\/v2\/posts\/104496","targetHints":{"allow":["GET"]}}],"collection":[{"href":"https:\/\/lospoliticosveracruz.com.mx\/index.php?rest_route=\/wp\/v2\/posts"}],"about":[{"href":"https:\/\/lospoliticosveracruz.com.mx\/index.php?rest_route=\/wp\/v2\/types\/post"}],"author":[{"embeddable":true,"href":"https:\/\/lospoliticosveracruz.com.mx\/index.php?rest_route=\/wp\/v2\/users\/2"}],"replies":[{"embeddable":true,"href":"https:\/\/lospoliticosveracruz.com.mx\/index.php?rest_route=%2Fwp%2Fv2%2Fcomments&post=104496"}],"version-history":[{"count":1,"href":"https:\/\/lospoliticosveracruz.com.mx\/index.php?rest_route=\/wp\/v2\/posts\/104496\/revisions"}],"predecessor-version":[{"id":104498,"href":"https:\/\/lospoliticosveracruz.com.mx\/index.php?rest_route=\/wp\/v2\/posts\/104496\/revisions\/104498"}],"wp:attachment":[{"href":"https:\/\/lospoliticosveracruz.com.mx\/index.php?rest_route=%2Fwp%2Fv2%2Fmedia&parent=104496"}],"wp:term":[{"taxonomy":"category","embeddable":true,"href":"https:\/\/lospoliticosveracruz.com.mx\/index.php?rest_route=%2Fwp%2Fv2%2Fcategories&post=104496"},{"taxonomy":"post_tag","embeddable":true,"href":"https:\/\/lospoliticosveracruz.com.mx\/index.php?rest_route=%2Fwp%2Fv2%2Ftags&post=104496"}],"curies":[{"name":"wp","href":"https:\/\/api.w.org\/{rel}","templated":true}]}}