{"id":104512,"date":"2023-04-04T08:28:19","date_gmt":"2023-04-04T13:28:19","guid":{"rendered":"https:\/\/lospoliticosveracruz.com.mx\/?p=104512"},"modified":"2023-04-04T08:28:27","modified_gmt":"2023-04-04T13:28:27","slug":"la-grilla-a-cuitlahuac","status":"publish","type":"post","link":"https:\/\/lospoliticosveracruz.com.mx\/?p=104512","title":{"rendered":"LA \u00abGRILLA\u00bb A CUITL\u00c1HUAC"},"content":{"rendered":"\n<p><\/p>\n\n\n\n<p><br><strong>Ricardo Chua<\/strong><br><em>Sale y Vale<\/em><\/p>\n\n\n\n<p>El pasado fin de semana vino en Veracruz, Alfonso Ram\u00edrez Cuellar, que ha sido 3 veces diputado federal, ex dirigente nacional de MORENA en 2020, antrop\u00f3logo e historiador, zacatecano como Roc\u00edo Nahle, militante de la izquierda (PMS-PRD y MORENA).. Pero fue m\u00e1s conocido por ser el l\u00edder nacional del \u00abBarz\u00f3n\u00bb (Movimiento Social para la Defensa de Deudores de la Banca) ahora es el ide\u00f3logo m\u00e1s cercano a Claudia Sheinbaum\u2026 Y vino a Veracruz a escuchar referencias de Cuitl\u00e1huac Garc\u00eda.. No se fue contento\u2026<\/p>\n\n\n\n<figure class=\"wp-block-image size-full\"><a href=\"https:\/\/lospoliticosveracruz.com.mx\/wp-content\/uploads\/2022\/05\/Seguro-Julio-Cerecedo.jpg\"><img decoding=\"async\" src=\"https:\/\/lospoliticosveracruz.com.mx\/wp-content\/uploads\/2022\/05\/Seguro-Julio-Cerecedo.jpg\" alt=\"\" class=\"wp-image-90414\"\/><\/a><\/figure>\n\n\n\n<p>Ram\u00edrez Cuellar tiene la TAREA fundamental de ser como una especie de \u00abavanzada\u00bb de Claudia Sheinbaum en los estados del pa\u00eds\u2026 Para que antes de que llegue la Jefa de Gobierno de CDMX en sus recorridos en busca de la candidatura Presidencial de MORENA al 2024.. El ex diputado federal le pase un REPORTE COMPLETO de como se encuentra pol\u00edticamente el Estado en cuesti\u00f3n, como van sus gobernadores o principales alcaldes m\u00e1s si son \u00abMorenos\u00bb.. Claudia le tiene confianza a Ram\u00edrez Cuellar y este le dice todo\u2026 PERO TODO\u2026<\/p>\n\n\n\n<p>De esa manera, el zacatecano le \u00abcuida la espalda\u00bb a la Jefa de Gobierno de CDMX para que vaya a cometer un \u00aberror pol\u00edtico\u00bb o se siente con personas impresentables, que en vez de sumarle, le restan pol\u00edticamente.. Esa es la \u00abtarea\u00bb de Ram\u00edrez Cuellar\u2026 De cuidar a Claudia hasta de sus propios aliados.. Por eso, las referencias que se llev\u00f3 de Veracruz, en su pasada visita, no fueron nada buenas y no le suman puntos a Cuitl\u00e1huac Garc\u00eda con su \u00abJefa\u00bb de Gobierno\u2026 La molestia fue evidente el pasado viernes y el s\u00e1bado en sus reuniones\u2026<\/p>\n\n\n\n<p>Seg\u00fan nos cuenta \u00abGarganta Profunda\u00bb que Alfonso Ram\u00edrez Cuellar sostuvo 15 reuniones con diversos sectores de la sociedad en Veracruz\u2026 Algunos de estos sectores \u00abentregados\u00bb a MORENA\u2026 Algunos eran sus militantes y otros sus simpatizantes.. Pero la SORPRESA para el ex barzonista fue que en NINGUNA DE LAS 15 REUNIONES sostenidas\u2026 En ninguna escuch\u00f3 EXPRESIONES AMABLES O DE CIVILIDAD pol\u00edtica para el gobernador, Cuitl\u00e1huac Garc\u00eda\u2026. NADIE HABL\u00d3 BIEN DE \u00c9L.. TODOS SE QUEJARON\u2026<\/p>\n\n\n\n<p>Lo acusaron y lo se\u00f1alaron de todo frente a Ram\u00edrez Cuellar\u2026 Y \u00abGarganta Profunda\u00bb se\u00f1ala que el ex diputado federal s\u00f3lo miraba sorprendido de todo el DESCONTROL pol\u00edtico que ten\u00eda el gobernador de Veracruz en su partido, con sus aliados y simpatizantes\u2026 Menciona que abrumado con tanta \u00abgrilla\u00bb sobre el gobernador y sus operadores del gabinete estatal.. Que lleg\u00f3 el momento que se par\u00f3 y exclam\u00f3 en voz alta: \u00abBueno que carajos pasa aqu\u00ed, acaso no hay gobierno, pues, qu\u00e9 hace el gobernador\u00bb\u2026 SILENCIO TOTAL..<\/p>\n\n\n\n<p>Cuenta \u00abGarganta Profunda\u00bb que estaba sin creer lo que estaba oyendo\u2026 Y que preguntaba:\u00bbD\u00f3nde est\u00e1n los operadores a los que se les paga.. D\u00f3nde est\u00e1n los que tiene el gobierno.. D\u00f3nde est\u00e1 la publicidad de Claudia, que no se ve en ning\u00fan lado.. Qu\u00e9 no se ve\u00eda la 4T en Veracruz\u2026 Que eran m\u00e1s los espectaculares en contra del gobernador hasta ret\u00e1ndolos a debates, que uno que hablara de sus obras\u2026P\u00f6r qu\u00e9 todo mundo me habla mal del gobernador.. Por qu\u00e9 nadie me habla bien de \u00e9l.. Qu\u00e9 no ha ayudado ni a los suyos\u00bb..<\/p>\n\n\n\n<p>Se dice que adem\u00e1s el s\u00e1bado en las otras reuniones que tuvo y encuentros con amigos ex barzonistas que lo conocen en Veracruz.. Tambi\u00e9n escuch\u00f3 lo mismo\u2026 Y peor a\u00fan, que el gobernador se ha vuelto m\u00e1s que \u00abcerrado\u00bb y que s\u00f3lo convive con los suyos\u2026 Le se\u00f1alaron que a pesar de que muchos de esos grupos que se reunieron con \u00e9l, est\u00e1n apoyando con todo a Claudia Sheinbaum y que esta los ha recibido en CDMX.. Aqu\u00ed Cuitl\u00e1huac, el \u00abgobernador m\u00e1s claudista de los morenistas\u00bb\u2026 Ni se ha dignado a recibirlos en Xalapa\u2026 NADA DE NADA<\/p>\n\n\n\n<p>Comenta \u00abGarganta Profunda\u00bb que luego de esos dos d\u00edas de \u00abgira\u00bb en Veracruz, Alfonso Ram\u00edrez Cuellar s\u00f3lo atin\u00f3 a decir: \u00abQue mal, muy mal, as\u00ed como van ayudar a la Jefa de Gobierno a ganar la encuesta, as\u00ed como ellos piensan ganar la candidatura a gobernador para su equipo, peor a\u00fan como piensan ganar la gubernatura\u2026 De seguir as\u00ed Ricardo Ahued, del cual tengo muy buenas referencias o Sergio Guti\u00e9rrez, que anda -pegado- a Ad\u00e1n Augusto, se van a terminar quedando con Veracruz\u00bb\u2026<\/p>\n\n\n\n<p>Para rematar, uno de los invitados a la reuni\u00f3n se acerc\u00f3 al ex legislador y le dijo: \u00abAs\u00ed con todo esto, ser\u00e1 que la Jefa de Gobierno vendr\u00e1 a Veracruz a una reuni\u00f3n p\u00fablica con el gobernador\u00bb\u2026 Dicen que el silencio de Ram\u00edrez Cuellar lo dijo todo y s\u00f3lo se limit\u00f3 a responder: \u00abQuiz\u00e1s\u00bb.. D\u00edas antes, el ex barzonista estuvo en Morelos y Claudia Sheimbaun tuvo d\u00edas despu\u00e9s un \u00abmega\u00bb evento con Cuauht\u00e9moc Blanco\u2026 \u00abEn Morelos si me hablaron bien del Cuau\u00bb\u2026 EL QUE ENTENDI\u00d3, ENTENDI\u00d3\u2026 CONSUMATUM EST..<\/p>\n\n\n\n<p>EL PODER DE JAVIER HERRERA\u2026 Bast\u00f3 una llamada del secretario de Organizaci\u00f3n del CEN del PVEM, Javier Herrera Borunda a Veracruz\u2026 Para que cesaran todos los ataques a los que fue expuesta este fin de semana, la actual presidente estatal de este partido, Eleaney Sesma, a la cual, ya la estaban \u00abrenunciando\u00bb por presuntos malos manejos administrativos en el comit\u00e9 estatal.. Cuando se aclar\u00f3 que de todo lo se\u00f1alado, no ha sido mientras Eleaney era la dirigente del partido\u2026 Eran otros\u2026<\/p>\n\n\n\n<p>As\u00ed que \u00abEse muerto no lo cargo yo\u2026 Que lo cargue el que lo mat\u00f3\u00bb.. Tendr\u00e1 que ser Marcelo Ruiz, el ex dirigente estatal del PVEM en Veracruz, el que tendr\u00e1 que dar las explicaciones al respecto.. Tanto a Javier Herrera como al propio Manuel Velasco Coello\u2026 Se dice que Alberto \u00abEl Cisne\u00bb Silva ha sido citado con urgencia a la CDMX a la sede nacional del partido.. Se especulan dos cosas: Qu\u00e9 ser\u00e1 el que se encargue de investigar qu\u00e9 pas\u00f3 o que les d\u00e9 a conocer lo que se dice de los pasos de Marcelo Ruiz en la dirigencia de los \u00abVerdes\u00bb\u2026 CA\u00d1\u00d3N..<\/p>\n\n\n\n<p>Pero por lo pronto, Eleaney Sesma cuenta con el respaldo de Javier Herrera Borunda, el personaje designado por el comit\u00e9 nacional de este partido, para hacerse cargo de todo lo relativo que pase con este organismo pol\u00edtico en Veracruz\u2026As\u00ed que Eleaney se queda en el CDE del PVEM, porque la \u00abgrilla\u00bb que la intentaron \u00abembarrar\u00bb no funcion\u00f3.. Y el CEN ya tienen informaci\u00f3n de quienes operaron este tema contra Eleaney.. Y sobre todo de d\u00f3nde vino la orden de ejecutarla.. En pol\u00edtica, los amigos son de mentiras y los enemigos de verdad.. QUE OGTS\u2026<\/p>\n","protected":false},"excerpt":{"rendered":"<p>Ricardo ChuaSale y Vale El pasado fin de semana vino en Veracruz, Alfonso Ram\u00edrez Cuellar, que ha sido 3 veces diputado federal, ex dirigente nacional de MORENA en 2020, antrop\u00f3logo e historiador, zacatecano como Roc\u00edo Nahle, militante de la izquierda (PMS-PRD y MORENA).. Pero fue m\u00e1s conocido por ser el l\u00edder nacional del \u00abBarz\u00f3n\u00bb (Movimiento [&hellip;]<\/p>\n","protected":false},"author":2,"featured_media":0,"comment_status":"closed","ping_status":"closed","sticky":false,"template":"","format":"standard","meta":{"_jetpack_newsletter_access":"","_jetpack_dont_email_post_to_subs":false,"_jetpack_newsletter_tier_id":0,"_jetpack_memberships_contains_paywalled_content":false,"_jetpack_memberships_contains_paid_content":false,"footnotes":""},"categories":[70],"tags":[1563,2842,1124,1026,13604,3578,195],"class_list":["post-104512","post","type-post","status-publish","format-standard","hentry","category-de-opinion","tag-cuitlahuac-garcia-jimenez","tag-eleaney-sesma","tag-javier-herrera-borunda","tag-morena","tag-ricardo-chua","tag-rocio-nahle","tag-veracruz"],"jetpack_featured_media_url":"","jetpack_sharing_enabled":true,"jetpack_shortlink":"https:\/\/wp.me\/p4Qcd3-rbG","_links":{"self":[{"href":"https:\/\/lospoliticosveracruz.com.mx\/index.php?rest_route=\/wp\/v2\/posts\/104512","targetHints":{"allow":["GET"]}}],"collection":[{"href":"https:\/\/lospoliticosveracruz.com.mx\/index.php?rest_route=\/wp\/v2\/posts"}],"about":[{"href":"https:\/\/lospoliticosveracruz.com.mx\/index.php?rest_route=\/wp\/v2\/types\/post"}],"author":[{"embeddable":true,"href":"https:\/\/lospoliticosveracruz.com.mx\/index.php?rest_route=\/wp\/v2\/users\/2"}],"replies":[{"embeddable":true,"href":"https:\/\/lospoliticosveracruz.com.mx\/index.php?rest_route=%2Fwp%2Fv2%2Fcomments&post=104512"}],"version-history":[{"count":1,"href":"https:\/\/lospoliticosveracruz.com.mx\/index.php?rest_route=\/wp\/v2\/posts\/104512\/revisions"}],"predecessor-version":[{"id":104514,"href":"https:\/\/lospoliticosveracruz.com.mx\/index.php?rest_route=\/wp\/v2\/posts\/104512\/revisions\/104514"}],"wp:attachment":[{"href":"https:\/\/lospoliticosveracruz.com.mx\/index.php?rest_route=%2Fwp%2Fv2%2Fmedia&parent=104512"}],"wp:term":[{"taxonomy":"category","embeddable":true,"href":"https:\/\/lospoliticosveracruz.com.mx\/index.php?rest_route=%2Fwp%2Fv2%2Fcategories&post=104512"},{"taxonomy":"post_tag","embeddable":true,"href":"https:\/\/lospoliticosveracruz.com.mx\/index.php?rest_route=%2Fwp%2Fv2%2Ftags&post=104512"}],"curies":[{"name":"wp","href":"https:\/\/api.w.org\/{rel}","templated":true}]}}