{"id":104620,"date":"2023-04-08T09:54:02","date_gmt":"2023-04-08T14:54:02","guid":{"rendered":"https:\/\/lospoliticosveracruz.com.mx\/?p=104620"},"modified":"2023-04-08T09:54:11","modified_gmt":"2023-04-08T14:54:11","slug":"cuau-y-rutilio-arriba-de-cuic","status":"publish","type":"post","link":"https:\/\/lospoliticosveracruz.com.mx\/?p=104620","title":{"rendered":"CUAU Y RUTILIO, ARRIBA DE CUIC"},"content":{"rendered":"\n<p><strong>Ricardo Chua<\/strong><\/p>\n\n\n\n<p><em>Sale y Vale<\/em><\/p>\n\n\n\n<p>Nos cuenta \u201cGarganta Profunda\u201d que entre Rutilio Escand\u00f3n, gobernador de Chiapas, y Cuauht\u00e9moc Blanco, gobernador de Morelos, se encuentra el nombre del \u00fanico mandatario estatal de MORENA que podr\u00e1 entrar al Senado v\u00eda plurinominal\u2026 La lista de \u201celegidos\u201d no es larga porque no tendr\u00e1n en 2024 tantas posiciones como en 2018.. De confirmarse el dato.. Estar\u00edan dejando fuera toda posibilidad que el mandatario veracruzano, Cuitl\u00e1huac Garc\u00eda pueda formar parte de esa lista nacional..\u00a0<\/p>\n\n\n\n<figure class=\"wp-block-image size-full\"><a href=\"https:\/\/lospoliticosveracruz.com.mx\/wp-content\/uploads\/2022\/05\/Seguro-Julio-Cerecedo.jpg\"><img decoding=\"async\" src=\"https:\/\/lospoliticosveracruz.com.mx\/wp-content\/uploads\/2022\/05\/Seguro-Julio-Cerecedo.jpg\" alt=\"\" class=\"wp-image-90414\"\/><\/a><\/figure>\n\n\n\n<p>Lo comentado por \u201cGarganta Profunda\u201d es un dato que mencionamos en este espacio.. Las afrentas dejan fuera a Cuitl\u00e1huac de la posibilidad de participaci\u00f3n pol\u00edtica, si depende del comit\u00e9 nacional de MORENA manejado por Mario Delgado.. Este personaje tiene fuerza en Palacio Nacional.. Y el xalape\u00f1o es del equipo \u201cradical\u201d que&nbsp;&nbsp;est\u00e1n enfrentado con todos y si no es por el respaldo de Andr\u00e9s Manuel L\u00f3pez Obrador.. Desde hace tiempo, sus adversarios lo hubieran hecho a un lado del gobierno de Veracruz.. Es pol\u00edtica, no juego de matatena<\/p>\n\n\n\n<p>LA ESPERANZA DE ZENYAZEN&#8230; En Veracruz, se sabe dentro de MORENA, que las \u00abcorcholatas\u00bb estatales para lograr la candidatura a gobernador en 2024&#8230; Est\u00e1n teniendo que hacer el \u00faltimo \u00abestir\u00f3n\u00bb para ser tomado en cuenta.. Por eso, el titular de la SEV, Zenyazen Escobar Garc\u00eda, est\u00e1 haciendo todo el trabajo posible en escuelas, foros, eventos, simposium, actos de gobierno para lograr crecer pol\u00edticamente y poder tener la oportunidad de que Andr\u00e9s Manuel L\u00f3pez Obrador pueda emitir una decisi\u00f3n a favor de \u00e9l&#8230;&nbsp;<\/p>\n\n\n\n<p>Por eso, anda participando en Papantla en el foro \u201cEducando para el d\u00eda a d\u00eda\u201d&#8230; Esto forma parte de las actividades enfocadas a la atenci\u00f3n integral de estudiantes, y emocional de madres y padres de familia&#8230; Sobre todo en este segundo foro, con ello Zenyazen Escobar dio a conocer las bases de la ruta de actividades, que son enfocadas para la atenci\u00f3n integral de la poblaci\u00f3n estudiantil, as\u00ed como emocional de madres y padres de familia&#8230; Es parte de su proyecto&#8230; Aprendi\u00f3 a ser pol\u00edtico, no s\u00f3lo disidente de izquierda..&nbsp;<\/p>\n\n\n\n<p>Todo se debe a que la Secretar\u00eda de Educaci\u00f3n de Veracruz (SEV) est\u00e1 emprendiendo una serie de actividades enfocadas a las y los estudiantes, como el foro \u201cEducando para el d\u00eda a d\u00eda\u201d, la estrategia \u00abNo te la juegues con las drogas\u00bb y el Programa Estatal de Oferta Educativa (PEOE) como una forma de dar herramientas a las y los estudiantes para que aprendan a manejar sus emociones, y acercarles la oferta educativa para que sigan sus estudios de nivel superior, as\u00ed como el taller Escuela para Padres&#8230; Los padres son personas con credencial de elector..&nbsp;<\/p>\n\n\n\n<p>Pero as\u00ed como hace eventos educativos&#8230; Tambi\u00e9n est\u00e1 con los temas de la liberaci\u00f3n de 138 millones de pesos del gobierno federal, que servir\u00e1n para la continuidad de los trabajos de rehabilitaci\u00f3n de escuelas da\u00f1adas por el hurac\u00e1n \u00abGrace\u00bb&#8230; Adem\u00e1s de que busca la regularizaci\u00f3n de 13 mil horas en secundaria t\u00e9cnica y general para que los maestros se encuentren en las aulas.. Y no haya ni\u00f1os sin clases por falta de maestros&#8230; Si esto no es \u00abgrilla\u00bb pol\u00edtica, entonces, qu\u00e9 es&#8230; Ah\u00ed va Zenyazen&#8230; Caminando al 2024.. AMEN,,&nbsp;<\/p>\n\n\n\n<p>ISLE\u00d1O VS MA-LE\u00d1O&#8230; Se \u00abdesataron los demonios\u00bb en el municipio de Medell\u00edn de Bravo&#8230; Ya que el alcalde de este sitio, Marcos Isle\u00f1o Andrade decidi\u00f3 tomar el \u00abtoro por los cuernos\u00bb y se enfrent\u00f3 al diputado local de su distrito por el partido MORENA, Maleno Rosales, para desmentir las afirmaciones, que \u00e9l como legislador hab\u00eda conseguido obras para el municipio cuando este un dato falso y el legislador cay\u00f3 hasta en contradicciones y eso fue aprovechado por el alcalde..<\/p>\n\n\n\n<p>Se sabe que desde hace a\u00f1os hay rivalidad en Medell\u00edn de Bravo entre el alcalde y el diputado local.. S\u00f3lo que esta vez, el legislador se pas\u00f3 de \u00abtueste\u00bb, al declarar obras que no gestion\u00f3 o no hizo, como suyas y eso que hizo enojar al mun\u00edcipe, quien sali\u00f3 a los medios de comunicaci\u00f3n a desmentir tal tema&#8230; Ya que esta obra se hizo por la gesti\u00f3n de Isle\u00f1o y no de Maleno&#8230; Adem\u00e1s de que todas las obras en Medell\u00edn llevan como presupuesto el del gobierno del Estado que el gobernador, Cuitl\u00e1huac Garc\u00eda, est\u00e1 apoyando..&nbsp;<\/p>\n\n\n\n<p>Lo que quiz\u00e1s haya molestado a Isle\u00f1o es que Ma-Le\u00f1o pudo haber hecho esta situaci\u00f3n de mala fe y sin saber.. Se las quiso adjudicar&#8230;. Pero ya todos los interesados est\u00e1n informados al respecto&#8230; Sobre todo porque el diputado hizo esa publicaci\u00f3n en sus redes sociales y ah\u00ed fue que Isle\u00f1o Andrade decidi\u00f3 salir a defender la parte donde le toc\u00f3 estar, que es todo el caso contrario al que presenta Ma-Le\u00f1o&#8230; En pocas palabras&#8230;. Los diputados de MORENA s\u00f3lo quieren adjucarse la obra&#8230; AMEN&#8230;<\/p>\n","protected":false},"excerpt":{"rendered":"<p>Ricardo Chua Sale y Vale Nos cuenta \u201cGarganta Profunda\u201d que entre Rutilio Escand\u00f3n, gobernador de Chiapas, y Cuauht\u00e9moc Blanco, gobernador de Morelos, se encuentra el nombre del \u00fanico mandatario estatal de MORENA que podr\u00e1 entrar al Senado v\u00eda plurinominal\u2026 La lista de \u201celegidos\u201d no es larga porque no tendr\u00e1n en 2024 tantas posiciones como en [&hellip;]<\/p>\n","protected":false},"author":2,"featured_media":0,"comment_status":"closed","ping_status":"closed","sticky":false,"template":"","format":"standard","meta":{"_jetpack_newsletter_access":"","_jetpack_dont_email_post_to_subs":false,"_jetpack_newsletter_tier_id":0,"_jetpack_memberships_contains_paywalled_content":false,"_jetpack_memberships_contains_paid_content":false,"footnotes":""},"categories":[70],"tags":[618,1512,1563,18727,12596,1026,23495,195,12372],"class_list":["post-104620","post","type-post","status-publish","format-standard","hentry","category-de-opinion","tag-andres-manuel-lopez-obrador","tag-cuauhtemoc-blanco","tag-cuitlahuac-garcia-jimenez","tag-marcos-isleno-andrade","tag-mario-delgado","tag-morena","tag-rutilio-escandon","tag-veracruz","tag-zenyazen-escobar-garcia"],"jetpack_featured_media_url":"","jetpack_sharing_enabled":true,"jetpack_shortlink":"https:\/\/wp.me\/p4Qcd3-rdq","_links":{"self":[{"href":"https:\/\/lospoliticosveracruz.com.mx\/index.php?rest_route=\/wp\/v2\/posts\/104620","targetHints":{"allow":["GET"]}}],"collection":[{"href":"https:\/\/lospoliticosveracruz.com.mx\/index.php?rest_route=\/wp\/v2\/posts"}],"about":[{"href":"https:\/\/lospoliticosveracruz.com.mx\/index.php?rest_route=\/wp\/v2\/types\/post"}],"author":[{"embeddable":true,"href":"https:\/\/lospoliticosveracruz.com.mx\/index.php?rest_route=\/wp\/v2\/users\/2"}],"replies":[{"embeddable":true,"href":"https:\/\/lospoliticosveracruz.com.mx\/index.php?rest_route=%2Fwp%2Fv2%2Fcomments&post=104620"}],"version-history":[{"count":1,"href":"https:\/\/lospoliticosveracruz.com.mx\/index.php?rest_route=\/wp\/v2\/posts\/104620\/revisions"}],"predecessor-version":[{"id":104622,"href":"https:\/\/lospoliticosveracruz.com.mx\/index.php?rest_route=\/wp\/v2\/posts\/104620\/revisions\/104622"}],"wp:attachment":[{"href":"https:\/\/lospoliticosveracruz.com.mx\/index.php?rest_route=%2Fwp%2Fv2%2Fmedia&parent=104620"}],"wp:term":[{"taxonomy":"category","embeddable":true,"href":"https:\/\/lospoliticosveracruz.com.mx\/index.php?rest_route=%2Fwp%2Fv2%2Fcategories&post=104620"},{"taxonomy":"post_tag","embeddable":true,"href":"https:\/\/lospoliticosveracruz.com.mx\/index.php?rest_route=%2Fwp%2Fv2%2Ftags&post=104620"}],"curies":[{"name":"wp","href":"https:\/\/api.w.org\/{rel}","templated":true}]}}