{"id":104635,"date":"2023-04-09T11:39:30","date_gmt":"2023-04-09T16:39:30","guid":{"rendered":"https:\/\/lospoliticosveracruz.com.mx\/?p=104635"},"modified":"2023-04-09T11:39:36","modified_gmt":"2023-04-09T16:39:36","slug":"veracruz-al-rojo-vivo","status":"publish","type":"post","link":"https:\/\/lospoliticosveracruz.com.mx\/?p=104635","title":{"rendered":"VERACRUZ, AL ROJO VIVO"},"content":{"rendered":"\n<p><strong>Ricardo Chua<\/strong><\/p>\n\n\n\n<p><em>Sale y Vale<\/em><\/p>\n\n\n\n<p>Bien dec\u00eda el famoso experto en temas de violencia, el colombiano, Eduardo Buscaglia, que un gobierno o autoridad empieza actuar contra los grupos fuera de la ley\u2026 Cuando estos personajes empiezan a violentar, lesionar o asesinar a los miembros de la clase pol\u00edtica de un pa\u00eds o un Estado. . Y en Veracruz estos casos (cr\u00edmenes pol\u00edticos) se est\u00e1n volviendo una pr\u00e1ctica com\u00fan.. Sea el motivo o causa que fuere a los pol\u00edticos los est\u00e1n matando..<\/p>\n\n\n\n<p>Adem\u00e1s estos hechos le dan al \u00abtraste\u00bb a la imagen del gobierno de Cuitl\u00e1huac Garc\u00eda por todo lo que est\u00e1 pasando\u2026 Y que cada vez la descomposici\u00f3n de la inseguridad ya alcanz\u00f3 hasta la misma clase pol\u00edtica a la que pertenece.. Cuando por m\u00e1s que su administraci\u00f3n ha querido decir que las cifras le favorecen porque los \u00edndices de violencia han bajado\u2026 Los cr\u00edmenes no bajan y quedan al descubierto la manipulaci\u00f3n de las cifras oficiales sobre la violencia en la entidad.. Ah\u00ed est\u00e1 la muestra\u2026<\/p>\n\n\n\n<p>Ya que por cuestiones pol\u00edticas y de la buena imagen del gobierno estatal de MORENA lo hacen para quedar bien ante la opini\u00f3n p\u00fablica\u2026 Pero la realidad de la percepci\u00f3n p\u00fablica est\u00e1 superando a lo que el gobierno del Estado quiere \u00abvender\u00bb a la ciudadan\u00eda y esta ya no cree en esos \u00abcuentos\u00bb y deja mal parada a la administraci\u00f3n de Cuitl\u00e1huac.. M\u00e1s cuando se dan cuenta que altos funcionarios p\u00fablicos y pol\u00edticos empiezan a reforzar su seguridad porque no se sienten seguros en ning\u00fan lado\u2026 Dudan de cualquiera o hasta de los suyos\u2026<\/p>\n\n\n\n<p>OJO esto tambi\u00e9n rebas\u00f3 a cualquier tema pol\u00edtico\u2026 Ya que este tipo de violencia es un asunto que a funcionarios cercanos a la 4T o MORENA los amenaza a pesar de ser gente cercana al gobernador, Cuitl\u00e1huac Garc\u00eda y que esa cercan\u00eda no les garantiza que salvaguarden su integridad f\u00edsica.. Eso le repercute a todos ellos que son funcionarios p\u00fablicos y sobre todo pol\u00edticamente la ciudadan\u00eda ve con temor, que si eso le pasa a ellos, entonces, a un ciudadano com\u00fan que no le puede pasar..<\/p>\n\n\n\n<p>Todo este caso suma en contra del gobierno de Cuitl\u00e1huac.. Ya que eso deja mal parada la imagen del gobernador y todav\u00eda lo pondr\u00e1 en un sitio peor en las futuras encuestas que se apliquen en Veracruz.. Para saber el nivel de aprobaci\u00f3n del mandatario estatal y de su funcionamiento como servidor p\u00fablico\u2026 Y si los n\u00fameros de por s\u00ed, no son nada halagadores, entonces, que se puede esperar despu\u00e9s de estos hechos funestos y sangrientos\u2026 Sin Estado de Derecho todo esto es un escenario real contra la 4T en Veracruz.. AMEN..<\/p>\n\n\n\n<p>EL CARNAVAL DE MEMO\u2026 Vaya noticia que se present\u00f3 tambi\u00e9n en Medell\u00edn de Bravo\u2026 Donde la Fundaci\u00f3n \u00abMEMO A.C.\u00bb apoyar\u00e1 a Comparsas de esta ciudad, que participaran en las diferentes fiestas del Rey Momo en las localidades de este municipio.. Ya que en esta temporada de carnavales, no se puede quedar atr\u00e1s, por eso el empresario veracruzano Guillermo Herrada Jim\u00e9nez, quien a trav\u00e9s de sus redes sociales anunci\u00f3 el Gran Concurso de Comparsas y Bastoneras\u2026.<\/p>\n\n\n\n<p>Mismo que por el cual.. Se han recibido muchas llamadas y mensajes solicitando apoyos para vestuarios de comparsas que participan en los carnavales de las localidades de Medell\u00edn de Bravo, por ello se decidi\u00f3 hacer un concurso a manera de poder apoyar a todos.. El evento se llevar\u00e1 a cabo el domingo 14 de mayo, donde un jurado especializado calificar\u00e1 la vestimenta, m\u00fasica, coreograf\u00edas, originalidad y coordinaci\u00f3n de los grupos participantes\u2026<\/p>\n\n\n\n<p>Entre los premios se destaca que el primer lugar ser\u00e1 acreedor a 20 mil pesos\u2026 El segundo lugar a 10 mil pesos y el tercer lugar a 5 mil pesos\u2026 De igual forma, se premiar\u00e1 a la mejor porra, habiendo regalos y sorpresas para todos los participantes y asistentes, en lo que se tiene planeado sea una gran convivencia familiar\u2026. Las comparsas participantes, as\u00ed como sus integrantes, deben de ser oriundos del municipio de Medell\u00edn de Bravo\u2026.Todo el mundo a bailar\u2026 BIEN<\/p>\n\n\n\n<p>\u00abEL DESTAPE\u00bb DEL \u00abCISNE\u00bb\u2026 Dec\u00eda el pol\u00edtico tuxpe\u00f1o m\u00e1s famoso de M\u00e9xico, Jes\u00fas Reyes Heroles: \u00abQue en pol\u00edtica, las coincidencias no existen\u00bb.. Y ayer, de pronto surge en la red social de twitter, una publicaci\u00f3n de Manuel Velasco Coello, ex gobernador de Chiapas y el m\u00e1s poderoso senador del PVEM, el que maneja el comit\u00e9 nacional de ese partido, reconociendo el activo pol\u00edtico que es Alberto Silva Ramos en Veracruz\u2026 Y que desde el Senado lo respaldan con todo para construir acuerdos en la entidad\u2026 \u00bfMensaje o destape?\u2026<\/p>\n\n\n\n<p>Despu\u00e9s que se subi\u00f3 esa publicaci\u00f3n ayer al mediod\u00eda, enseguida, los polit\u00f3logos de caf\u00e9, empezaron a mencionar que eran las dos \u00abse\u00f1ales\u00bb del PVEM para el 2024.. Una para hacerle ver al gobierno de Veracruz y MORENA.. Que no van a \u00abcomer\u00bb las doscandidaturas al Senado como en 2018.. Que una es del PVEM y que el aspirante oficial ser\u00e1 \u00abEl Cisne\u00bb Silva.. Si no es as\u00ed, entonces, no hay acuerdos de coalici\u00f3n.. Javier Herrera ser\u00e1 postulado v\u00eda plurinominal\u2026Y TODOS CONTENTOS.. \u00bfPero c\u00f3mo lo tomar\u00e1n los Morenos?..<\/p>\n\n\n\n<p>Esto deja claro que Manuel Velasco quiere coalici\u00f3n, pero que el \u00abpastel\u00bb se \u00abreparta\u00bb.. Y que el negociador de las alianzas en Veracruz, ser\u00e1 \u00abEl Cisne\u00bb Silva.. Ya veremos si en esos acuerdos, lo vemos sentado con Manuel Huerta, Juan Javier G\u00f3mez Cazarin, Eric Cisneros o Sergio Guti\u00e9rrez\u2026 OJO MORENA en Veracruz no est\u00e1 para despreciar alianzas con PVEM.. Y si no quieren a Silva, tendr\u00e1n que ocupar otra famosa frase del tuxpe\u00f1o Reyes Heroles: \u00abLa pol\u00edtica es el arte de tragar sapos y escupir flores\u00bb.. EL QUE ENTENDI\u00d3, ENTENDI\u00d3\u2026<\/p>\n","protected":false},"excerpt":{"rendered":"<p>Ricardo Chua Sale y Vale Bien dec\u00eda el famoso experto en temas de violencia, el colombiano, Eduardo Buscaglia, que un gobierno o autoridad empieza actuar contra los grupos fuera de la ley\u2026 Cuando estos personajes empiezan a violentar, lesionar o asesinar a los miembros de la clase pol\u00edtica de un pa\u00eds o un Estado. . [&hellip;]<\/p>\n","protected":false},"author":2,"featured_media":0,"comment_status":"closed","ping_status":"closed","sticky":false,"template":"","format":"standard","meta":{"_jetpack_newsletter_access":"","_jetpack_dont_email_post_to_subs":false,"_jetpack_newsletter_tier_id":0,"_jetpack_memberships_contains_paywalled_content":false,"_jetpack_memberships_contains_paid_content":false,"footnotes":""},"categories":[70],"tags":[1563,196,1026,195],"class_list":["post-104635","post","type-post","status-publish","format-standard","hentry","category-de-opinion","tag-cuitlahuac-garcia-jimenez","tag-inseguridad","tag-morena","tag-veracruz"],"jetpack_featured_media_url":"","jetpack_sharing_enabled":true,"jetpack_shortlink":"https:\/\/wp.me\/p4Qcd3-rdF","_links":{"self":[{"href":"https:\/\/lospoliticosveracruz.com.mx\/index.php?rest_route=\/wp\/v2\/posts\/104635","targetHints":{"allow":["GET"]}}],"collection":[{"href":"https:\/\/lospoliticosveracruz.com.mx\/index.php?rest_route=\/wp\/v2\/posts"}],"about":[{"href":"https:\/\/lospoliticosveracruz.com.mx\/index.php?rest_route=\/wp\/v2\/types\/post"}],"author":[{"embeddable":true,"href":"https:\/\/lospoliticosveracruz.com.mx\/index.php?rest_route=\/wp\/v2\/users\/2"}],"replies":[{"embeddable":true,"href":"https:\/\/lospoliticosveracruz.com.mx\/index.php?rest_route=%2Fwp%2Fv2%2Fcomments&post=104635"}],"version-history":[{"count":1,"href":"https:\/\/lospoliticosveracruz.com.mx\/index.php?rest_route=\/wp\/v2\/posts\/104635\/revisions"}],"predecessor-version":[{"id":104637,"href":"https:\/\/lospoliticosveracruz.com.mx\/index.php?rest_route=\/wp\/v2\/posts\/104635\/revisions\/104637"}],"wp:attachment":[{"href":"https:\/\/lospoliticosveracruz.com.mx\/index.php?rest_route=%2Fwp%2Fv2%2Fmedia&parent=104635"}],"wp:term":[{"taxonomy":"category","embeddable":true,"href":"https:\/\/lospoliticosveracruz.com.mx\/index.php?rest_route=%2Fwp%2Fv2%2Fcategories&post=104635"},{"taxonomy":"post_tag","embeddable":true,"href":"https:\/\/lospoliticosveracruz.com.mx\/index.php?rest_route=%2Fwp%2Fv2%2Ftags&post=104635"}],"curies":[{"name":"wp","href":"https:\/\/api.w.org\/{rel}","templated":true}]}}