{"id":104657,"date":"2023-04-10T09:29:20","date_gmt":"2023-04-10T14:29:20","guid":{"rendered":"https:\/\/lospoliticosveracruz.com.mx\/?p=104657"},"modified":"2023-04-10T09:29:29","modified_gmt":"2023-04-10T14:29:29","slug":"unidad-en-el-verde","status":"publish","type":"post","link":"https:\/\/lospoliticosveracruz.com.mx\/?p=104657","title":{"rendered":"UNIDAD EN EL VERDE"},"content":{"rendered":"\n<p><strong>Omar Z\u00fa\u00f1iga<\/strong><br><em>De Primera Mano<\/em><\/p>\n\n\n\n<p>Luego del cisma reciente al interior del Partido Verde en Veracruz, hubo algunas lecturas equivocadas sobre el origen de la determinaci\u00f3n del Consejo Pol\u00edtico Nacional del Partido Verde de relevar a Eleaney Sesma de la Secretar\u00eda General.<\/p>\n\n\n<div class=\"wp-block-image\">\n<figure class=\"alignleft size-medium\"><a href=\"https:\/\/lospoliticosveracruz.com.mx\/wp-content\/uploads\/2023\/02\/Estancia.jpg\"><img decoding=\"async\" src=\"https:\/\/lospoliticosveracruz.com.mx\/wp-content\/uploads\/2023\/02\/Estancia-190x300.jpg\" alt=\"\" class=\"wp-image-102751\"\/><\/a><\/figure><\/div>\n\n\n<p><br>Unos se decantaron de manera inmediata por la paternidad de Marcelo Ruiz en la grilla interna, otros se aventaron a embarrar a Citlali Medell\u00edn y los m\u00e1s aviesos se lanzaron a se\u00f1alar a Javier Herrera Borunda, el cachorro de Fidel que ha dado buena lata y se ha dedicado a construir acuerdos con tirios y troyanos, a pesar de los pesares, es decir con la escuela de su padre.<br>Todos sin embargo han errado, incluso aquellos que han se\u00f1alado que \u201cas\u00ed no son las cosas\u201d y efectivamente, as\u00ed no son.<br>Reitero que esta decisi\u00f3n fue tomada por el Consejo Pol\u00edtico Nacional desde el 22 de marzo y notificada sin interp\u00f3sita persona a los dos directamente involucrados: a Eleaney como dirigente relevada y a Marcelo como delegado especial con funciones de secretario general.<br>Incluso esos mismos que a tono de mofa dec\u00edan que el mismo Jorge Emilio Gonz\u00e1lez hab\u00eda firmado el acta del 22 de marzo, no s\u00f3lo fue \u00e9l, sino tambi\u00e9n Manuel el G\u00fcero Velasco, Arturo Escobar y la actual secretaria general del PVEM Nayeli Fern\u00e1ndez, entre otros.<br>La grilla no es interna, esa no.<br>La decisi\u00f3n de nombrar a Marcelo Ruiz tampoco, el CPN lo nombr\u00f3 en ausencia y s\u00f3lo fue notificado.<br>Si las elecciones anteriores que gan\u00f3 como la de Oaxaca donde tambi\u00e9n fue delegado especial, Quintana Roo o Chihuahua fueron factor para la decisi\u00f3n de regresarlo a Veracruz, probablemente.<br>El asunto es que, para los que ten\u00edan sue\u00f1os h\u00famedos de llegar a la dirigencia estatal con la salida de Eleaney se van a quedar con el bate al hombro, pues la decisi\u00f3n del altiplano es que no haya una renovaci\u00f3n adelantada, sino que Marcelo Ruiz opere la elecci\u00f3n 2024.<br>En ese sentido, la puerta est\u00e1 abierta para que se sumen los que quieran sumarse y salirse los que quieran llegarle.<br>Incluida Eleaney, que podr\u00eda aspirar a una candidatura. Lo que interesa al PVEM es la unidad, esa es la palabra, que debe ser verbo y no sustantivo y por lo que va a trabajar la dirigencia en funciones, con control ya de llaves y cuentas, de cara a un proceso que les har\u00e1 ver su suerte a todos los partidos y actores pol\u00edticos.<br>Un proceso en que todos ellos deber\u00e1n sacar lo mejor de s\u00ed mismos, incluidas sus dotes negociadoras y su capacidad de tragar sapos sin hacer gestos, para eso est\u00e1n ah\u00ed.<br>Por otra parte, los verdes deben entender que Javier Herrera Borunda es un activo muy importante por lo que representa; es un joven conciliador, consciente de que los militantes, pero sobre todo la gente de a pie, son lo que hace importante a una persona y a un pol\u00edtico, \u00a1es su capital!<br>\u00c9l es factor de unidad, de suma y multiplicaci\u00f3n, nunca de resta ni de divisi\u00f3n, los que quieren hacerlo sentir as\u00ed, son los verdaderos traidores que buscan dividir al tuc\u00e1n, que ciertamente va creciendo.<br>As\u00ed, pues. Dicen los que saben que los verdaderos autores de la campa\u00f1a en contra de la depuesta secretaria general est\u00e1n en Veracruz y vienen de playas del norte.<br>No se equivoquen.<\/p>\n\n\n\n<p>\u00a1Qu\u00e9 barbaridad!<br>De primera.mano2020@gmail.com<\/p>\n","protected":false},"excerpt":{"rendered":"<p>Omar Z\u00fa\u00f1igaDe Primera Mano Luego del cisma reciente al interior del Partido Verde en Veracruz, hubo algunas lecturas equivocadas sobre el origen de la determinaci\u00f3n del Consejo Pol\u00edtico Nacional del Partido Verde de relevar a Eleaney Sesma de la Secretar\u00eda General. Unos se decantaron de manera inmediata por la paternidad de Marcelo Ruiz en la [&hellip;]<\/p>\n","protected":false},"author":2,"featured_media":0,"comment_status":"closed","ping_status":"closed","sticky":false,"template":"","format":"standard","meta":{"_jetpack_newsletter_access":"","_jetpack_dont_email_post_to_subs":false,"_jetpack_newsletter_tier_id":0,"_jetpack_memberships_contains_paywalled_content":false,"_jetpack_memberships_contains_paid_content":false,"footnotes":""},"categories":[70],"tags":[2842,1124,17843,28705],"class_list":["post-104657","post","type-post","status-publish","format-standard","hentry","category-de-opinion","tag-eleaney-sesma","tag-javier-herrera-borunda","tag-marcelo-ruiz-sanchez","tag-omar-zuniga"],"jetpack_featured_media_url":"","jetpack_sharing_enabled":true,"jetpack_shortlink":"https:\/\/wp.me\/p4Qcd3-re1","_links":{"self":[{"href":"https:\/\/lospoliticosveracruz.com.mx\/index.php?rest_route=\/wp\/v2\/posts\/104657","targetHints":{"allow":["GET"]}}],"collection":[{"href":"https:\/\/lospoliticosveracruz.com.mx\/index.php?rest_route=\/wp\/v2\/posts"}],"about":[{"href":"https:\/\/lospoliticosveracruz.com.mx\/index.php?rest_route=\/wp\/v2\/types\/post"}],"author":[{"embeddable":true,"href":"https:\/\/lospoliticosveracruz.com.mx\/index.php?rest_route=\/wp\/v2\/users\/2"}],"replies":[{"embeddable":true,"href":"https:\/\/lospoliticosveracruz.com.mx\/index.php?rest_route=%2Fwp%2Fv2%2Fcomments&post=104657"}],"version-history":[{"count":1,"href":"https:\/\/lospoliticosveracruz.com.mx\/index.php?rest_route=\/wp\/v2\/posts\/104657\/revisions"}],"predecessor-version":[{"id":104658,"href":"https:\/\/lospoliticosveracruz.com.mx\/index.php?rest_route=\/wp\/v2\/posts\/104657\/revisions\/104658"}],"wp:attachment":[{"href":"https:\/\/lospoliticosveracruz.com.mx\/index.php?rest_route=%2Fwp%2Fv2%2Fmedia&parent=104657"}],"wp:term":[{"taxonomy":"category","embeddable":true,"href":"https:\/\/lospoliticosveracruz.com.mx\/index.php?rest_route=%2Fwp%2Fv2%2Fcategories&post=104657"},{"taxonomy":"post_tag","embeddable":true,"href":"https:\/\/lospoliticosveracruz.com.mx\/index.php?rest_route=%2Fwp%2Fv2%2Ftags&post=104657"}],"curies":[{"name":"wp","href":"https:\/\/api.w.org\/{rel}","templated":true}]}}