{"id":104685,"date":"2023-04-10T16:51:58","date_gmt":"2023-04-10T21:51:58","guid":{"rendered":"https:\/\/lospoliticosveracruz.com.mx\/?p=104685"},"modified":"2023-04-10T16:52:05","modified_gmt":"2023-04-10T21:52:05","slug":"hablemos-de-nosotros","status":"publish","type":"post","link":"https:\/\/lospoliticosveracruz.com.mx\/?p=104685","title":{"rendered":"HABLEMOS DE NOSOTROS"},"content":{"rendered":"\n<p><\/p>\n\n\n\n<p><strong>Vicente Luna Hern\u00e1ndez<\/strong><\/p>\n\n\n\n<p>El art\u00edculo 41 de la Constituci\u00f3n de M\u00e9xico se\u00f1ala en la fracci\u00f3n Primera segundo p\u00e1rrafo:<\/p>\n\n\n<div class=\"wp-block-image\">\n<figure class=\"alignleft size-medium\"><a href=\"https:\/\/lospoliticosveracruz.com.mx\/wp-content\/uploads\/2021\/10\/WhatsApp-Image-2021-10-02-at-15.20.25.jpeg\"><img loading=\"lazy\" decoding=\"async\" width=\"212\" height=\"300\" src=\"https:\/\/lospoliticosveracruz.com.mx\/wp-content\/uploads\/2021\/10\/WhatsApp-Image-2021-10-02-at-15.20.25-212x300.jpeg\" alt=\"\" class=\"wp-image-80177\" srcset=\"https:\/\/lospoliticosveracruz.com.mx\/wp-content\/uploads\/2021\/10\/WhatsApp-Image-2021-10-02-at-15.20.25-212x300.jpeg 212w, https:\/\/lospoliticosveracruz.com.mx\/wp-content\/uploads\/2021\/10\/WhatsApp-Image-2021-10-02-at-15.20.25-724x1024.jpeg 724w, https:\/\/lospoliticosveracruz.com.mx\/wp-content\/uploads\/2021\/10\/WhatsApp-Image-2021-10-02-at-15.20.25-768x1086.jpeg 768w, https:\/\/lospoliticosveracruz.com.mx\/wp-content\/uploads\/2021\/10\/WhatsApp-Image-2021-10-02-at-15.20.25.jpeg 905w\" sizes=\"auto, (max-width: 212px) 100vw, 212px\" \/><\/a><\/figure><\/div>\n\n\n<p>I. Los partidos pol\u00edticos tienen como fin promover la participaci\u00f3n del pueblo en la vida democr\u00e1tica, fomentar el principio de paridad de g\u00e9nero, contribuir a la integraci\u00f3n de los \u00f3rganos de representaci\u00f3n pol\u00edtica, y como organizaciones ciudadanas, hacer posible su acceso al ejercicio del poder p\u00fablico, de acuerdo con los programas, principios e ideas que postulan y mediante el sufragio universal, libre, secreto y directo, as\u00ed como con las reglas que marque la ley electoral para garantizar la paridad de g\u00e9nero, en las candidaturas a los distintos cargos de elecci\u00f3n popular. S\u00f3lo los ciudadanos y ciudadanas podr\u00e1n formar partidos pol\u00edticos y afiliarse libre e individualmente a ellos; por tanto, quedan prohibidas la intervenci\u00f3n de organizaciones gremiales o con objeto social diferente en la creaci\u00f3n de partidos y cualquier forma de afiliaci\u00f3n corporativa.<\/p>\n\n\n\n<p>De acuerdo al art\u00edculo 41 se\u00f1alado, solo los partidos est\u00e1n autorizados para postular candidatos a los diferentes cargos de elecci\u00f3n popular, la otra opci\u00f3n es una candidatura ciudadana independiente con todas las dificultades que esto significa, son tan necesarios los partidos pol\u00edticos como la sociedad organizada, ah\u00ed es donde deben de canalizarse los esfuerzos ciudadanos, en organizarse para participar en el pr\u00f3ximo proceso electoral en todas sus etapas: impulsar candidatos, la promoci\u00f3n del voto, observadores electorales y en presentar propuestas a los diferentes cargos de elecci\u00f3n popular que estar\u00e1n en juego, no se vales decir que no les interesa o no les gusta la pol\u00edtica, ante la situaci\u00f3n del pa\u00eds con sus diferentes retos a resolver y atender, son vitales las organizaciones ciudadanas comprometidas realmente con la transformaci\u00f3n del pa\u00eds m\u00e1s all\u00e1 de un partido pol\u00edtico o movimiento social alguno, la transformaci\u00f3n y reconciliaci\u00f3n nacional es responsabilidad de todo mexicano bien nacido.<\/p>\n\n\n\n<p>La promoci\u00f3n personalizada de los funcionarios p\u00fablicos con aspiraciones de ser candidatos se pasea por el pa\u00eds sin rubor alguno, lo que ayer se criticaba con marchas y plantones hoy es tolerada por las autoridades responsables, el uso de los recursos p\u00fablicos para apoyar lo actos anticipados de campa\u00f1a, parece ser que ya a nadie asusta como suced\u00eda en los gobiernos anteriores, muchos lo callan pero todos los ven \u00bfy los ciudadanos? \u00bfLas organizaciones sociales? \u00bfLa famosa sociedad civil? Con poco ruido y muchas nueces est\u00e1 llevando a cabo una revoluci\u00f3n silenciosa que en su momento har\u00e1 erupci\u00f3n, la irrupci\u00f3n ciudadana que influir\u00e1 de manera importante en los triunfos del 2024.<\/p>\n\n\n\n<p>En las reuniones que hemos llevado a cabo los integrantes de la organizaci\u00f3n Expresi\u00f3n Democr\u00e1tica hemos coincidido que m\u00e1s all\u00e1 de quienes ser\u00e1n candidatos en el 2024 y de jugar a las adivinanzas pol\u00edticas, nos henos dado a la tarea de en vez de pensar en ellas y ellos mejor pensar en \u201cNosotros\u201d, nosotros que organizados somos m\u00e1s que ellos, en ciudadanos con experiencia en la administraci\u00f3n p\u00fablica, profesionistas, ex delegados pol\u00edticos, universitarios, comerciantes, trabajadores del volante, j\u00f3venes emprendedores, ex candidatos y sobretodo, ciudadanos convencidos que Veracruz merece un mejor destino, donde la exigencia ciudadana es tan grande como la indignaci\u00f3n social al ver que las cosas no mejoran a pesar del cambio de colores en la geograf\u00eda veracruzana.<\/p>\n\n\n\n<p>No es cuesti\u00f3n de partidos, es necesario pensar en el barrio, en la colonia, en cambiar lo m\u00e1s pr\u00f3ximo a nosotros, ning\u00fan pol\u00edtico y funcionario p\u00fablico es tan importante como la suma de voluntades para influir en la toma de decisiones como nosotros, ning\u00fan presidente de partido pol\u00edtico es m\u00e1s l\u00edder que la participaci\u00f3n entusiasta de nosotros, ning\u00fan apellido &#8211; por muy ilustre que sea o por mucho dinero que represente &#8211; es m\u00e1s importante para encabezar un proyecto de gobierno, que el de nosotros, hoy el discurso cambio, tambi\u00e9n hay en Veracruz ciudadanos que representan una fuerza electoral por el trabajo social llevado a cabo durante muchos a\u00f1os, ciudadanos que en silencio se han dado a la tarea de organizar, convocar y convencer a los dem\u00e1s en que solo con la participaci\u00f3n activa podemos realmente influir en transformar nuestro entorno social \u2013 transformar para bien &#8211; \u00bf nombres? Francisco Guti\u00e9rrez en Tlacotalpan, Tom\u00e1s Carballo en Saltabarranca, Raquel L\u00f3pez Naranjo, en Jos\u00e9 Azueta, Policarpio Rodr\u00edguez Charmin, Ciro Elvira Reyes, Rosalba Mart\u00ednez, Marisela G\u00f3mez Moreno, Mirna Ruiz, en Ciudad Isla, Rub\u00e9n Silva en Carlos A. Carrillo, Tino Trejo, en Tempoal, Alberto Rodr\u00edguez, en Coscomatepec, Roberto Mu\u00f1oz, en Veracruz, Julio Cesar Brandt, en Boca del Rio, Ernesto Corona, en Tuxpan, Luis Frutros, en Actopan, Gloria Zorrosa Montiel, Rafael L\u00f3pez Pulido, en Coatzacoalcos, Armando \u00c1ngeles Rodr\u00edguez, en San Andr\u00e9s Tuxtla, Janet Ram\u00edrez, Manuel P\u00e9rez Monterrosas, en Xalapa, Alma Aguirre, en Tlacotalpan, Juanita Romero, en Cabada, Isabel Ram\u00edrez, en Juan Rodr\u00edguez Clara, Isabel Gonz\u00e1lez L\u00f3pez, V\u00edctor Peralta, en Acayucan, Elpidia Isidoro, en Sayula, entre otros, hombres y mujeres que se est\u00e1n organizando para ser protagonistas en la pr\u00f3xima irrupci\u00f3n ciudadana que se est\u00e1 gestando en todo Veracruz, qued\u00f3 demostrada la fuerza de la sociedad civil organizada en las marcha a favor del INE, eso solo fue el principio\u2026a\u00fan hay m\u00e1s.<\/p>\n\n\n\n<p>P.D.- Con el \u00e1nimo que en cada comunidad y en cada municipio se organicen las y los ciudadanos para no solo pensar en ellos sino tambi\u00e9n digan: \u201cNosotros\u201d\u2026Escribir\u00e9 otro d\u00eda.<\/p>\n","protected":false},"excerpt":{"rendered":"<p>Vicente Luna Hern\u00e1ndez El art\u00edculo 41 de la Constituci\u00f3n de M\u00e9xico se\u00f1ala en la fracci\u00f3n Primera segundo p\u00e1rrafo: I. Los partidos pol\u00edticos tienen como fin promover la participaci\u00f3n del pueblo en la vida democr\u00e1tica, fomentar el principio de paridad de g\u00e9nero, contribuir a la integraci\u00f3n de los \u00f3rganos de representaci\u00f3n pol\u00edtica, y como organizaciones ciudadanas, [&hellip;]<\/p>\n","protected":false},"author":2,"featured_media":0,"comment_status":"closed","ping_status":"closed","sticky":false,"template":"","format":"standard","meta":{"_jetpack_newsletter_access":"","_jetpack_dont_email_post_to_subs":false,"_jetpack_newsletter_tier_id":0,"_jetpack_memberships_contains_paywalled_content":false,"_jetpack_memberships_contains_paid_content":false,"footnotes":""},"categories":[70],"tags":[15667],"class_list":["post-104685","post","type-post","status-publish","format-standard","hentry","category-de-opinion","tag-vicente-luna-hernandez"],"jetpack_featured_media_url":"","jetpack_sharing_enabled":true,"jetpack_shortlink":"https:\/\/wp.me\/p4Qcd3-ret","_links":{"self":[{"href":"https:\/\/lospoliticosveracruz.com.mx\/index.php?rest_route=\/wp\/v2\/posts\/104685","targetHints":{"allow":["GET"]}}],"collection":[{"href":"https:\/\/lospoliticosveracruz.com.mx\/index.php?rest_route=\/wp\/v2\/posts"}],"about":[{"href":"https:\/\/lospoliticosveracruz.com.mx\/index.php?rest_route=\/wp\/v2\/types\/post"}],"author":[{"embeddable":true,"href":"https:\/\/lospoliticosveracruz.com.mx\/index.php?rest_route=\/wp\/v2\/users\/2"}],"replies":[{"embeddable":true,"href":"https:\/\/lospoliticosveracruz.com.mx\/index.php?rest_route=%2Fwp%2Fv2%2Fcomments&post=104685"}],"version-history":[{"count":1,"href":"https:\/\/lospoliticosveracruz.com.mx\/index.php?rest_route=\/wp\/v2\/posts\/104685\/revisions"}],"predecessor-version":[{"id":104686,"href":"https:\/\/lospoliticosveracruz.com.mx\/index.php?rest_route=\/wp\/v2\/posts\/104685\/revisions\/104686"}],"wp:attachment":[{"href":"https:\/\/lospoliticosveracruz.com.mx\/index.php?rest_route=%2Fwp%2Fv2%2Fmedia&parent=104685"}],"wp:term":[{"taxonomy":"category","embeddable":true,"href":"https:\/\/lospoliticosveracruz.com.mx\/index.php?rest_route=%2Fwp%2Fv2%2Fcategories&post=104685"},{"taxonomy":"post_tag","embeddable":true,"href":"https:\/\/lospoliticosveracruz.com.mx\/index.php?rest_route=%2Fwp%2Fv2%2Ftags&post=104685"}],"curies":[{"name":"wp","href":"https:\/\/api.w.org\/{rel}","templated":true}]}}