{"id":104780,"date":"2023-04-12T18:45:07","date_gmt":"2023-04-12T23:45:07","guid":{"rendered":"https:\/\/lospoliticosveracruz.com.mx\/?p=104780"},"modified":"2023-04-12T18:45:11","modified_gmt":"2023-04-12T23:45:11","slug":"2024-en-la-mira","status":"publish","type":"post","link":"https:\/\/lospoliticosveracruz.com.mx\/?p=104780","title":{"rendered":"2024, EN LA MIRA!"},"content":{"rendered":"\n<p><\/p>\n\n\n\n<p><strong>Xalapa<\/strong><br>Luego de 926 d\u00edas de haber estado al frente como director del Centro SICT Ram\u00f3n \u00c1lvarez Font\u00e1n, dej\u00f3 el cargo para emprender nuevos proyectos para 2023 y 2024.<\/p>\n\n\n\n<p>Durante su gesti\u00f3n al frente de la Direcci\u00f3n estatal de la Secretar\u00eda de Infraestructura, Comunicaciones y Transportes que asumi\u00f3 el 1 de octubre de 2020, destac\u00f3 el \u00abdestrabar\u00bb el problema a\u00f1ejo en la comunidad Paso Largo, municipio de Mart\u00ednez de la Torre, donde luego de 3 a\u00f1os de estar parados los trabajos de la construcci\u00f3n de la super carretera Cardel-Poza Rica, se pudo abrir a la circulaci\u00f3n.<\/p>\n\n\n\n<p>De igual manera deja casi al 70 por cuento terminados los trabajos de la autopista Ozuluama-Tampico y la carretera que pasa por el basurero Las Matas en el tramo carretero Coatzacoalcos-Minatitl\u00e1n qued\u00f3 en proceso de ejecuci\u00f3n.<\/p>\n\n\n\n<p>Hubo otros logros importantes como rehabilitaci\u00f3n y conservaci\u00f3n de carreteras federales.<\/p>\n\n\n\n<p>El funcionario federal dijo que as\u00ed como en la vida hay ciclos tambi\u00e9n en la funci\u00f3n p\u00fablica y ahora estar\u00e1 m\u00e1s en\u00bb territorio que en escritorio\u00bb emprendiendo nuevos proyectos que deber\u00e1n concluir en 2024.<\/p>\n\n\n\n<p>Agradeci\u00f3 la confianza del titular de la SICT Jorge Nu\u00f1o y del gobernador de Veracruz Cuitl\u00e1huac Garc\u00eda Jim\u00e9nez con quien trabajo de manera coordinada en los trabajos referentes a la infraestructura, comunicaciones y transportes.<\/p>\n","protected":false},"excerpt":{"rendered":"<p>XalapaLuego de 926 d\u00edas de haber estado al frente como director del Centro SICT Ram\u00f3n \u00c1lvarez Font\u00e1n, dej\u00f3 el cargo para emprender nuevos proyectos para 2023 y 2024. Durante su gesti\u00f3n al frente de la Direcci\u00f3n estatal de la Secretar\u00eda de Infraestructura, Comunicaciones y Transportes que asumi\u00f3 el 1 de octubre de 2020, destac\u00f3 el [&hellip;]<\/p>\n","protected":false},"author":2,"featured_media":0,"comment_status":"closed","ping_status":"closed","sticky":false,"template":"","format":"standard","meta":{"_jetpack_newsletter_access":"","_jetpack_dont_email_post_to_subs":false,"_jetpack_newsletter_tier_id":0,"_jetpack_memberships_contains_paywalled_content":false,"_jetpack_memberships_contains_paid_content":false,"footnotes":""},"categories":[72],"tags":[36514,21971,33234],"class_list":["post-104780","post","type-post","status-publish","format-standard","hentry","category-palomazos","tag-jorge-nuno","tag-ramon-alvarez-fontan","tag-sict"],"jetpack_featured_media_url":"","jetpack_sharing_enabled":true,"jetpack_shortlink":"https:\/\/wp.me\/p4Qcd3-rg0","_links":{"self":[{"href":"https:\/\/lospoliticosveracruz.com.mx\/index.php?rest_route=\/wp\/v2\/posts\/104780","targetHints":{"allow":["GET"]}}],"collection":[{"href":"https:\/\/lospoliticosveracruz.com.mx\/index.php?rest_route=\/wp\/v2\/posts"}],"about":[{"href":"https:\/\/lospoliticosveracruz.com.mx\/index.php?rest_route=\/wp\/v2\/types\/post"}],"author":[{"embeddable":true,"href":"https:\/\/lospoliticosveracruz.com.mx\/index.php?rest_route=\/wp\/v2\/users\/2"}],"replies":[{"embeddable":true,"href":"https:\/\/lospoliticosveracruz.com.mx\/index.php?rest_route=%2Fwp%2Fv2%2Fcomments&post=104780"}],"version-history":[{"count":1,"href":"https:\/\/lospoliticosveracruz.com.mx\/index.php?rest_route=\/wp\/v2\/posts\/104780\/revisions"}],"predecessor-version":[{"id":104782,"href":"https:\/\/lospoliticosveracruz.com.mx\/index.php?rest_route=\/wp\/v2\/posts\/104780\/revisions\/104782"}],"wp:attachment":[{"href":"https:\/\/lospoliticosveracruz.com.mx\/index.php?rest_route=%2Fwp%2Fv2%2Fmedia&parent=104780"}],"wp:term":[{"taxonomy":"category","embeddable":true,"href":"https:\/\/lospoliticosveracruz.com.mx\/index.php?rest_route=%2Fwp%2Fv2%2Fcategories&post=104780"},{"taxonomy":"post_tag","embeddable":true,"href":"https:\/\/lospoliticosveracruz.com.mx\/index.php?rest_route=%2Fwp%2Fv2%2Ftags&post=104780"}],"curies":[{"name":"wp","href":"https:\/\/api.w.org\/{rel}","templated":true}]}}