{"id":104787,"date":"2023-04-12T22:29:24","date_gmt":"2023-04-13T03:29:24","guid":{"rendered":"https:\/\/lospoliticosveracruz.com.mx\/?p=104787"},"modified":"2023-04-12T22:29:33","modified_gmt":"2023-04-13T03:29:33","slug":"guerra-por-la-plaza","status":"publish","type":"post","link":"https:\/\/lospoliticosveracruz.com.mx\/?p=104787","title":{"rendered":"GUERRA POR LA PLAZA"},"content":{"rendered":"\n<p><strong>Enrique Yasser Pompeyo<br><\/strong><em>Mesa de Redacci\u00f3n<\/em><\/p>\n\n\n\n<p>Si las autoridades del gobierno estatal y el federal ya tienen identificados a los diferentes c\u00e1rteles que se disputan el territorio veracruzano, \u00bfqu\u00e9 est\u00e1n esperando para actuar?<\/p>\n\n\n\n<p>Porque lo dicho por el gobernador Cuitl\u00e1huac Garc\u00eda Jim\u00e9nez en el sentido de que los ejecutados en el municipio de Tihuatl\u00e1n, en la zona norte de la entidad, se debi\u00f3 a un ajuste de cuentas por apoderarse de la plaza, s\u00f3lo reitera lo que ya se ha dicho una y otra vez, pero, \u00bfqu\u00e9 van a hacer?<\/p>\n\n\n\n<p>Pr\u00e1cticamente este sexenio ya concluye y las acciones en el combate al crimen organizado no fueron claras o fueron poco contundentes.<\/p>\n\n\n\n<p>A pesar de se\u00f1alarse que las c\u00e9lulas fueron \u201cdescabezadas\u201d, eso no les impide a los dem\u00e1s integrantes actuar en contra de personas inocentes, incluidos los familiares de los presuntos delincuentes.<\/p>\n\n\n\n<p>El titular del Ejecutivo estatal fue claro al decir que estos grupos delictivos pretenden controlar la zona que incluye a municipios como Tihuatl\u00e1n, Poza Rica, Cazones de Herrera y la parte baja del Totonacapan.<\/p>\n\n\n\n<p>Aunque se hizo un despliegue de fuerzas del orden por decenas, esto no impide que los grupos delincuenciales sigan operando.<\/p>\n\n\n\n<p>Los c\u00e1rteles, \u00bfya se salieron con la suya?<\/p>\n\n\n\n<p>Porque el lamentable hecho sucedido en Tihuatl\u00e1n no es el primero, ni ser\u00e1, seguramente, el \u00faltimo que ocurra en Veracruz en lo que resta de la actual administraci\u00f3n estatal.<\/p>\n\n\n\n<p>Los hechos sangrientos se cuentan por decenas y, a pesar de los esfuerzos de las diferentes corporaciones de seguridad, tanto estatal como federal, no se observa un cambio.<\/p>\n\n\n\n<p>Los veracruzanos ya se cansaron del mismo discurso y as\u00ed ya pasaron casi cinco a\u00f1os del actual gobierno, mientras tanto, los grupos criminales se mueven y parece que nada ni nadie puede frenarlos.<\/p>\n\n\n\n<p>enriquepompeyo@hotmail.com<\/p>\n","protected":false},"excerpt":{"rendered":"<p>Enrique Yasser PompeyoMesa de Redacci\u00f3n Si las autoridades del gobierno estatal y el federal ya tienen identificados a los diferentes c\u00e1rteles que se disputan el territorio veracruzano, \u00bfqu\u00e9 est\u00e1n esperando para actuar? Porque lo dicho por el gobernador Cuitl\u00e1huac Garc\u00eda Jim\u00e9nez en el sentido de que los ejecutados en el municipio de Tihuatl\u00e1n, en la [&hellip;]<\/p>\n","protected":false},"author":2,"featured_media":0,"comment_status":"closed","ping_status":"closed","sticky":false,"template":"","format":"standard","meta":{"_jetpack_newsletter_access":"","_jetpack_dont_email_post_to_subs":false,"_jetpack_newsletter_tier_id":0,"_jetpack_memberships_contains_paywalled_content":false,"_jetpack_memberships_contains_paid_content":false,"footnotes":""},"categories":[70],"tags":[1563,15477,1026,195],"class_list":["post-104787","post","type-post","status-publish","format-standard","hentry","category-de-opinion","tag-cuitlahuac-garcia-jimenez","tag-enrique-yasser-pompeyo","tag-morena","tag-veracruz"],"jetpack_featured_media_url":"","jetpack_sharing_enabled":true,"jetpack_shortlink":"https:\/\/wp.me\/p4Qcd3-rg7","_links":{"self":[{"href":"https:\/\/lospoliticosveracruz.com.mx\/index.php?rest_route=\/wp\/v2\/posts\/104787","targetHints":{"allow":["GET"]}}],"collection":[{"href":"https:\/\/lospoliticosveracruz.com.mx\/index.php?rest_route=\/wp\/v2\/posts"}],"about":[{"href":"https:\/\/lospoliticosveracruz.com.mx\/index.php?rest_route=\/wp\/v2\/types\/post"}],"author":[{"embeddable":true,"href":"https:\/\/lospoliticosveracruz.com.mx\/index.php?rest_route=\/wp\/v2\/users\/2"}],"replies":[{"embeddable":true,"href":"https:\/\/lospoliticosveracruz.com.mx\/index.php?rest_route=%2Fwp%2Fv2%2Fcomments&post=104787"}],"version-history":[{"count":1,"href":"https:\/\/lospoliticosveracruz.com.mx\/index.php?rest_route=\/wp\/v2\/posts\/104787\/revisions"}],"predecessor-version":[{"id":104789,"href":"https:\/\/lospoliticosveracruz.com.mx\/index.php?rest_route=\/wp\/v2\/posts\/104787\/revisions\/104789"}],"wp:attachment":[{"href":"https:\/\/lospoliticosveracruz.com.mx\/index.php?rest_route=%2Fwp%2Fv2%2Fmedia&parent=104787"}],"wp:term":[{"taxonomy":"category","embeddable":true,"href":"https:\/\/lospoliticosveracruz.com.mx\/index.php?rest_route=%2Fwp%2Fv2%2Fcategories&post=104787"},{"taxonomy":"post_tag","embeddable":true,"href":"https:\/\/lospoliticosveracruz.com.mx\/index.php?rest_route=%2Fwp%2Fv2%2Ftags&post=104787"}],"curies":[{"name":"wp","href":"https:\/\/api.w.org\/{rel}","templated":true}]}}