{"id":104797,"date":"2023-04-13T08:53:24","date_gmt":"2023-04-13T13:53:24","guid":{"rendered":"https:\/\/lospoliticosveracruz.com.mx\/?p=104797"},"modified":"2023-04-13T08:53:30","modified_gmt":"2023-04-13T13:53:30","slug":"no-fue-el-candado-fue-la-llave","status":"publish","type":"post","link":"https:\/\/lospoliticosveracruz.com.mx\/?p=104797","title":{"rendered":"NO FUE EL CANDADO, FUE LA LLAVE"},"content":{"rendered":"\n<p><strong>Bernardo Guti\u00e9rrez Parra<br><\/strong><em>Desde el Caf\u00e9<\/em><\/p>\n\n\n\n<p>El martes por la noche, casi todos los portales de noticias dieron a conocer una informaci\u00f3n relevante y con ella nos fuimos a dormir. \u201cLa Fiscal\u00eda General de la Rep\u00fablica anunci\u00f3 que proceder\u00e1 penalmente contra el Comisionado del Instituto Nacional de Migraci\u00f3n, Francisco Gardu\u00f1o, acusado de presuntas conductas delictivas al incumplir con sus obligaciones de vigilar, proteger y dar seguridad a las personas migrantes\u201d.<\/p>\n\n\n<div class=\"wp-block-image\">\n<figure class=\"alignleft size-full is-resized\"><a href=\"https:\/\/lospoliticosveracruz.com.mx\/wp-content\/uploads\/2023\/02\/Vinissimo.jpg\"><img loading=\"lazy\" decoding=\"async\" src=\"https:\/\/lospoliticosveracruz.com.mx\/wp-content\/uploads\/2023\/02\/Vinissimo.jpg\" alt=\"\" class=\"wp-image-102752\" width=\"175\" height=\"178\"\/><\/a><\/figure><\/div>\n\n\n<p>Esto en relaci\u00f3n con los 40 migrantes que murieron calcinados o ahogados por el humo provocado por un incendio en uno de los albergues de Ciudad Ju\u00e1rez, donde m\u00e1s que como migrantes estaban en calidad de prisioneros.<\/p>\n\n\n\n<p>Recordar\u00e1s lector que horas despu\u00e9s de la tragedia Ad\u00e1n Augusto L\u00f3pez, titular de Gobernaci\u00f3n (de quien depende el INM, sus albergues y el personal de vigilancia), se lav\u00f3 las manos y dijo que el de la bronca era el canciller Marcelo Ebrard.<\/p>\n\n\n\n<p>Ebrard le revir\u00f3 y se arm\u00f3 una peque\u00f1a mel\u00e9 que L\u00f3pez Obrador apacigu\u00f3: \u201cUstedes tranquilos, recuerden que son corcholatas\u201d.<\/p>\n\n\n\n<p>Tras r\u00e1pidas y efectivas pesquisas se logr\u00f3 la detenci\u00f3n de los probables autores materiales y fue Marcelo quien dio la noticia. \u201cSe nos ha informado que los responsables directos de los hechos (nada de presuntos responsables, sino responsables directos) han sido presentados ante la Fiscal\u00eda General de la Rep\u00fablica\u201d.<\/p>\n\n\n\n<p>Los detenidos son tres guardias del INM, un guardia de seguridad privada y un migrante venezolano que presuntamente inici\u00f3 el incendio.<\/p>\n\n\n\n<p>A Ad\u00e1n y Marcelo no se les toc\u00f3 ni un pelo.<\/p>\n\n\n\n<p>El abogado de los detenidos, Jorge V\u00e1zquez Campbell, dijo que de acuerdo con \u00e9stos, el contraalmirante Salvador Gonz\u00e1lez Guerrero, delegado del INM en Chihuahua, \u201cdio la orden por llamada telef\u00f3nica para que a las personas migrantes que se encontraban alojadas dentro del lugar en donde inici\u00f3 el fuego, no se les abriera la puerta por ning\u00fan motivo\u201d.<\/p>\n\n\n\n<p>Ante tama\u00f1a acusaci\u00f3n la respuesta de la Secretar\u00eda de Gobernaci\u00f3n y del INM ha sido el silencio.<\/p>\n\n\n\n<p>Francisco Gardu\u00f1o por su parte, se reuni\u00f3 brevemente con personal de la FGR, ofreci\u00f3 \u201ccoadyuvar\u201d en la investigaci\u00f3n y se fue a su casa. Hasta que el martes sufri\u00f3 de insomnio por el calambre.<\/p>\n\n\n\n<p>Pero al d\u00eda siguiente su cuate del alma, Ad\u00e1n Augusto L\u00f3pez, dijo que Paco sigue firme en su puesto \u201chasta que no lo inhabiliten\u201d, mientras que el presidente L\u00f3pez Obrador lo defendi\u00f3 en su ma\u00f1anera al calificarlo de \u201cpersona recta y trabajadora\u201d. Aunque para darle un barniz de imparcialidad al asunto agreg\u00f3: \u201cPero nuestro criterio es no proteger a nadie si comenten alguna irregularidad o delito\u201d.<\/p>\n\n\n\n<p>\u00bfQu\u00e9 irregularidad o delito le van a encontrar a Gardu\u00f1o? Ninguno, ya lo ver\u00e1s, lector.<\/p>\n\n\n\n<p>Conclusi\u00f3n; el supuesto proceso penal en su contra se va a quedar en el limbo y aunque lo m\u00e1s seguro es que pierda su chamba en el INM, lo acomodar\u00e1n en otra oficina burocr\u00e1tica, porque si tiene cercan\u00eda con Ad\u00e1n Augusto, m\u00e1s la tiene con Andr\u00e9s Manuel.<\/p>\n\n\n\n<p>El juez Ernesto Cornejo fue implacable con los cinco detenidos a los que les va a cargar los 40 muertos. Y aunque no se anduvo con miramientos al se\u00f1alar como presunto culpable al contraalmirante Salvador Gonz\u00e1lez del que expres\u00f3: \u201cDeber\u00eda estar sentado en el \u00e1rea de los imputados\u201d, dif\u00edcilmente lo ver\u00e1 en ese banquillo.<\/p>\n\n\n\n<p>\u00bfY la llave? \u00bfQu\u00e9 onda con la llave?<\/p>\n\n\n\n<p>Si en un principio se pens\u00f3 que el candado que manten\u00eda cerrada la puerta del albergue donde estaban hacinados 68 migrantes era el responsable de la tragedia, investigaciones posteriores se\u00f1alan que la verdadera culpable fue la llave de ese candado por dos razones; porque no la ten\u00eda nadie y porque fue encontrada demasiado tarde en el interior de un caj\u00f3n.<\/p>\n\n\n\n<p>A ver si no pasa con ella lo que pas\u00f3 con el perno de la L\u00ednea 12 del Metro. A pesar de que fue encontrado culpable de la ca\u00edda de un tren que provoc\u00f3 la muerte de 26 personas, es la hora en que no sabemos que est\u00e9 siquiera en los separos de alguna agencia del MP.<\/p>\n\n\n\n<p>Zenyazen celebra construcci\u00f3n de la Torre Orgullo Veracruzano<\/p>\n\n\n\n<p>El titular de la Secretar\u00eda de Educaci\u00f3n de Veracruz, Zenyazen Escobar Garc\u00eda, destac\u00f3 que gracias al impulso que el gobierno del Estado ha dado al maximizar recursos y principalmente con el manejo transparente, se fomenta la verdadera transformaci\u00f3n.<\/p>\n\n\n\n<p>Tras acompa\u00f1ar al gobernador Cuitl\u00e1huac Garc\u00eda Jim\u00e9nez a su visita de supervisi\u00f3n al avance de la construcci\u00f3n de la Torre Orgullo Veracruzano en esta capital del estado, el funcionario estatal celebr\u00f3 que gracias al desarrollo de esta obra cerca de 300 trabajadores de la Direcci\u00f3n General de Educaci\u00f3n Primaria Estatal contar\u00e1n con un espacio digno para cumplir con su jornada laboral.<\/p>\n\n\n\n<p>Este inmueble, ubicado en la avenida M\u00e9xico de la colonia La Lagunilla, contar\u00e1 con nueve plantas, en las que se albergar\u00e1 tambi\u00e9n al personal de la Secretar\u00eda de Protecci\u00f3n Civil, adem\u00e1s contar\u00e1 con espacio de estacionamiento propio para evitar afectaciones a las viviendas aleda\u00f1as.<\/p>\n\n\n\n<p>bernardogup@hotmail.com<\/p>\n","protected":false},"excerpt":{"rendered":"<p>Bernardo Guti\u00e9rrez ParraDesde el Caf\u00e9 El martes por la noche, casi todos los portales de noticias dieron a conocer una informaci\u00f3n relevante y con ella nos fuimos a dormir. \u201cLa Fiscal\u00eda General de la Rep\u00fablica anunci\u00f3 que proceder\u00e1 penalmente contra el Comisionado del Instituto Nacional de Migraci\u00f3n, Francisco Gardu\u00f1o, acusado de presuntas conductas delictivas al [&hellip;]<\/p>\n","protected":false},"author":2,"featured_media":0,"comment_status":"closed","ping_status":"closed","sticky":false,"template":"","format":"standard","meta":{"_jetpack_newsletter_access":"","_jetpack_dont_email_post_to_subs":false,"_jetpack_newsletter_tier_id":0,"_jetpack_memberships_contains_paywalled_content":false,"_jetpack_memberships_contains_paid_content":false,"footnotes":""},"categories":[70],"tags":[34206,37909,9548,3453,37910],"class_list":["post-104797","post","type-post","status-publish","format-standard","hentry","category-de-opinion","tag-bernardo-gutierrez-parra","tag-francisco-garduno","tag-instituto-nacional-de-migracion","tag-migrantes","tag-salvador-gonzalez-guerrero"],"jetpack_featured_media_url":"","jetpack_sharing_enabled":true,"jetpack_shortlink":"https:\/\/wp.me\/p4Qcd3-rgh","_links":{"self":[{"href":"https:\/\/lospoliticosveracruz.com.mx\/index.php?rest_route=\/wp\/v2\/posts\/104797","targetHints":{"allow":["GET"]}}],"collection":[{"href":"https:\/\/lospoliticosveracruz.com.mx\/index.php?rest_route=\/wp\/v2\/posts"}],"about":[{"href":"https:\/\/lospoliticosveracruz.com.mx\/index.php?rest_route=\/wp\/v2\/types\/post"}],"author":[{"embeddable":true,"href":"https:\/\/lospoliticosveracruz.com.mx\/index.php?rest_route=\/wp\/v2\/users\/2"}],"replies":[{"embeddable":true,"href":"https:\/\/lospoliticosveracruz.com.mx\/index.php?rest_route=%2Fwp%2Fv2%2Fcomments&post=104797"}],"version-history":[{"count":1,"href":"https:\/\/lospoliticosveracruz.com.mx\/index.php?rest_route=\/wp\/v2\/posts\/104797\/revisions"}],"predecessor-version":[{"id":104798,"href":"https:\/\/lospoliticosveracruz.com.mx\/index.php?rest_route=\/wp\/v2\/posts\/104797\/revisions\/104798"}],"wp:attachment":[{"href":"https:\/\/lospoliticosveracruz.com.mx\/index.php?rest_route=%2Fwp%2Fv2%2Fmedia&parent=104797"}],"wp:term":[{"taxonomy":"category","embeddable":true,"href":"https:\/\/lospoliticosveracruz.com.mx\/index.php?rest_route=%2Fwp%2Fv2%2Fcategories&post=104797"},{"taxonomy":"post_tag","embeddable":true,"href":"https:\/\/lospoliticosveracruz.com.mx\/index.php?rest_route=%2Fwp%2Fv2%2Ftags&post=104797"}],"curies":[{"name":"wp","href":"https:\/\/api.w.org\/{rel}","templated":true}]}}