{"id":105027,"date":"2023-04-19T09:16:45","date_gmt":"2023-04-19T14:16:45","guid":{"rendered":"https:\/\/lospoliticosveracruz.com.mx\/?p=105027"},"modified":"2023-04-19T09:16:52","modified_gmt":"2023-04-19T14:16:52","slug":"no-exageres-rosa-icela","status":"publish","type":"post","link":"https:\/\/lospoliticosveracruz.com.mx\/?p=105027","title":{"rendered":"NO EXAGERES, ROSA ICELA"},"content":{"rendered":"\n<p><\/p>\n\n\n\n<p><strong>Sergio Gonz\u00e1lez Levet<\/strong><\/p>\n\n\n\n<p><em>Sin tacto<\/em><\/p>\n\n\n\n<p>Est\u00e1 bien que quieran ser esquizofr\u00e9nicos, embusteros, pero tampoco que exageren.<\/p>\n\n\n\n<p>&nbsp;&nbsp;&nbsp;&nbsp; Pareciera que hay una competencia entre los funcionarios de todos -todos, todos- los niveles de los gobiernos morenistas por ver qui\u00e9n dice m\u00e1s mentiras y m\u00e1s grandotas. Es que no comprendieron bien a Joseph Goebbels, el ministro de propaganda de Hitler, quien dec\u00eda que una mentira repetida mil veces se vuelve verdad para la masa. Y ellos quisieron entender que mil mentiras distintas dichas hac\u00edan una verdad.<\/p>\n\n\n<div class=\"wp-block-image\">\n<figure class=\"alignleft size-large is-resized\"><a href=\"https:\/\/lospoliticosveracruz.com.mx\/wp-content\/uploads\/2021\/10\/WhatsApp-Image-2021-10-02-at-15.20.25.jpeg\"><img loading=\"lazy\" decoding=\"async\" src=\"https:\/\/lospoliticosveracruz.com.mx\/wp-content\/uploads\/2021\/10\/WhatsApp-Image-2021-10-02-at-15.20.25-724x1024.jpeg\" alt=\"\" class=\"wp-image-80177\" width=\"181\" height=\"256\" srcset=\"https:\/\/lospoliticosveracruz.com.mx\/wp-content\/uploads\/2021\/10\/WhatsApp-Image-2021-10-02-at-15.20.25-724x1024.jpeg 724w, https:\/\/lospoliticosveracruz.com.mx\/wp-content\/uploads\/2021\/10\/WhatsApp-Image-2021-10-02-at-15.20.25-212x300.jpeg 212w, https:\/\/lospoliticosveracruz.com.mx\/wp-content\/uploads\/2021\/10\/WhatsApp-Image-2021-10-02-at-15.20.25-768x1086.jpeg 768w, https:\/\/lospoliticosveracruz.com.mx\/wp-content\/uploads\/2021\/10\/WhatsApp-Image-2021-10-02-at-15.20.25.jpeg 905w\" sizes=\"auto, (max-width: 181px) 100vw, 181px\" \/><\/a><\/figure><\/div>\n\n\n<p>&nbsp;&nbsp;&nbsp;&nbsp; De ah\u00ed tantas falsedades que lanzan los empleados cuatrote\u00edstas a los ciudadanos en las oficinas, y los funcionarios menores y mayores en los estados, y los diputados locales y federales, y los alcaldes, y los senadores, y los gobernadores, y los secretarios de Estado, y Manuel Bartlett\u2026 y el Presidente.<\/p>\n\n\n\n<p>&nbsp;&nbsp;&nbsp;&nbsp; Esta semana esa competencia de invenciones dentro de la 4T la lleva ganada do\u00f1a Rosa Icela Rodr\u00edguez, la Secretaria de Seguridad P\u00fablica y Protecci\u00f3n Ciudadana (?). Y eso que alguna vez fue periodista, y se sabe que quienes ejercen ese noble oficio nunca mienten, je.<\/p>\n\n\n\n<p>&nbsp;&nbsp;&nbsp;&nbsp; No s\u00e9 con qu\u00e9 cara la se\u00f1ora -ahora ex periodista, para salvaci\u00f3n del gremio- se atreve a presentarse ante las c\u00e1maras y los micr\u00f3fonos y decir que \u00a1en seguridad vamos bien en M\u00e9xico! \u00a1Que hay avances notorios!<\/p>\n\n\n\n<p>&nbsp;&nbsp;&nbsp;&nbsp; Dijo, porque est\u00e1 consignado que:<\/p>\n\n\n\n<p>&nbsp;&nbsp;&nbsp;&nbsp; 1. El delito del fuero federal tuvo una reducci\u00f3n de 22.5%.<\/p>\n\n\n\n<p>&nbsp;&nbsp;&nbsp;&nbsp; 2. El homicidio doloso con respecto al 2018 es menos 18%; con respecto al 2019, 17%; lo mismo para 2020; en el caso de 2021 baj\u00f3 15%; con respecto al 23 y 7% con respecto al 22.<\/p>\n\n\n\n<p>&nbsp;&nbsp;&nbsp;&nbsp; En s\u00edntesis, desde el inicio de la administraci\u00f3n el homicidio doloso ha bajado 17%.<\/p>\n\n\n\n<p>&nbsp;&nbsp;&nbsp;&nbsp; 3. El robo de veh\u00edculo automotor ha tenido una baja importante de 41.2.<\/p>\n\n\n\n<p>&nbsp;&nbsp;&nbsp;&nbsp; 4. Tambi\u00e9n, en el caso de los feminicidios, el trabajo que se ha desarrollado, es a la baja 22.7.<\/p>\n\n\n\n<p>&nbsp;&nbsp;&nbsp;&nbsp; 5. Y el secuestro, tenemos el 68.6 menos v\u00edctimas, contando v\u00edctimas; en cuanto a carpetas de investigaci\u00f3n, es el 82% menos de este delito.<\/p>\n\n\n\n<p>&nbsp;&nbsp;&nbsp;&nbsp; 6. Muy importante, continuamos todo el Estado mexicano, trabajando, principalmente las fuerzas armadas, sobre el robo de hidrocarburos, el llamado huachicol.<\/p>\n\n\n\n<p>&nbsp;&nbsp;&nbsp;&nbsp; En este mes se tuvo una baja a 5.1 miles de barriles de promedio diario, es decir, 92.9 por ciento menos desde el inicio de la administraci\u00f3n.<\/p>\n\n\n\n<p>&nbsp;&nbsp;&nbsp;&nbsp; Cuando oigo a la se\u00f1ora que alguna vez fue colega enumerar esas barbaridades, se me hace que es como el tipo que se arroj\u00f3 desde el techo de un edificio de 20 pisos y cuando va pasando por el piso 7, se dice:<\/p>\n\n\n\n<p>&nbsp;&nbsp;&nbsp;&nbsp; \u2014\u00a1Pues hasta este momento las cosas van bien!<\/p>\n\n\n\n<p>sglevet@gmail.com<\/p>\n","protected":false},"excerpt":{"rendered":"<p>Sergio Gonz\u00e1lez Levet Sin tacto Est\u00e1 bien que quieran ser esquizofr\u00e9nicos, embusteros, pero tampoco que exageren. &nbsp;&nbsp;&nbsp;&nbsp; Pareciera que hay una competencia entre los funcionarios de todos -todos, todos- los niveles de los gobiernos morenistas por ver qui\u00e9n dice m\u00e1s mentiras y m\u00e1s grandotas. Es que no comprendieron bien a Joseph Goebbels, el ministro de [&hellip;]<\/p>\n","protected":false},"author":2,"featured_media":0,"comment_status":"closed","ping_status":"closed","sticky":false,"template":"","format":"standard","meta":{"_jetpack_newsletter_access":"","_jetpack_dont_email_post_to_subs":false,"_jetpack_newsletter_tier_id":0,"_jetpack_memberships_contains_paywalled_content":false,"_jetpack_memberships_contains_paid_content":false,"footnotes":""},"categories":[70],"tags":[19576,1282],"class_list":["post-105027","post","type-post","status-publish","format-standard","hentry","category-de-opinion","tag-rosa-icela-rodriguez","tag-sergio-gonzalez-levet"],"jetpack_featured_media_url":"","jetpack_sharing_enabled":true,"jetpack_shortlink":"https:\/\/wp.me\/p4Qcd3-rjZ","_links":{"self":[{"href":"https:\/\/lospoliticosveracruz.com.mx\/index.php?rest_route=\/wp\/v2\/posts\/105027","targetHints":{"allow":["GET"]}}],"collection":[{"href":"https:\/\/lospoliticosveracruz.com.mx\/index.php?rest_route=\/wp\/v2\/posts"}],"about":[{"href":"https:\/\/lospoliticosveracruz.com.mx\/index.php?rest_route=\/wp\/v2\/types\/post"}],"author":[{"embeddable":true,"href":"https:\/\/lospoliticosveracruz.com.mx\/index.php?rest_route=\/wp\/v2\/users\/2"}],"replies":[{"embeddable":true,"href":"https:\/\/lospoliticosveracruz.com.mx\/index.php?rest_route=%2Fwp%2Fv2%2Fcomments&post=105027"}],"version-history":[{"count":1,"href":"https:\/\/lospoliticosveracruz.com.mx\/index.php?rest_route=\/wp\/v2\/posts\/105027\/revisions"}],"predecessor-version":[{"id":105028,"href":"https:\/\/lospoliticosveracruz.com.mx\/index.php?rest_route=\/wp\/v2\/posts\/105027\/revisions\/105028"}],"wp:attachment":[{"href":"https:\/\/lospoliticosveracruz.com.mx\/index.php?rest_route=%2Fwp%2Fv2%2Fmedia&parent=105027"}],"wp:term":[{"taxonomy":"category","embeddable":true,"href":"https:\/\/lospoliticosveracruz.com.mx\/index.php?rest_route=%2Fwp%2Fv2%2Fcategories&post=105027"},{"taxonomy":"post_tag","embeddable":true,"href":"https:\/\/lospoliticosveracruz.com.mx\/index.php?rest_route=%2Fwp%2Fv2%2Ftags&post=105027"}],"curies":[{"name":"wp","href":"https:\/\/api.w.org\/{rel}","templated":true}]}}