{"id":105184,"date":"2023-04-23T14:54:43","date_gmt":"2023-04-23T19:54:43","guid":{"rendered":"https:\/\/lospoliticosveracruz.com.mx\/?p=105184"},"modified":"2023-04-23T23:48:48","modified_gmt":"2023-04-24T04:48:48","slug":"lengua","status":"publish","type":"post","link":"https:\/\/lospoliticosveracruz.com.mx\/?p=105184","title":{"rendered":"LENGUA"},"content":{"rendered":"\n<p><\/p>\n\n\n\n<p><\/p>\n\n\n\n<p><\/p>\n\n\n\n<p><strong>Guadalupe H. Mar<\/strong><\/p>\n\n\n\n<p><em>Mira Pol\u00edtica<\/em><\/p>\n\n\n\n<p><strong><em>ONUS PROBANDI<\/em><\/strong>&nbsp;\u2026&nbsp;Desde hace cientos de a\u00f1os, los jurisconsultos han promovido que:&nbsp;\u201cEl que afirma est\u00e1 obligado a probar\u201d,&nbsp;pues de no hacerlo se incurre en falsedad y hasta difamaci\u00f3n, que a su vez trae el descr\u00e9dito para quien como com\u00fanmente se dice, acusa \u201cde salivita\u201d&nbsp;o por ocurrencia.<\/p>\n\n\n\n<figure class=\"wp-block-image size-full\"><a href=\"https:\/\/lospoliticosveracruz.com.mx\/wp-content\/uploads\/2022\/05\/Seguro-Julio-Cerecedo.jpg\"><img decoding=\"async\" src=\"https:\/\/lospoliticosveracruz.com.mx\/wp-content\/uploads\/2022\/05\/Seguro-Julio-Cerecedo.jpg\" alt=\"\" class=\"wp-image-90414\"\/><\/a><\/figure>\n\n\n\n<p>En M\u00e9xico el \u201cdifama que algo queda\u201d, se convirti\u00f3 en una premisa pol\u00edtica que tuvo mayor auge en los tiempos de la posrevoluci\u00f3n, aunque haciendo un recuento de los tiempos actuales, cada ma\u00f1ana de lunes a viernes se sigue practicando desde Palacio Nacional.<\/p>\n\n\n\n<p>Quiz\u00e1 por eso, porque el \u201cdifama que algo queda\u201d es pr\u00e1ctica com\u00fan hoy d\u00eda, hace poco&nbsp;la cirujana&nbsp;dentista&nbsp;terrablanquense,&nbsp;Margarita Corro Mendoza, actual&nbsp;presidenta de la Mesa Directiva del Congreso local,&nbsp;declar\u00f3 a los representantes de los medios de comunicaci\u00f3n que existe la posibilidad de desaparecer el Instituto Veracruzano de Acceso a la Informaci\u00f3n y Protecci\u00f3n de Datos Personales (IVAI), ya que este \u201cse ha usado para colocar personas afines a los partidos pol\u00edticos, quienes presuntamente ayudan para ocultar informaci\u00f3n\u201d.<\/p>\n\n\n\n<p>De ese dicho de la actual presidenta de la Mesa Directiva del Congreso local han pasado varios d\u00edas y que sepamos, no ha aportado prueba alguna de lo expresado, lo que hace suponer que esta legisladora, por cierto del partido Movimiento de Regeneraci\u00f3n Nacional, mejor conocido como Morena, tuvo la ocurrencia de declarar sobre la posible desaparici\u00f3n del IVAI, para seguir con el discurso y postura del presidente de la rep\u00fablica Andr\u00e9s Manuel L\u00f3pez Obrador, quien se ha empe\u00f1ado en desactivar inicialmente, para luego desaparecer el Instituto Nacional de Transparencia, Acceso a la Informaci\u00f3n y Protecci\u00f3n de Datos Personales (INAI), por la simple y sencilla raz\u00f3n de que fue creado por el bloque conservador, por la llamada sociedad civil, como fachada para \u201cencubrir actos de corrupci\u00f3n\u201d.&nbsp;Dichos&nbsp;emitidos sin la carga de la prueba correspondiente.&nbsp;<\/p>\n\n\n\n<p>Mientras no haya pruebas de que el INAI y el IVAI son fachada para encubrir actos de corrupci\u00f3n, lo que se diga al respecto queda en el \u00e1mbito de lo que popularmente se conoce como chisme y de esos amables lectoras y lectores, ya tenemos muchos y de sobra, pues el difamar para que algo quede puede ser considerado ya como deporte nacional.<\/p>\n\n\n\n<p><strong>DESDE LA ATENAS<\/strong>&nbsp;\u2026. Varios de los aspirantes a la rector\u00eda de la Universidad Veracruzana se han reunido en los \u00faltimos d\u00edas, para juntos solicitar una audiencia con el rector de la UV,&nbsp;el doctor Mart\u00edn Gerardo Aguilar S\u00e1nchez a quien le plantear\u00e1n algunos aspectos o nichos de oportunidad en nuestra m\u00e1xima casa de estudios.<\/p>\n\n\n\n<p>La reuni\u00f3n con el rector de la UV la promueven los ex aspirantes para este lunes 24 de abril.<\/p>\n\n\n\n<p><strong>\u00bfQU\u00c9 NOS PASA?<\/strong>&nbsp;\u2026&nbsp;Por cierto, all\u00e1 en la ciudad de Xalapa gener\u00f3 inquietud el asesinato de la joven enfermera del Centro Estatal de Cancerolog\u00eda (CECAN),&nbsp;Yarazeth&nbsp;Zepeta&nbsp;Garc\u00eda, quien fue hallada sin vida en su domicilio de la colonia Veracruz.<\/p>\n\n\n\n<p>A la enfermera la golpearon los supuestos asaltantes que se llevaron algunas de sus pertenencias.<\/p>\n\n\n\n<p><strong>LO SECARON \u2026<\/strong>&nbsp;Triste el final del buque ca\u00f1onero Guanajuato C-07, que a casi quince a\u00f1os de que fuera atracado en el muelle del malec\u00f3n de la cabecera municipal de Boca del R\u00edo, en las aguas del r\u00edo Jamapa, para convertirse en el primer museo naval interactivo de Latinoam\u00e9rica, ya fue condenado a venderse como fierro viejo por la m\u00f3dica cantidad de 1.6 millones de pesos.<\/p>\n\n\n\n<p>Este buque que&nbsp;se mantuvo activo al servicio de la Armada de M\u00e9xico, durante 65 a\u00f1os, muchos de los cuales fue escuela para los estudiantes del Heroico Colegio Naval, fue donado por el gobierno federal al del estado de Veracruz, en 2001.<\/p>\n\n\n\n<p>Varios a\u00f1os despu\u00e9s, en 2005, el gobierno estatal veracruzano lo entreg\u00f3 al ayuntamiento de Boca del R\u00edo, interesado en convertirlo en museo y as\u00ed volverlo atractivo tur\u00edstico para ese municipio, con el compromiso de repararlo y mantenerlo.<\/p>\n\n\n\n<p>A\u00f1os despu\u00e9s, en 2017, el cabildo municipal de Boca del R\u00edo autoriz\u00f3 ceder en comodato este buque a la empresa con raz\u00f3n social&nbsp;Acuaterra&nbsp;Ventus&nbsp;S.C., que adem\u00e1s de&nbsp;museo, lo convirti\u00f3 en restaurante, cantina, discoteca, sin darle mantenimiento y dejando el buque pr\u00e1cticamente a la deriva.<\/p>\n\n\n\n<p><strong>D\u00cdGALO SIN MIEDO<\/strong>&nbsp;\u2026 Al correo electr\u00f3nico<a href=\"mailto:guadalupehmar@yahoo.com\">guadalupehmar@yahoo.com<\/a><\/p>\n","protected":false},"excerpt":{"rendered":"<p>Guadalupe H. Mar Mira Pol\u00edtica ONUS PROBANDI&nbsp;\u2026&nbsp;Desde hace cientos de a\u00f1os, los jurisconsultos han promovido que:&nbsp;\u201cEl que afirma est\u00e1 obligado a probar\u201d,&nbsp;pues de no hacerlo se incurre en falsedad y hasta difamaci\u00f3n, que a su vez trae el descr\u00e9dito para quien como com\u00fanmente se dice, acusa \u201cde salivita\u201d&nbsp;o por ocurrencia. En M\u00e9xico el \u201cdifama que [&hellip;]<\/p>\n","protected":false},"author":2,"featured_media":0,"comment_status":"closed","ping_status":"closed","sticky":false,"template":"","format":"standard","meta":{"_jetpack_newsletter_access":"","_jetpack_dont_email_post_to_subs":false,"_jetpack_newsletter_tier_id":0,"_jetpack_memberships_contains_paywalled_content":false,"_jetpack_memberships_contains_paid_content":false,"footnotes":""},"categories":[70],"tags":[10310,985,13187,29146,195],"class_list":["post-105184","post","type-post","status-publish","format-standard","hentry","category-de-opinion","tag-inai","tag-ivai","tag-margarita-corro-mendoza","tag-martin-aguilar-sanchez-2","tag-veracruz"],"jetpack_featured_media_url":"","jetpack_sharing_enabled":true,"jetpack_shortlink":"https:\/\/wp.me\/s4Qcd3-lengua","_links":{"self":[{"href":"https:\/\/lospoliticosveracruz.com.mx\/index.php?rest_route=\/wp\/v2\/posts\/105184","targetHints":{"allow":["GET"]}}],"collection":[{"href":"https:\/\/lospoliticosveracruz.com.mx\/index.php?rest_route=\/wp\/v2\/posts"}],"about":[{"href":"https:\/\/lospoliticosveracruz.com.mx\/index.php?rest_route=\/wp\/v2\/types\/post"}],"author":[{"embeddable":true,"href":"https:\/\/lospoliticosveracruz.com.mx\/index.php?rest_route=\/wp\/v2\/users\/2"}],"replies":[{"embeddable":true,"href":"https:\/\/lospoliticosveracruz.com.mx\/index.php?rest_route=%2Fwp%2Fv2%2Fcomments&post=105184"}],"version-history":[{"count":2,"href":"https:\/\/lospoliticosveracruz.com.mx\/index.php?rest_route=\/wp\/v2\/posts\/105184\/revisions"}],"predecessor-version":[{"id":105191,"href":"https:\/\/lospoliticosveracruz.com.mx\/index.php?rest_route=\/wp\/v2\/posts\/105184\/revisions\/105191"}],"wp:attachment":[{"href":"https:\/\/lospoliticosveracruz.com.mx\/index.php?rest_route=%2Fwp%2Fv2%2Fmedia&parent=105184"}],"wp:term":[{"taxonomy":"category","embeddable":true,"href":"https:\/\/lospoliticosveracruz.com.mx\/index.php?rest_route=%2Fwp%2Fv2%2Fcategories&post=105184"},{"taxonomy":"post_tag","embeddable":true,"href":"https:\/\/lospoliticosveracruz.com.mx\/index.php?rest_route=%2Fwp%2Fv2%2Ftags&post=105184"}],"curies":[{"name":"wp","href":"https:\/\/api.w.org\/{rel}","templated":true}]}}