{"id":105388,"date":"2023-04-27T09:00:25","date_gmt":"2023-04-27T14:00:25","guid":{"rendered":"https:\/\/lospoliticosveracruz.com.mx\/?p=105388"},"modified":"2023-04-27T09:00:30","modified_gmt":"2023-04-27T14:00:30","slug":"el-rescate-de-los-espacios-deportivos-en-veracruz","status":"publish","type":"post","link":"https:\/\/lospoliticosveracruz.com.mx\/?p=105388","title":{"rendered":"EL RESCATE DE LOS ESPACIOS DEPORTIVOS EN VERACRUZ"},"content":{"rendered":"\n<p><strong>Luis Alberto Romero<br><\/strong><em>Hora cero<\/em><\/p>\n\n\n\n<p><em><br><\/em>En la presente administraci\u00f3n veracruzana es de destacar el rescate de los principales espacios deportivos en la zona conurbada Veracruz-Boca del R\u00edo.<\/p>\n\n\n\n<p>Ni siquiera en el bienio que encabez\u00f3 el panista Miguel \u00c1ngel Yunes se dio tanto apoyo al deporte en esta zona.<\/p>\n\n\n<div class=\"wp-block-image\">\n<figure class=\"alignleft size-medium\"><a href=\"https:\/\/lospoliticosveracruz.com.mx\/wp-content\/uploads\/2021\/10\/Zacauilt.jpg\"><img decoding=\"async\" src=\"https:\/\/lospoliticosveracruz.com.mx\/wp-content\/uploads\/2021\/10\/Zacauilt-150x300.jpg\" alt=\"\" class=\"wp-image-80558\"\/><\/a><\/figure><\/div>\n\n\n<p>Los resultados son evidentes, comenzando con la remodelaci\u00f3n del estadio \u201cBeto \u00c1vila\u201d, donde el pasado viernes 21 de abril se inaugur\u00f3 la temporada de la Liga Mexicana de Beisbol.<\/p>\n\n\n\n<p>Tambi\u00e9n hay que considerar la reconstrucci\u00f3n del estadio de futbol Luis \u201cPirata\u201d Fuente; la Arena Veracruz y, por si fuera poco, la zona conurbada Veracruz-Boca del R\u00edo contar\u00e1 con el Bachillerato Tecnol\u00f3gico de Educaci\u00f3n y Promoci\u00f3n Deportiva (BTED), con especialidad en beisbol, como resultado del trabajo en conjunto con el Gobierno Federal, y pronto ser\u00e1 inaugurado, de acuerdo con el anuncio del titular de la Secretar\u00eda de Educaci\u00f3n, Zenyazen Escobar Garc\u00eda.<\/p>\n\n\n\n<p>Xalapa no se queda atr\u00e1s; en la capital veracruzana se aplica una inversi\u00f3n millonaria en el Instituto Superior de M\u00fasica del Estado de Veracruz (ISMEV) y el Nido del Halc\u00f3n, cuyas obras fueron supervisadas en d\u00edas pasados por el gobernador Cuitl\u00e1huac Garc\u00eda y por Zenyazen Escobar. Esto sin contar la inversi\u00f3n que hace el Gobierno del Estado en la Torre Orgullo Veracruzano.<\/p>\n\n\n\n<p>Tambi\u00e9n se remodel\u00f3 el estadio \u201cHeriberto Jara Corona\u201d para ser sede, del 25 al 29 de abril, del Xalapa 2023 World Para Athletics Grand Prix con la participaci\u00f3n de 556 atletas de 24 pa\u00edses; es un evento donde Escobar Garc\u00eda y el Ejecutivo estatal fueron los anfitriones y dieron la bienvenida a la directora general de Comisi\u00f3n Nacional de Cultura F\u00edsica y Deporte (Conade), Ana Gabriela Guevara; a la presidenta del Comit\u00e9 Paral\u00edmpico Mexicano (Copame), Liliana Su\u00e1rez Carre\u00f3n; y al presidente del Comit\u00e9 Paral\u00edmpico de Las Am\u00e9ricas, Julio C\u00e9sar \u00c1vila Sarria.<\/p>\n\n\n\n<p>No solo en el rubro de la infraestructura escolar y deportiva se avanza en Veracruz, tambi\u00e9n en el plano acad\u00e9mico; por las acciones en favor de la comunidad educativa, una vez m\u00e1s Veracruz \u2014junto con Sonora y Colima\u2014 fue tomado en cuenta por el Gobierno de M\u00e9xico para poner en marcha la campa\u00f1a \u201cSi te drogas, te da\u00f1as\u201d, la cual tiene como objetivo prevenir el consumo de sustancias nocivas en los j\u00f3venes, principalmente el fentanilo; aunque no hay que olvidar que la Secretar\u00eda de Educaci\u00f3n de Veracruz (SEV) inici\u00f3 desde hace a\u00f1o y medio la campa\u00f1a \u201cNo te la juegues con las drogas\u201d que se difunde en las escuelas de Educaci\u00f3n Media Superior y Superior.<\/p>\n\n\n\n<p>Las giras de trabajo no faltan en la agenda del titular de la SEV, quien estuvo en la Ciudad de M\u00e9xico en una reuni\u00f3n con autoridades encabezadas por la secretaria de Educaci\u00f3n P\u00fablica, Leticia Ram\u00edrez Amaya; de igual forma, del 19 y 20 de abril comparti\u00f3 con la funcionaria federal en Canc\u00fan, Quintana Roo, en la LVII Reuni\u00f3n Nacional Plenaria Ordinaria del Consejo Nacional de Autoridades Educativas, y junto con el mandatario estatal, la acompa\u00f1\u00f3 el d\u00eda 21 en la supervisi\u00f3n del BTED, en Boca del R\u00edo.<\/p>\n\n\n\n<p>El funcionario del gabinete estatal encabez\u00f3 la 6.\u00aa Expo Feria Educativa que tuvo lugar el mi\u00e9rcoles 18 de abril en el World Trade Center en Boca del R\u00edo, donde dio a conocer que en cuatro a\u00f1os, a trav\u00e9s del Programa Estatal de Oferta Educativa, han sido rescatados 35 mil j\u00f3venes para que sigan sus estudios de nivel medio superior y superior, un dato muy importante porque se combate el abandono escolar.<\/p>\n\n\n\n<p>Son d\u00edas de trabajo intenso en la Secretar\u00eda de Educaci\u00f3n de Veracruz; por mucho, la dependencia que m\u00e1s actividad ha registrado en estos 4 a\u00f1os y cinco meses de la actual administraci\u00f3n estatal. @luisromero85<\/p>\n","protected":false},"excerpt":{"rendered":"<p>Luis Alberto RomeroHora cero En la presente administraci\u00f3n veracruzana es de destacar el rescate de los principales espacios deportivos en la zona conurbada Veracruz-Boca del R\u00edo. Ni siquiera en el bienio que encabez\u00f3 el panista Miguel \u00c1ngel Yunes se dio tanto apoyo al deporte en esta zona. Los resultados son evidentes, comenzando con la remodelaci\u00f3n [&hellip;]<\/p>\n","protected":false},"author":2,"featured_media":0,"comment_status":"closed","ping_status":"closed","sticky":false,"template":"","format":"standard","meta":{"_jetpack_newsletter_access":"","_jetpack_dont_email_post_to_subs":false,"_jetpack_newsletter_tier_id":0,"_jetpack_memberships_contains_paywalled_content":false,"_jetpack_memberships_contains_paid_content":false,"footnotes":""},"categories":[70],"tags":[1534,2488,38045,1510,1752,36727,12372],"class_list":["post-105388","post","type-post","status-publish","format-standard","hentry","category-de-opinion","tag-ayuntamiento-de-xalapa","tag-conade","tag-luis-pirata-fuente-3","tag-miguel-angel-yunes","tag-secretaria-de-educacion","tag-torre-orgullo-veracruzano-2","tag-zenyazen-escobar-garcia"],"jetpack_featured_media_url":"","jetpack_sharing_enabled":true,"jetpack_shortlink":"https:\/\/wp.me\/p4Qcd3-rpO","_links":{"self":[{"href":"https:\/\/lospoliticosveracruz.com.mx\/index.php?rest_route=\/wp\/v2\/posts\/105388","targetHints":{"allow":["GET"]}}],"collection":[{"href":"https:\/\/lospoliticosveracruz.com.mx\/index.php?rest_route=\/wp\/v2\/posts"}],"about":[{"href":"https:\/\/lospoliticosveracruz.com.mx\/index.php?rest_route=\/wp\/v2\/types\/post"}],"author":[{"embeddable":true,"href":"https:\/\/lospoliticosveracruz.com.mx\/index.php?rest_route=\/wp\/v2\/users\/2"}],"replies":[{"embeddable":true,"href":"https:\/\/lospoliticosveracruz.com.mx\/index.php?rest_route=%2Fwp%2Fv2%2Fcomments&post=105388"}],"version-history":[{"count":1,"href":"https:\/\/lospoliticosveracruz.com.mx\/index.php?rest_route=\/wp\/v2\/posts\/105388\/revisions"}],"predecessor-version":[{"id":105389,"href":"https:\/\/lospoliticosveracruz.com.mx\/index.php?rest_route=\/wp\/v2\/posts\/105388\/revisions\/105389"}],"wp:attachment":[{"href":"https:\/\/lospoliticosveracruz.com.mx\/index.php?rest_route=%2Fwp%2Fv2%2Fmedia&parent=105388"}],"wp:term":[{"taxonomy":"category","embeddable":true,"href":"https:\/\/lospoliticosveracruz.com.mx\/index.php?rest_route=%2Fwp%2Fv2%2Fcategories&post=105388"},{"taxonomy":"post_tag","embeddable":true,"href":"https:\/\/lospoliticosveracruz.com.mx\/index.php?rest_route=%2Fwp%2Fv2%2Ftags&post=105388"}],"curies":[{"name":"wp","href":"https:\/\/api.w.org\/{rel}","templated":true}]}}