{"id":105446,"date":"2023-04-28T09:25:18","date_gmt":"2023-04-28T14:25:18","guid":{"rendered":"https:\/\/lospoliticosveracruz.com.mx\/?p=105446"},"modified":"2023-04-28T09:25:22","modified_gmt":"2023-04-28T14:25:22","slug":"eufemismos-2","status":"publish","type":"post","link":"https:\/\/lospoliticosveracruz.com.mx\/?p=105446","title":{"rendered":"EUFEMISMOS"},"content":{"rendered":"\n<p><\/p>\n\n\n\n<p><strong>Sergio Gonz\u00e1lez Levet<\/strong><\/p>\n\n\n\n<p><em>Sin tacto<\/em><\/p>\n\n\n\n<p>Hace algunos d\u00edas puse un chascarrillo en mi twitter y en \u00e9l me refer\u00ed a quienes tienen alg\u00fan impedimento f\u00edsico como \u201cdiscapacitados\u201d. De inmediato, vino una peque\u00f1a andanada de invectivas en mi contra porque me hab\u00eda atrevido a usar ese t\u00e9rmino, en lugar de la advocaci\u00f3n que, me dec\u00edan, era la correcta: \u201cpersonas con discapacidad\u201d.<\/p>\n\n\n<div class=\"wp-block-image\">\n<figure class=\"alignleft size-full is-resized\"><a href=\"https:\/\/lospoliticosveracruz.com.mx\/wp-content\/uploads\/2023\/04\/Alex-Dore-Pole-Dance.jpg\"><img loading=\"lazy\" decoding=\"async\" src=\"https:\/\/lospoliticosveracruz.com.mx\/wp-content\/uploads\/2023\/04\/Alex-Dore-Pole-Dance.jpg\" alt=\"\" class=\"wp-image-104879\" width=\"175\" height=\"175\" srcset=\"https:\/\/lospoliticosveracruz.com.mx\/wp-content\/uploads\/2023\/04\/Alex-Dore-Pole-Dance.jpg 700w, https:\/\/lospoliticosveracruz.com.mx\/wp-content\/uploads\/2023\/04\/Alex-Dore-Pole-Dance-300x300.jpg 300w, https:\/\/lospoliticosveracruz.com.mx\/wp-content\/uploads\/2023\/04\/Alex-Dore-Pole-Dance-150x150.jpg 150w, https:\/\/lospoliticosveracruz.com.mx\/wp-content\/uploads\/2023\/04\/Alex-Dore-Pole-Dance-125x125.jpg 125w\" sizes=\"auto, (max-width: 175px) 100vw, 175px\" \/><\/a><\/figure><\/div>\n\n\n<p>&nbsp;&nbsp;&nbsp;&nbsp; Yo respond\u00ed a los se\u00f1alamientos -algunos de ellos francamente insultantes, como se ha hecho perniciosa costumbre en las redes- aduciendo que, aunque los hab\u00eda nombrado de una manera que cierta gente consideraba incorrecta, lo cierto era que durante toda mi carrera profesional siempre he procurado guardar el mayor respeto hacia quienes tienen alg\u00fan tipo de desventaja, ya sea org\u00e1nica, f\u00edsica, mental o social.<\/p>\n\n\n\n<p>&nbsp;&nbsp;&nbsp;&nbsp; Esa raz\u00f3n no vali\u00f3 para mis censores, y les pregunt\u00e9 varias veces, sin obtener respuesta alguna en ese sentido, si para ellos era m\u00e1s importante la nomenclatura que las acciones. O m\u00e1s bien me dejaron entender que s\u00ed, que si no los nombraba de la manera pol\u00edticamente correcta, de nada val\u00eda lo que pudiera hacer en su favor.<\/p>\n\n\n\n<p>&nbsp;&nbsp;&nbsp;&nbsp; En lo personal y como ling\u00fcista, no creo que tengamos que caer en eufemismos para dirigirnos a ciertos grupos sociales o tipos de individuos. A m\u00ed me gusta llamarle ciegos a los invidentes, y viejos a las personas con juventud acumulada.<\/p>\n\n\n\n<p>&nbsp;&nbsp;&nbsp;&nbsp; (Recuerdo que el gran poeta y periodista Renato Leduc, si me perdonan el s\u00edmil, dec\u00eda que a \u00e9l le daba mucha pena decir la palabra \u201cpompis\u201d, que se le hac\u00eda vulgar y rid\u00edcula, cuando exist\u00eda la sana y castiza expresi\u00f3n \u201cnalgas\u201d).<\/p>\n\n\n\n<p>&nbsp;&nbsp;&nbsp;&nbsp; No pude convencer a mis furibundos acusadores, que ante mis argumentos fueron subiendo de tono hasta llamarme insensible, racista, necio\u2026 clasista, oligarca, adversario -ah no, estos tres \u00faltimos son de otra parte, ya saben de qui\u00e9n-, y culminaron con francas groser\u00edas volcadas contra mi persona y contra algunas otras de mi ascendencia directa.<\/p>\n\n\n\n<p>&nbsp;&nbsp;&nbsp;&nbsp; A veces, con la intenci\u00f3n de evitar palabras que pueden resultar ofensivas, terminamos por hacer m\u00e1s evidente una especie de discriminaci\u00f3n pasiva. Sucede con los gringos, que han terminado por culpabilizar la palabra \u201cnegro\u201d para referirse a las personas de color que durante los dos primeros siglos de su historia como pa\u00eds trataron de la forma m\u00e1s despectiva, injusta e inhumana. Es tanto su complejo de culpa, que ahora les dicen, comedidamente, \u201cafroamericanos\u201d, aunque no faltan muchos sure\u00f1os y los WASP tipo Trump (White, Anglo-Saxon, Protestant) que siguen pensando que son inferiores y hay que regresar al apartheid.<\/p>\n\n\n\n<p>&nbsp;&nbsp;&nbsp;&nbsp; Un argumento \u00faltimo en favor de lo que opino respecto de las nominaciones viene de algunos mexicanos de prosapia que han sido sumamente respetuosos de la esencia del nacionalismo, y que desde\u00f1aban usar la palabra \u201cind\u00edgenas\u201d para dirigirse con una conmiseraci\u00f3n hip\u00f3crita a los \u201cindios\u201d, tan vapuleados desde la conquista de Cort\u00e9s hasta nuestros d\u00edas. Ellos fueron el escritor Eraclio Zepeda y el antrop\u00f3logo Fernando Ben\u00edtez, autor por cierto de la obra m\u00e1s completa y valiosa sobre los grupos prehisp\u00e1nicos: Los indios de M\u00e9xico.<\/p>\n\n\n\n<p>sglevet@gmail.co<\/p>\n","protected":false},"excerpt":{"rendered":"<p>Sergio Gonz\u00e1lez Levet Sin tacto Hace algunos d\u00edas puse un chascarrillo en mi twitter y en \u00e9l me refer\u00ed a quienes tienen alg\u00fan impedimento f\u00edsico como \u201cdiscapacitados\u201d. De inmediato, vino una peque\u00f1a andanada de invectivas en mi contra porque me hab\u00eda atrevido a usar ese t\u00e9rmino, en lugar de la advocaci\u00f3n que, me dec\u00edan, era [&hellip;]<\/p>\n","protected":false},"author":2,"featured_media":0,"comment_status":"closed","ping_status":"closed","sticky":false,"template":"","format":"standard","meta":{"_jetpack_newsletter_access":"","_jetpack_dont_email_post_to_subs":false,"_jetpack_newsletter_tier_id":0,"_jetpack_memberships_contains_paywalled_content":false,"_jetpack_memberships_contains_paid_content":false,"footnotes":""},"categories":[70],"tags":[8299,1282],"class_list":["post-105446","post","type-post","status-publish","format-standard","hentry","category-de-opinion","tag-personas-con-discapacidad","tag-sergio-gonzalez-levet"],"jetpack_featured_media_url":"","jetpack_sharing_enabled":true,"jetpack_shortlink":"https:\/\/wp.me\/p4Qcd3-rqK","_links":{"self":[{"href":"https:\/\/lospoliticosveracruz.com.mx\/index.php?rest_route=\/wp\/v2\/posts\/105446","targetHints":{"allow":["GET"]}}],"collection":[{"href":"https:\/\/lospoliticosveracruz.com.mx\/index.php?rest_route=\/wp\/v2\/posts"}],"about":[{"href":"https:\/\/lospoliticosveracruz.com.mx\/index.php?rest_route=\/wp\/v2\/types\/post"}],"author":[{"embeddable":true,"href":"https:\/\/lospoliticosveracruz.com.mx\/index.php?rest_route=\/wp\/v2\/users\/2"}],"replies":[{"embeddable":true,"href":"https:\/\/lospoliticosveracruz.com.mx\/index.php?rest_route=%2Fwp%2Fv2%2Fcomments&post=105446"}],"version-history":[{"count":1,"href":"https:\/\/lospoliticosveracruz.com.mx\/index.php?rest_route=\/wp\/v2\/posts\/105446\/revisions"}],"predecessor-version":[{"id":105447,"href":"https:\/\/lospoliticosveracruz.com.mx\/index.php?rest_route=\/wp\/v2\/posts\/105446\/revisions\/105447"}],"wp:attachment":[{"href":"https:\/\/lospoliticosveracruz.com.mx\/index.php?rest_route=%2Fwp%2Fv2%2Fmedia&parent=105446"}],"wp:term":[{"taxonomy":"category","embeddable":true,"href":"https:\/\/lospoliticosveracruz.com.mx\/index.php?rest_route=%2Fwp%2Fv2%2Fcategories&post=105446"},{"taxonomy":"post_tag","embeddable":true,"href":"https:\/\/lospoliticosveracruz.com.mx\/index.php?rest_route=%2Fwp%2Fv2%2Ftags&post=105446"}],"curies":[{"name":"wp","href":"https:\/\/api.w.org\/{rel}","templated":true}]}}