{"id":105906,"date":"2023-05-10T21:46:23","date_gmt":"2023-05-11T02:46:23","guid":{"rendered":"https:\/\/lospoliticosveracruz.com.mx\/?p=105906"},"modified":"2023-05-10T21:50:41","modified_gmt":"2023-05-11T02:50:41","slug":"el-planton-sera-logisticamente-ordenado-ante-la-corte","status":"publish","type":"post","link":"https:\/\/lospoliticosveracruz.com.mx\/?p=105906","title":{"rendered":"EL PLANT\u00d3N ser\u00e1 log\u00edsticamente \u201cordenado\u201d ante la Corte"},"content":{"rendered":"\n<p><\/p>\n\n\n\n<p><strong>Jos\u00e9 Luis Enr\u00edquez Ambell<br><\/strong><em>Caf\u00e9 de Ma\u00f1ana<\/em><\/p>\n\n\n\n<p>Contrario a lo visto en expresiones de la izquierda en los plantones, las marchas y otras manifestaciones sociales, hoy se observa una especie de madurez en la cultura de las manifestaciones, y esto la poblaci\u00f3n debemos agradecerlo dado que se evitan da\u00f1os a terceros.<\/p>\n\n\n<div class=\"wp-block-image\">\n<figure class=\"alignleft size-full is-resized\"><a href=\"https:\/\/lospoliticosveracruz.com.mx\/wp-content\/uploads\/2023\/02\/Vinissimo.jpg\"><img loading=\"lazy\" decoding=\"async\" src=\"https:\/\/lospoliticosveracruz.com.mx\/wp-content\/uploads\/2023\/02\/Vinissimo.jpg\" alt=\"\" class=\"wp-image-102752\" width=\"175\" height=\"178\"\/><\/a><\/figure><\/div>\n\n\n<p>El reclamo ciudadano parece entender que en forma pac\u00edfica tambi\u00e9n se puede llevar a cabo est\u00e1s acciones, m\u00e1s all\u00e1 de ser por causas justas, con raz\u00f3n o no, y aunque no siempre este m\u00fasculo debe moverse con un \u00e1nimo agresivo.<\/p>\n\n\n\n<p>Tambi\u00e9n, estas manifestaciones hacen se mueva la econom\u00eda en el sector del comercio; formal e informal pues, igual mueve acciones que dinamizan a pagos de cr\u00e9dito, con d\u00e9bito y en efectivo.<\/p>\n\n\n\n<p>Las fuerzas oficiales de Veracruz &#8211; Jefe del Poder Ejecutivo y los legisladores locales y federales, y quienes se sumen &#8211; han avisado que el s\u00e1bado 20 de mayo se estar\u00e1n plantando frente a la sede de la Corte en la CDMX.<\/p>\n\n\n\n<p>Tengo la impresi\u00f3n que se desplegar\u00e1 un aparato log\u00edstico coordinado por lo que hace a la movilidad con seguridad necesaria que evite riesgos de traslado y acci\u00f3n en la capital metropolitana del Pa\u00eds.<\/p>\n\n\n\n<p>Don Andr\u00e9s Manuel L\u00f3pez Obrador, fue y ha sido un promotor de las marchas en M\u00e9xico durante treinta a\u00f1os, tiene una gran experiencia encabezando causas de esa naturaleza y que le da poder ante sus seguidores, y esos episodios en la historia de marchas y plantones entre 2006 y 2012 de Don Andr\u00e9s Manuel, los antecedentes dicen que sus adversarios lo usaron en su contra desprestigi\u00e1ndolo por los da\u00f1os y las p\u00e9rdidas econ\u00f3micas que causaron al comercio, afectaciones a negocios y viviendas, pero se espera que en esta ocasi\u00f3n la expresi\u00f3n que promueven no exceda ni pase a un piso distante a la concordia, y que contribuya a no elevar el grado de polarizaci\u00f3n del Pa\u00eds y sobre todo entre \u00ablos Poderes de la Uni\u00f3n; Legislativo, Ejecutivo y Judicial.\u00bb<\/p>\n\n\n\n<p>Los insultos en marchas y plantones no promueven el di\u00e1logo ni los acuerdos, y solo terminan acrecentando los \u00e1nimos del enojo y mal humor social.<\/p>\n\n\n\n<p>Los patrones sociales han cambiado en M\u00e9xico, debemos reconocerlo, pues no es com\u00fan observar a un Presidente en las calles marchando, ni a Gobernadores manifestarse en plantones ante otro de los Poderes.<\/p>\n\n\n\n<p>Ahora los patrones sociales &#8211; conducta y situaci\u00f3n, cambiaron &#8211; y creo, veremos otras expresiones similares de aqu\u00ed en adelante, ojal\u00e1 sean sin insultos.<\/p>\n\n\n\n<p><strong>UN CAF\u00c9 CON DOBLE CARGA<\/strong><\/p>\n\n\n\n<p>Creo que los \u00abviajeros frecuentes\u00bb de las dependencias y entidades p\u00fablicas que acudan a este tipo de expresiones han de poner a prueba la \u00abeficacia\u00bb y la \u00abeficiencia\u00bb de los responsables de las \u00e1reas de administraci\u00f3n, contralor\u00edas y acceso a la informaci\u00f3n, para que los gastos por vi\u00e1ticos se justifiquen en fin de semana.<\/p>\n\n\n\n<p><strong>DE SOBREMESA<\/strong><\/p>\n\n\n\n<p>El gobernador Don Cuitl\u00e1huac Garc\u00eda Jim\u00e9nez, anunci\u00f3 que asistir\u00e1 el s\u00e1bado 20 de mayo a \u00abla concentraci\u00f3n pac\u00edfica\u00bb en la sede de la Suprema Corte de Justicia de la Naci\u00f3n, para protestar en contra de la invalidez del Plan B del Presidente de M\u00e9xico, Don Andr\u00e9s Manuel L\u00f3pez Obrador. El ejecutivo del estado anunci\u00f3 a trav\u00e9s de sus redes sociales, que se trata de la defensa de la Soberan\u00eda del pueblo en contra de la corrupci\u00f3n.<\/p>\n\n\n\n<p><strong>UN CAF\u00c9 PARA LLEVAR<\/strong><\/p>\n\n\n\n<p>Se est\u00e1 cocinando a muy fuego lento la convocatoria en el Honorable Congreso de Veracruz para registrar, evaluar, sancionar y designar a los contralores internos en los organismos aut\u00f3nomos de Veracruz por segunda ocasi\u00f3n en su historia, as\u00ed que en d\u00edas por venir, los actuales OIC podr\u00edan ser relevados, ratificados, promovidos, destituidos, sacionados o hasta premiados.<\/p>\n\n\n\n<p><strong>UN LECHERO LIGHT DIVORCIADO<\/strong><\/p>\n\n\n\n<p>En julio de 2018 la LXIV Legislatura del Estado tom\u00f3 protesta a los contralores internos de los organismos aut\u00f3nomos del Estado &#8211; FGE, ORFIS, TEJAV (ahora Trijaev), OPLE, CEDH, IVAI, CEAPP y H. CONGRESO &#8211; \u00aby por mayor\u00eda calificada del pleno.\u00bb<\/p>\n\n\n\n<p>\u00a1 ES CUANTO !<\/p>\n\n\n\n<p>enriquezambell@gmail<\/p>\n","protected":false},"excerpt":{"rendered":"<p>Jos\u00e9 Luis Enr\u00edquez AmbellCaf\u00e9 de Ma\u00f1ana Contrario a lo visto en expresiones de la izquierda en los plantones, las marchas y otras manifestaciones sociales, hoy se observa una especie de madurez en la cultura de las manifestaciones, y esto la poblaci\u00f3n debemos agradecerlo dado que se evitan da\u00f1os a terceros. El reclamo ciudadano parece entender [&hellip;]<\/p>\n","protected":false},"author":2,"featured_media":0,"comment_status":"closed","ping_status":"closed","sticky":false,"template":"","format":"standard","meta":{"_jetpack_newsletter_access":"","_jetpack_dont_email_post_to_subs":false,"_jetpack_newsletter_tier_id":0,"_jetpack_memberships_contains_paywalled_content":false,"_jetpack_memberships_contains_paid_content":false,"footnotes":""},"categories":[70],"tags":[618,1563,8383,932,186,1026,187],"class_list":["post-105906","post","type-post","status-publish","format-standard","hentry","category-de-opinion","tag-andres-manuel-lopez-obrador","tag-cuitlahuac-garcia-jimenez","tag-jose-luis-enriquez-ambell","tag-manifestaciones","tag-marchas","tag-morena","tag-plantones"],"jetpack_featured_media_url":"","jetpack_sharing_enabled":true,"jetpack_shortlink":"https:\/\/wp.me\/p4Qcd3-rya","_links":{"self":[{"href":"https:\/\/lospoliticosveracruz.com.mx\/index.php?rest_route=\/wp\/v2\/posts\/105906","targetHints":{"allow":["GET"]}}],"collection":[{"href":"https:\/\/lospoliticosveracruz.com.mx\/index.php?rest_route=\/wp\/v2\/posts"}],"about":[{"href":"https:\/\/lospoliticosveracruz.com.mx\/index.php?rest_route=\/wp\/v2\/types\/post"}],"author":[{"embeddable":true,"href":"https:\/\/lospoliticosveracruz.com.mx\/index.php?rest_route=\/wp\/v2\/users\/2"}],"replies":[{"embeddable":true,"href":"https:\/\/lospoliticosveracruz.com.mx\/index.php?rest_route=%2Fwp%2Fv2%2Fcomments&post=105906"}],"version-history":[{"count":1,"href":"https:\/\/lospoliticosveracruz.com.mx\/index.php?rest_route=\/wp\/v2\/posts\/105906\/revisions"}],"predecessor-version":[{"id":105907,"href":"https:\/\/lospoliticosveracruz.com.mx\/index.php?rest_route=\/wp\/v2\/posts\/105906\/revisions\/105907"}],"wp:attachment":[{"href":"https:\/\/lospoliticosveracruz.com.mx\/index.php?rest_route=%2Fwp%2Fv2%2Fmedia&parent=105906"}],"wp:term":[{"taxonomy":"category","embeddable":true,"href":"https:\/\/lospoliticosveracruz.com.mx\/index.php?rest_route=%2Fwp%2Fv2%2Fcategories&post=105906"},{"taxonomy":"post_tag","embeddable":true,"href":"https:\/\/lospoliticosveracruz.com.mx\/index.php?rest_route=%2Fwp%2Fv2%2Ftags&post=105906"}],"curies":[{"name":"wp","href":"https:\/\/api.w.org\/{rel}","templated":true}]}}